{"id":60598,"date":"2019-04-15T11:16:31","date_gmt":"2019-04-15T09:16:31","guid":{"rendered":"https:\/\/cardamomo.com\/es\/?p=60598"},"modified":"2025-12-11T13:31:53","modified_gmt":"2025-12-11T12:31:53","slug":"ayudar-a-la-formacion-de-futuros-artistas-y-nuevos-aficionados-al-flamenco","status":"publish","type":"post","link":"https:\/\/cardamomo.com\/zh\/25-aniversario-de-cardamomo-en-el-dia-internacional-del-flamenco-y-i-muestra-becas-cardamomo\/","title":{"rendered":"25 Aniversario de Cardamomo en el D\u00eda Internacional del Flamenco y I Muestra Becas Cardamomo."},"content":{"rendered":"<p class=\"qtranxs-available-languages-message qtranxs-available-languages-message-zh\">\u5bf9\u4e0d\u8d77\uff0c\u6b64\u5185\u5bb9\u53ea\u9002\u7528\u4e8e<a href=\"https:\/\/cardamomo.com\/es\/wp-json\/wp\/v2\/posts\/60598\" class=\"qtranxs-available-language-link qtranxs-available-language-link-es\" title=\"Espa\u00f1ol\">Espa\u00f1ol<\/a>\u548c<a href=\"https:\/\/cardamomo.com\/en\/wp-json\/wp\/v2\/posts\/60598\" class=\"qtranxs-available-language-link qtranxs-available-language-link-en\" title=\"English\">English<\/a>\u3002<\/p><p><\/p>\n<h2 style=\"text-align: center;\"><strong><em>Antonio Carmona, Antonio Canales, Juan Andr\u00e9s Maya y los ni\u00f1os part\u00edcipes de Becas Cardamomo protagonistas del XXV Aniversario del tablao Flamenco.<\/em><\/strong><\/h2>\n<p>Coincidiendo con el <strong>D\u00eda Internacional del Flamenco<\/strong> Cardamomo tablao Flamenco celebr\u00f3 <strong>veinticinco a\u00f1os<\/strong> dedicados al arte flamenco (1994-2019) de una forma muy especial.<\/p>\n<p>La celebraci\u00f3n tuvo lugar en el tablao flamenco con una <strong>actuaci\u00f3n protagonizada por los ni\u00f1os y ni\u00f1as becados<\/strong> por nuestro proyecto solidario <strong>BECAS CARDAMOMO.<\/strong><\/p>\n<p>Acudieron los maestros <strong>Antonio Carmona,<\/strong> <a href=\"https:\/\/cardamomo.com\/es\/blog\/antonio-canales-en-cardamomo-tablao-flamenco-madrid\/\"><strong>Antonio Canales<\/strong><\/a> y <a href=\"https:\/\/cardamomo.com\/es\/blog\/entrevista-a-juan-andres-maya\/\"><strong>Juan Andr\u00e9s Maya<\/strong><\/a>. Comprometidos con el proyecto, aconsejaron y animaron a los ni\u00f1os a continuar form\u00e1ndose para conservar el legado del arte Flamenco.<\/p>\n<blockquote>\n<h3 style=\"text-align: center;\">Un acontecimiento inolvidable en el que ni\u00f1os y adultos disfrutaron de su pasi\u00f3n en com\u00fan:<\/h3>\n<h3 style=\"text-align: center;\"><strong>El Flamenco.\u00a0<\/strong><\/h3>\n<\/blockquote>\n<p>Muchos medios de comunicaci\u00f3n se hicieron eco de la noticia, ya que el talento que demostraron durante la actuaci\u00f3n los ni\u00f1os y ni\u00f1as becados fue impresionante.<\/p>\n<p>Las Becas Cardamomo es una <strong>iniciativa solidaria<\/strong> que tiene como objetivo <strong>ayudar a la formaci\u00f3n de futuros artistas <\/strong>del arte flamenco, as\u00ed como la creaci\u00f3n de <strong>nuevos aficionados<\/strong>, favoreciendo el desarrollo de la cultura flamenca.<\/p>\n<p>Est\u00e1n destinadas a los ni\u00f1os y ni\u00f1as con edades comprendidas <strong>entre 6 y 16 a\u00f1os<\/strong> que est\u00e9n desarrollando alguna capacidad art\u00edstica (<strong>Baile, cante, percusi\u00f3n y\/o guitarra<\/strong>).<\/p>\n<p>Los ni\u00f1os y ni\u00f1as becados reciben <strong>instrumentos, vestuario y masterclass<\/strong> impartidas por profesionales. Adem\u00e1s de la posibilidad de participar en un <strong>fin de fiesta del espect\u00e1culo, <\/strong>lo que les permite ganar experiencia y aprender de artistas consagrados.<\/p>\n<p>Con las Becas Cardamomo pretendemos favorecer la integraci\u00f3n de las promesas del arte <a href=\"https:\/\/cardamomo.com\/es\/flamenco-experience\/\">Flamenco<\/a>, y romper con la exclusi\u00f3n que sufre este arte. Consideramos imprescindible empezar la formaci\u00f3n en Flamenco desde edades tempranas.<\/p>\n<p>Son ya <strong>m\u00e1s de veinte ni\u00f1os y ni\u00f1as<\/strong> los que han sido <strong>becados<\/strong>. La iniciativa ha tenido una excelente acogida en Madrid y otras ciudades como Jerez, C\u00f3rdoba o Granada.<\/p>\n<p><strong>Las Becas Cardamomo se adaptan a las necesidades y circunstancias particulares.<\/strong><\/p>\n<p>El equipo de Cardamomo estudia cada caso en profundidad, actuando siempre en<strong> beneficio del ni\u00f1o o ni\u00f1a becado.<\/strong><\/p>\n<blockquote>\n<h3>Todos los artistas coinciden, &#8220;<strong>El talento, el arte y el duende<\/strong> con el que se han encontrado es espectacular&#8221;.<\/h3>\n<\/blockquote>\n<p><em>&#8220;Muchas\u00a0 familias no cuentan con recursos ni medios para facilitar esta formaci\u00f3n, y es una aut\u00e9ntica pena que la econom\u00eda o unas circunstancias sociales desfavorables disuelvan el talento y la ilusi\u00f3n de los ni\u00f1os y ni\u00f1as que participan en las I BECAS CARDAMOMO&#8221;.<\/em><\/p>\n<p><em>&#8220;No pretendemos que sean super estrellas. Simplemente queremos acercar la realidad del Flamenco a las nuevas generaciones que viven y sienten este arte como suyo. Hacerles comprender que El Flamenco es un oficio tan digno como otro cualquiera, y que para dedicarse a ello es esencial tener una buena formaci\u00f3n&#8221;.<\/em><\/p>\n<h6>(Patricia Esp\u00edn. Responsable de Comunicaci\u00f3n).<\/h6>\n<p>&nbsp;<\/p>","protected":false},"excerpt":{"rendered":"\u5bf9\u4e0d\u8d77\uff0c\u6b64\u5185\u5bb9\u53ea\u9002\u7528\u4e8eEspa\u00f1ol\u548cEnglish\u3002 Antonio Carmona, Antonio Ca&#8230;","protected":false},"author":1,"featured_media":73704,"comment_status":"closed","ping_status":"closed","sticky":false,"template":"","format":"standard","meta":{"_acf_changed":false,"inline_featured_image":false,"footnotes":""},"categories":[10],"tags":[],"class_list":["post-60598","post","type-post","status-publish","format-standard","has-post-thumbnail","hentry","category-tablao-cardamomo"],"acf":[],"yoast_head":"<!-- This site is optimized with the Yoast SEO plugin v27.4 - https:\/\/yoast.com\/product\/yoast-seo-wordpress\/ -->\n<title>25 Aniversario y I Muestra Becas Cardamomo Flamenco<\/title>\n<meta name=\"description\" content=\"Cardamomo tablao flamenco crea becas para la formaci\u00f3n de futuros artistas en el arte flamenco favoreciendo el desarrollo de la cultura flamenca.\" \/>\n<meta name=\"robots\" content=\"index, follow, max-snippet:-1, max-image-preview:large, max-video-preview:-1\" \/>\n<link rel=\"canonical\" href=\"\/\" \/>\n<meta property=\"og:locale\" content=\"zh_CN\" \/>\n<meta property=\"og:type\" content=\"article\" \/>\n<meta property=\"og:title\" content=\"25 Aniversario y I Muestra Becas Cardamomo Flamenco\" \/>\n<meta property=\"og:description\" content=\"Cardamomo tablao flamenco crea becas para la formaci\u00f3n de futuros artistas en el arte flamenco favoreciendo el desarrollo de la cultura flamenca.\" \/>\n<meta property=\"og:url\" content=\"https:\/\/cardamomo.com\/zh\/25-aniversario-de-cardamomo-en-el-dia-internacional-del-flamenco-y-i-muestra-becas-cardamomo\/\" \/>\n<meta property=\"og:site_name\" content=\"Cardamomo Flamenco Madrid\" \/>\n<meta property=\"article:published_time\" content=\"2019-04-15T09:16:31+00:00\" \/>\n<meta property=\"article:modified_time\" content=\"2025-12-11T12:31:53+00:00\" \/>\n<meta property=\"og:image\" content=\"https:\/\/cardamomo.ams3.digitaloceanspaces.com\/wp-content\/uploads\/2019\/04\/15115327\/web-3.jpg\" \/>\n\t<meta property=\"og:image:width\" content=\"960\" \/>\n\t<meta property=\"og:image:height\" content=\"1280\" \/>\n\t<meta property=\"og:image:type\" content=\"image\/jpeg\" \/>\n<meta name=\"author\" content=\"admin_cardamomo\" \/>\n<meta name=\"twitter:card\" content=\"summary_large_image\" \/>\n<meta name=\"twitter:label1\" content=\"\u4f5c\u8005\" \/>\n\t<meta name=\"twitter:data1\" content=\"admin_cardamomo\" \/>\n\t<meta name=\"twitter:label2\" content=\"\u9884\u8ba1\u9605\u8bfb\u65f6\u95f4\" \/>\n\t<meta name=\"twitter:data2\" content=\"3 \u5206\" \/>\n<script type=\"application\/ld+json\" class=\"yoast-schema-graph\">{\"@context\":\"https:\\\/\\\/schema.org\",\"@graph\":[{\"@type\":\"Article\",\"@id\":\"https:\\\/\\\/cardamomo.com\\\/es\\\/25-aniversario-de-cardamomo-en-el-dia-internacional-del-flamenco-y-i-muestra-becas-cardamomo\\\/#article\",\"isPartOf\":{\"@id\":\"https:\\\/\\\/cardamomo.com\\\/es\\\/25-aniversario-de-cardamomo-en-el-dia-internacional-del-flamenco-y-i-muestra-becas-cardamomo\\\/\"},\"author\":{\"name\":\"admin_cardamomo\",\"@id\":\"https:\\\/\\\/cardamomo.com\\\/es\\\/#\\\/schema\\\/person\\\/abfbca965cbb188c4c46a0520d55dbaf\"},\"headline\":\"25 Aniversario de Cardamomo en el D\u00eda Internacional del Flamenco y I Muestra Becas Cardamomo.\",\"datePublished\":\"2019-04-15T09:16:31+00:00\",\"dateModified\":\"2025-12-11T12:31:53+00:00\",\"mainEntityOfPage\":{\"@id\":\"https:\\\/\\\/cardamomo.com\\\/es\\\/25-aniversario-de-cardamomo-en-el-dia-internacional-del-flamenco-y-i-muestra-becas-cardamomo\\\/\"},\"wordCount\":976,\"image\":{\"@id\":\"https:\\\/\\\/cardamomo.com\\\/es\\\/25-aniversario-de-cardamomo-en-el-dia-internacional-del-flamenco-y-i-muestra-becas-cardamomo\\\/#primaryimage\"},\"thumbnailUrl\":\"https:\\\/\\\/cardamomo.ams3.digitaloceanspaces.com\\\/wp-content\\\/uploads\\\/2019\\\/04\\\/15115327\\\/web-3.jpg\",\"articleSection\":[\"Tablao Cardamomo\"],\"inLanguage\":\"zh-Hans\"},{\"@type\":\"WebPage\",\"@id\":\"https:\\\/\\\/cardamomo.com\\\/zh\\\/25-aniversario-de-cardamomo-en-el-dia-internacional-del-flamenco-y-i-muestra-becas-cardamomo\\\/\",\"url\":\"https:\\\/\\\/cardamomo.com\\\/zh\\\/25-aniversario-de-cardamomo-en-el-dia-internacional-del-flamenco-y-i-muestra-becas-cardamomo\\\/\",\"name\":\"25 Aniversario y I Muestra Becas Cardamomo Flamenco\",\"isPartOf\":{\"@id\":\"https:\\\/\\\/cardamomo.com\\\/zh\\\/#website\"},\"primaryImageOfPage\":{\"@id\":\"https:\\\/\\\/cardamomo.com\\\/zh\\\/25-aniversario-de-cardamomo-en-el-dia-internacional-del-flamenco-y-i-muestra-becas-cardamomo\\\/#primaryimage\"},\"image\":{\"@id\":\"https:\\\/\\\/cardamomo.com\\\/es\\\/25-aniversario-de-cardamomo-en-el-dia-internacional-del-flamenco-y-i-muestra-becas-cardamomo\\\/#primaryimage\"},\"thumbnailUrl\":\"https:\\\/\\\/cardamomo.ams3.digitaloceanspaces.com\\\/wp-content\\\/uploads\\\/2019\\\/04\\\/15115327\\\/web-3.jpg\",\"datePublished\":\"2019-04-15T09:16:31+00:00\",\"dateModified\":\"2025-12-11T12:31:53+00:00\",\"author\":{\"@id\":\"https:\\\/\\\/cardamomo.com\\\/es\\\/#\\\/schema\\\/person\\\/abfbca965cbb188c4c46a0520d55dbaf\"},\"description\":\"Cardamomo tablao flamenco crea becas para la formaci\u00f3n de futuros artistas en el arte flamenco favoreciendo el desarrollo de la cultura flamenca.\",\"breadcrumb\":{\"@id\":\"https:\\\/\\\/cardamomo.com\\\/zh\\\/25-aniversario-de-cardamomo-en-el-dia-internacional-del-flamenco-y-i-muestra-becas-cardamomo\\\/#breadcrumb\"},\"inLanguage\":\"zh-Hans\",\"potentialAction\":[{\"@type\":\"ReadAction\",\"target\":[[\"https:\\\/\\\/cardamomo.com\\\/zh\\\/25-aniversario-de-cardamomo-en-el-dia-internacional-del-flamenco-y-i-muestra-becas-cardamomo\\\/\"]]}]},{\"@type\":\"ImageObject\",\"inLanguage\":\"zh-Hans\",\"@id\":\"https:\\\/\\\/cardamomo.com\\\/zh\\\/25-aniversario-de-cardamomo-en-el-dia-internacional-del-flamenco-y-i-muestra-becas-cardamomo\\\/#primaryimage\",\"url\":\"https:\\\/\\\/cardamomo.ams3.digitaloceanspaces.com\\\/wp-content\\\/uploads\\\/2019\\\/04\\\/15115327\\\/web-3.jpg\",\"contentUrl\":\"https:\\\/\\\/cardamomo.ams3.digitaloceanspaces.com\\\/wp-content\\\/uploads\\\/2019\\\/04\\\/15115327\\\/web-3.jpg\",\"width\":960,\"height\":1280},{\"@type\":\"BreadcrumbList\",\"@id\":\"https:\\\/\\\/cardamomo.com\\\/zh\\\/25-aniversario-de-cardamomo-en-el-dia-internacional-del-flamenco-y-i-muestra-becas-cardamomo\\\/#breadcrumb\",\"itemListElement\":[{\"@type\":\"ListItem\",\"position\":1,\"name\":\"Cardamomo\",\"item\":\"https:\\\/\\\/cardamomo.com\\\/zh\\\/\"},{\"@type\":\"ListItem\",\"position\":2,\"name\":\"25 Aniversario de Cardamomo en el D\u00eda Internacional del Flamenco y I Muestra Becas Cardamomo.\"}]},{\"@type\":\"WebSite\",\"@id\":\"https:\\\/\\\/cardamomo.com\\\/zh\\\/#website\",\"url\":\"https:\\\/\\\/cardamomo.com\\\/zh\\\/\",\"name\":\"Cardamomo Flamenco Madrid\",\"description\":\"\",\"potentialAction\":[{\"@type\":\"SearchAction\",\"target\":{\"@type\":\"EntryPoint\",\"urlTemplate\":\"https:\\\/\\\/cardamomo.com\\\/zh\\\/?s={search_term_string}\"},\"query-input\":{\"@type\":\"PropertyValueSpecification\",\"valueRequired\":true,\"valueName\":\"search_term_string\"}}],\"inLanguage\":\"zh-Hans\"},{\"@type\":\"Person\",\"@id\":\"https:\\\/\\\/cardamomo.com\\\/es\\\/#\\\/schema\\\/person\\\/abfbca965cbb188c4c46a0520d55dbaf\",\"name\":\"admin_cardamomo\",\"image\":{\"@type\":\"ImageObject\",\"inLanguage\":\"zh-Hans\",\"@id\":\"https:\\\/\\\/secure.gravatar.com\\\/avatar\\\/74390b26a5e2b464e9c76f16c1e1a834a96863be28dd8c65644a4f9d210168b3?s=96&d=mm&r=g\",\"url\":\"https:\\\/\\\/secure.gravatar.com\\\/avatar\\\/74390b26a5e2b464e9c76f16c1e1a834a96863be28dd8c65644a4f9d210168b3?s=96&d=mm&r=g\",\"contentUrl\":\"https:\\\/\\\/secure.gravatar.com\\\/avatar\\\/74390b26a5e2b464e9c76f16c1e1a834a96863be28dd8c65644a4f9d210168b3?s=96&d=mm&r=g\",\"caption\":\"admin_cardamomo\"},\"sameAs\":[\"http:\\\/\\\/pro.cardamomo.com\"],\"url\":\"https:\\\/\\\/cardamomo.com\\\/zh\\\/author\\\/admin_cardamomo\\\/\"}]}<\/script>\n<!-- \/ Yoast SEO plugin. -->","yoast_head_json":{"title":"25 Aniversario y I Muestra Becas Cardamomo Flamenco","description":"Cardamomo tablao flamenco crea becas para la formaci\u00f3n de futuros artistas en el arte flamenco favoreciendo el desarrollo de la cultura flamenca.","robots":{"index":"index","follow":"follow","max-snippet":"max-snippet:-1","max-image-preview":"max-image-preview:large","max-video-preview":"max-video-preview:-1"},"canonical":"\/","og_locale":"zh_CN","og_type":"article","og_title":"25 Aniversario y I Muestra Becas Cardamomo Flamenco","og_description":"Cardamomo tablao flamenco crea becas para la formaci\u00f3n de futuros artistas en el arte flamenco favoreciendo el desarrollo de la cultura flamenca.","og_url":"https:\/\/cardamomo.com\/zh\/25-aniversario-de-cardamomo-en-el-dia-internacional-del-flamenco-y-i-muestra-becas-cardamomo\/","og_site_name":"Cardamomo Flamenco Madrid","article_published_time":"2019-04-15T09:16:31+00:00","article_modified_time":"2025-12-11T12:31:53+00:00","og_image":[{"width":960,"height":1280,"url":"https:\/\/cardamomo.ams3.digitaloceanspaces.com\/wp-content\/uploads\/2019\/04\/15115327\/web-3.jpg","type":"image\/jpeg"}],"author":"admin_cardamomo","twitter_card":"summary_large_image","twitter_misc":{"\u4f5c\u8005":"admin_cardamomo","\u9884\u8ba1\u9605\u8bfb\u65f6\u95f4":"3 \u5206"},"schema":{"@context":"https:\/\/schema.org","@graph":[{"@type":"Article","@id":"https:\/\/cardamomo.com\/es\/25-aniversario-de-cardamomo-en-el-dia-internacional-del-flamenco-y-i-muestra-becas-cardamomo\/#article","isPartOf":{"@id":"https:\/\/cardamomo.com\/es\/25-aniversario-de-cardamomo-en-el-dia-internacional-del-flamenco-y-i-muestra-becas-cardamomo\/"},"author":{"name":"admin_cardamomo","@id":"https:\/\/cardamomo.com\/es\/#\/schema\/person\/abfbca965cbb188c4c46a0520d55dbaf"},"headline":"25 Aniversario de Cardamomo en el D\u00eda Internacional del Flamenco y I Muestra Becas Cardamomo.","datePublished":"2019-04-15T09:16:31+00:00","dateModified":"2025-12-11T12:31:53+00:00","mainEntityOfPage":{"@id":"https:\/\/cardamomo.com\/es\/25-aniversario-de-cardamomo-en-el-dia-internacional-del-flamenco-y-i-muestra-becas-cardamomo\/"},"wordCount":976,"image":{"@id":"https:\/\/cardamomo.com\/es\/25-aniversario-de-cardamomo-en-el-dia-internacional-del-flamenco-y-i-muestra-becas-cardamomo\/#primaryimage"},"thumbnailUrl":"https:\/\/cardamomo.ams3.digitaloceanspaces.com\/wp-content\/uploads\/2019\/04\/15115327\/web-3.jpg","articleSection":["Tablao Cardamomo"],"inLanguage":"zh-Hans"},{"@type":"WebPage","@id":"https:\/\/cardamomo.com\/zh\/25-aniversario-de-cardamomo-en-el-dia-internacional-del-flamenco-y-i-muestra-becas-cardamomo\/","url":"https:\/\/cardamomo.com\/zh\/25-aniversario-de-cardamomo-en-el-dia-internacional-del-flamenco-y-i-muestra-becas-cardamomo\/","name":"25 Aniversario y I Muestra Becas Cardamomo Flamenco","isPartOf":{"@id":"https:\/\/cardamomo.com\/zh\/#website"},"primaryImageOfPage":{"@id":"https:\/\/cardamomo.com\/zh\/25-aniversario-de-cardamomo-en-el-dia-internacional-del-flamenco-y-i-muestra-becas-cardamomo\/#primaryimage"},"image":{"@id":"https:\/\/cardamomo.com\/es\/25-aniversario-de-cardamomo-en-el-dia-internacional-del-flamenco-y-i-muestra-becas-cardamomo\/#primaryimage"},"thumbnailUrl":"https:\/\/cardamomo.ams3.digitaloceanspaces.com\/wp-content\/uploads\/2019\/04\/15115327\/web-3.jpg","datePublished":"2019-04-15T09:16:31+00:00","dateModified":"2025-12-11T12:31:53+00:00","author":{"@id":"https:\/\/cardamomo.com\/es\/#\/schema\/person\/abfbca965cbb188c4c46a0520d55dbaf"},"description":"Cardamomo tablao flamenco crea becas para la formaci\u00f3n de futuros artistas en el arte flamenco favoreciendo el desarrollo de la cultura flamenca.","breadcrumb":{"@id":"https:\/\/cardamomo.com\/zh\/25-aniversario-de-cardamomo-en-el-dia-internacional-del-flamenco-y-i-muestra-becas-cardamomo\/#breadcrumb"},"inLanguage":"zh-Hans","potentialAction":[{"@type":"ReadAction","target":[["https:\/\/cardamomo.com\/zh\/25-aniversario-de-cardamomo-en-el-dia-internacional-del-flamenco-y-i-muestra-becas-cardamomo\/"]]}]},{"@type":"ImageObject","inLanguage":"zh-Hans","@id":"https:\/\/cardamomo.com\/zh\/25-aniversario-de-cardamomo-en-el-dia-internacional-del-flamenco-y-i-muestra-becas-cardamomo\/#primaryimage","url":"https:\/\/cardamomo.ams3.digitaloceanspaces.com\/wp-content\/uploads\/2019\/04\/15115327\/web-3.jpg","contentUrl":"https:\/\/cardamomo.ams3.digitaloceanspaces.com\/wp-content\/uploads\/2019\/04\/15115327\/web-3.jpg","width":960,"height":1280},{"@type":"BreadcrumbList","@id":"https:\/\/cardamomo.com\/zh\/25-aniversario-de-cardamomo-en-el-dia-internacional-del-flamenco-y-i-muestra-becas-cardamomo\/#breadcrumb","itemListElement":[{"@type":"ListItem","position":1,"name":"Cardamomo","item":"https:\/\/cardamomo.com\/zh\/"},{"@type":"ListItem","position":2,"name":"25 Aniversario de Cardamomo en el D\u00eda Internacional del Flamenco y I Muestra Becas Cardamomo."}]},{"@type":"WebSite","@id":"https:\/\/cardamomo.com\/zh\/#website","url":"https:\/\/cardamomo.com\/zh\/","name":"Cardamomo Flamenco Madrid","description":"","potentialAction":[{"@type":"SearchAction","target":{"@type":"EntryPoint","urlTemplate":"https:\/\/cardamomo.com\/zh\/?s={search_term_string}"},"query-input":{"@type":"PropertyValueSpecification","valueRequired":true,"valueName":"search_term_string"}}],"inLanguage":"zh-Hans"},{"@type":"Person","@id":"https:\/\/cardamomo.com\/es\/#\/schema\/person\/abfbca965cbb188c4c46a0520d55dbaf","name":"admin_cardamomo","image":{"@type":"ImageObject","inLanguage":"zh-Hans","@id":"https:\/\/secure.gravatar.com\/avatar\/74390b26a5e2b464e9c76f16c1e1a834a96863be28dd8c65644a4f9d210168b3?s=96&d=mm&r=g","url":"https:\/\/secure.gravatar.com\/avatar\/74390b26a5e2b464e9c76f16c1e1a834a96863be28dd8c65644a4f9d210168b3?s=96&d=mm&r=g","contentUrl":"https:\/\/secure.gravatar.com\/avatar\/74390b26a5e2b464e9c76f16c1e1a834a96863be28dd8c65644a4f9d210168b3?s=96&d=mm&r=g","caption":"admin_cardamomo"},"sameAs":["http:\/\/pro.cardamomo.com"],"url":"https:\/\/cardamomo.com\/zh\/author\/admin_cardamomo\/"}]}},"_links":{"self":[{"href":"https:\/\/cardamomo.com\/zh\/wp-json\/wp\/v2\/posts\/60598","targetHints":{"allow":["GET"]}}],"collection":[{"href":"https:\/\/cardamomo.com\/zh\/wp-json\/wp\/v2\/posts"}],"about":[{"href":"https:\/\/cardamomo.com\/zh\/wp-json\/wp\/v2\/types\/post"}],"author":[{"embeddable":true,"href":"https:\/\/cardamomo.com\/zh\/wp-json\/wp\/v2\/users\/1"}],"replies":[{"embeddable":true,"href":"https:\/\/cardamomo.com\/zh\/wp-json\/wp\/v2\/comments?post=60598"}],"version-history":[{"count":1,"href":"https:\/\/cardamomo.com\/zh\/wp-json\/wp\/v2\/posts\/60598\/revisions"}],"predecessor-version":[{"id":158132,"href":"https:\/\/cardamomo.com\/zh\/wp-json\/wp\/v2\/posts\/60598\/revisions\/158132"}],"wp:featuredmedia":[{"embeddable":true,"href":"https:\/\/cardamomo.com\/zh\/wp-json\/wp\/v2\/media\/73704"}],"wp:attachment":[{"href":"https:\/\/cardamomo.com\/zh\/wp-json\/wp\/v2\/media?parent=60598"}],"wp:term":[{"taxonomy":"category","embeddable":true,"href":"https:\/\/cardamomo.com\/zh\/wp-json\/wp\/v2\/categories?post=60598"},{"taxonomy":"post_tag","embeddable":true,"href":"https:\/\/cardamomo.com\/zh\/wp-json\/wp\/v2\/tags?post=60598"}],"curies":[{"name":"wp","href":"https:\/\/api.w.org\/{rel}","templated":true}]}}