{"id":158799,"date":"2026-03-30T15:20:43","date_gmt":"2026-03-30T13:20:43","guid":{"rendered":"https:\/\/cardamomo.com\/es\/?p=158799"},"modified":"2026-03-31T15:28:26","modified_gmt":"2026-03-31T13:28:26","slug":"el-flamenco-que-no-se-ve-la-invitacion-de-cardamomo-para-descubrir-el-arte-con-otros-ojos","status":"publish","type":"post","link":"https:\/\/cardamomo.com\/pt\/experiencia-flamenco-olhos-vendados\/","title":{"rendered":"O flamenco que n\u00e3o se v\u00ea: um convite para redescobrir a arte de olhos fechados"},"content":{"rendered":"<p><\/p>\n<p data-path-to-node=\"60\">A pr\u00f3xima vez que cruzar o limiar de Cardamomo, antes que o primeiro acorde rompa o sil\u00eancio, receber\u00e1 um pequeno presente: o nosso Kit de Experi\u00eancia. No seu interior, envolvido com cuidado, encontrar\u00e1 uma venda de seda preta.<\/p>\n<p data-path-to-node=\"61\"><b data-path-to-node=\"61\" data-index-in-node=\"0\">N\u00e3o \u00e9 uma regra, nem uma instru\u00e7\u00e3o da casa; \u00e9 um presente para quem quiser explorar uma dimens\u00e3o diferente do espet\u00e1culo.<\/b> \u00c9 a ferramenta que desenh\u00e1mos para aqueles que, por alguns minutos, preferem deixar de ser observadores para se tornarem parte da pr\u00f3pria energia do tablao.<\/p>\n<h2 data-path-to-node=\"62\"><b data-path-to-node=\"62\" data-index-in-node=\"0\">A vista \u00e0s vezes distrai-nos do essencial<\/b><\/h2>\n<p data-path-to-node=\"63\">Quase todos viemos ao tablao com os olhos famintos de cor e movimento. Procuramos o voo da saia ou o gesto do artista. \u00c9 o natural. Mas em Cardamomo, como o Primeiro Tablao Inclusivo do Mundo, descobrimos que <b data-path-to-node=\"63\" data-index-in-node=\"209\">a vista, \u00e0s vezes, levanta um muro entre o cora\u00e7\u00e3o do espectador e a vibra\u00e7\u00e3o real do artista.<\/b><\/p>\n<p data-path-to-node=\"64\">Se decidir aceitar o nosso convite e usar a venda, o seu c\u00e9rebro far\u00e1 algo assombroso: amplificar\u00e1 o resto dos seus sentidos para compensar a escurid\u00e3o. <b data-path-to-node=\"64\" data-index-in-node=\"153\">N\u00e3o estar\u00e1 a ver menos; estar\u00e1 a permitir que o flamenco o atravesse de uma forma muito mais f\u00edsica e profunda.<\/b><\/p>\n<h2 data-path-to-node=\"65\"><b data-path-to-node=\"65\" data-index-in-node=\"0\">Tr\u00eas sensa\u00e7\u00f5es que s\u00f3 descobrir\u00e1 se decidir fechar os olhos<\/b><\/h2>\n<p data-path-to-node=\"66\">Ao colocar a venda do nosso kit (sempre que desejar), o ambiente desaparece e a arte deixa de ser algo que acontece no palco para se transformar num abalo pessoal:<\/p>\n<ul data-path-to-node=\"67\">\n<li>\n<p data-path-to-node=\"67,0,0\"><b data-path-to-node=\"67,0,0\" data-index-in-node=\"0\">A vibra\u00e7\u00e3o nos p\u00e9s:<\/b> O sapateado sobre a madeira deixa de ser um som para se tornar uma onda expansiva. <b data-path-to-node=\"67,0,0\" data-index-in-node=\"103\">Sentir\u00e1 como o ritmo sobe pelas suas pernas e golpeia diretamente no seu peito<\/b>, como se voc\u00ea mesmo estivesse sobre as t\u00e1buas.<\/p>\n<\/li>\n<li>\n<p data-path-to-node=\"67,1,0\"><b data-path-to-node=\"67,1,0\" data-index-in-node=\"0\">O som sem filtros:<\/b> Ouvir\u00e1 o <i data-path-to-node=\"67,1,0\" data-index-in-node=\"28\">quej\u00edo<\/i> do cantor como um sussurro ao ouvido. Sem a distra\u00e7\u00e3o das luzes, notar\u00e1 o ar que os bra\u00e7os deslocam ao passar e o som m\u00edstico, quase magn\u00e9tico, da madeira da guitarra.<\/p>\n<\/li>\n<li>\n<p data-path-to-node=\"67,2,0\"><b data-path-to-node=\"67,2,0\" data-index-in-node=\"0\">O calor da paix\u00e3o:<\/b> Na escurid\u00e3o, a pele toma o comando. Perceber\u00e1 o calor que emanam os corpos dos artistas a poucos metros de si. <b data-path-to-node=\"67,2,0\" data-index-in-node=\"131\">Essa energia t\u00e9rmica \u00e9 a prova de que em Cardamomo n\u00e3o h\u00e1 truque nem engano: \u00e9 vida a pulsar em tempo real.<\/b><\/p>\n<\/li>\n<\/ul>\n<h2 data-path-to-node=\"68\"><b data-path-to-node=\"68\" data-index-in-node=\"0\">Um exerc\u00edcio de empatia, um presente de Cardamomo<\/b><\/h2>\n<p data-path-to-node=\"69\">Este &#8220;Passe \u00e0s Cegas&#8221; \u00e9 a nossa forma de demonstrar que a arte mais pura n\u00e3o precisa de olhos para comover. \u00c9 um servi\u00e7o gratuito que pomos \u00e0 sua disposi\u00e7\u00e3o para viver a inclus\u00e3o de forma real. <b data-path-to-node=\"69\" data-index-in-node=\"194\">Ao tirar a venda, ter\u00e1 compreendido que a verdadeira magia n\u00e3o \u00e9 p\u00f4r uma rampa, mas partilhar a mesma emo\u00e7\u00e3o e o mesmo idioma que uma pessoa invisual.<\/b><\/p>\n<p data-path-to-node=\"70\">N\u00e3o permita que a vista o distraia do que realmente importa. Na sua pr\u00f3xima visita, pe\u00e7a o seu kit gratuito na rece\u00e7\u00e3o, use a venda apenas quando sentir que \u00e9 o momento e <b data-path-to-node=\"70\" data-index-in-node=\"171\">prepare-se para sentir o flamenco como nunca tinha imaginado.<\/b><\/p>\n<p><\/p>","protected":false},"excerpt":{"rendered":"A pr\u00f3xima vez que cruzar o limiar de Cardamomo, antes que o primeiro acorde rompa o sil\u00eancio, receber\u00e1 um pequeno presente: o nosso Kit de Experi\u00eancia. No seu interior, envolvido com cuidado, encontrar\u00e1 uma venda de seda preta. N\u00e3o \u00e9 uma regra, nem uma instru\u00e7\u00e3o da casa; \u00e9 um presente para quem quiser explorar uma&#8230;","protected":false},"author":7,"featured_media":158806,"comment_status":"closed","ping_status":"closed","sticky":false,"template":"","format":"standard","meta":{"_acf_changed":false,"inline_featured_image":false,"footnotes":""},"categories":[10],"tags":[],"class_list":["post-158799","post","type-post","status-publish","format-standard","has-post-thumbnail","hentry","category-tablao-cardamomo"],"acf":[],"yoast_head":"<!-- This site is optimized with the Yoast SEO plugin v27.4 - https:\/\/yoast.com\/product\/yoast-seo-wordpress\/ -->\n<title>Kit de Experi\u00eancia Cardamomo: sinta o flamenco de olhos vendados<\/title>\n<meta name=\"description\" content=\"Porque lhe pediremos que vende os olhos na sua pr\u00f3xima visita ao Cardamomo\" \/>\n<meta name=\"robots\" content=\"index, follow, max-snippet:-1, max-image-preview:large, max-video-preview:-1\" \/>\n<link rel=\"canonical\" href=\"\/\" \/>\n<meta property=\"og:locale\" content=\"pt_PT\" \/>\n<meta property=\"og:type\" content=\"article\" \/>\n<meta property=\"og:title\" content=\"Kit de Experi\u00eancia Cardamomo: sinta o flamenco de olhos vendados\" \/>\n<meta property=\"og:description\" content=\"Porque lhe pediremos que vende os olhos na sua pr\u00f3xima visita ao Cardamomo\" \/>\n<meta property=\"og:url\" content=\"https:\/\/cardamomo.com\/pt\/pase-a-ciegas-flamenco\/\" \/>\n<meta property=\"og:site_name\" content=\"Cardamomo Flamenco Madrid\" \/>\n<meta property=\"article:published_time\" content=\"2026-03-30T13:20:43+00:00\" \/>\n<meta property=\"article:modified_time\" content=\"2026-03-31T13:28:26+00:00\" \/>\n<meta property=\"og:image\" content=\"https:\/\/cardamomo.ams3.digitaloceanspaces.com\/wp-content\/uploads\/2026\/03\/30152028\/kilino-jimenez-2097-2-scaled.webp\" \/>\n\t<meta property=\"og:image:width\" content=\"2560\" \/>\n\t<meta property=\"og:image:height\" content=\"1707\" \/>\n\t<meta property=\"og:image:type\" content=\"image\/webp\" \/>\n<meta name=\"author\" content=\"Miguel Blanco\" \/>\n<meta name=\"twitter:card\" content=\"summary_large_image\" \/>\n<meta name=\"twitter:label1\" content=\"Escrito por\" \/>\n\t<meta name=\"twitter:data1\" content=\"Miguel Blanco\" \/>\n\t<meta name=\"twitter:label2\" content=\"Tempo estimado de leitura\" \/>\n\t<meta name=\"twitter:data2\" content=\"3 minutos\" \/>\n<script type=\"application\/ld+json\" class=\"yoast-schema-graph\">{\"@context\":\"https:\\\/\\\/schema.org\",\"@graph\":[{\"@type\":\"Article\",\"@id\":\"https:\\\/\\\/cardamomo.com\\\/es\\\/pase-a-ciegas-flamenco\\\/#article\",\"isPartOf\":{\"@id\":\"https:\\\/\\\/cardamomo.com\\\/es\\\/pase-a-ciegas-flamenco\\\/\"},\"author\":{\"name\":\"Miguel Blanco\",\"@id\":\"https:\\\/\\\/cardamomo.com\\\/es\\\/#\\\/schema\\\/person\\\/e0d7e554980e9e4c3891b69734cf9df9\"},\"headline\":\"O flamenco que n\u00e3o se v\u00ea: um convite para redescobrir a arte de olhos fechados\",\"datePublished\":\"2026-03-30T13:20:43+00:00\",\"dateModified\":\"2026-03-31T13:28:26+00:00\",\"mainEntityOfPage\":{\"@id\":\"https:\\\/\\\/cardamomo.com\\\/es\\\/pase-a-ciegas-flamenco\\\/\"},\"wordCount\":5832,\"image\":{\"@id\":\"https:\\\/\\\/cardamomo.com\\\/es\\\/pase-a-ciegas-flamenco\\\/#primaryimage\"},\"thumbnailUrl\":\"https:\\\/\\\/cardamomo.ams3.digitaloceanspaces.com\\\/wp-content\\\/uploads\\\/2026\\\/03\\\/30152028\\\/kilino-jimenez-2097-2-scaled.webp\",\"articleSection\":[\"Tablao Cardamomo\"],\"inLanguage\":\"pt-PT\"},{\"@type\":\"WebPage\",\"@id\":\"https:\\\/\\\/cardamomo.com\\\/pt\\\/pase-a-ciegas-flamenco\\\/\",\"url\":\"https:\\\/\\\/cardamomo.com\\\/pt\\\/pase-a-ciegas-flamenco\\\/\",\"name\":\"Kit de Experi\u00eancia Cardamomo: sinta o flamenco de olhos vendados\",\"isPartOf\":{\"@id\":\"https:\\\/\\\/cardamomo.com\\\/pt\\\/#website\"},\"primaryImageOfPage\":{\"@id\":\"https:\\\/\\\/cardamomo.com\\\/pt\\\/pase-a-ciegas-flamenco\\\/#primaryimage\"},\"image\":{\"@id\":\"https:\\\/\\\/cardamomo.com\\\/es\\\/pase-a-ciegas-flamenco\\\/#primaryimage\"},\"thumbnailUrl\":\"https:\\\/\\\/cardamomo.ams3.digitaloceanspaces.com\\\/wp-content\\\/uploads\\\/2026\\\/03\\\/30152028\\\/kilino-jimenez-2097-2-scaled.webp\",\"datePublished\":\"2026-03-30T13:20:43+00:00\",\"dateModified\":\"2026-03-31T13:28:26+00:00\",\"author\":{\"@id\":\"https:\\\/\\\/cardamomo.com\\\/es\\\/#\\\/schema\\\/person\\\/e0d7e554980e9e4c3891b69734cf9df9\"},\"description\":\"Porque lhe pediremos que vende os olhos na sua pr\u00f3xima visita ao Cardamomo\",\"breadcrumb\":{\"@id\":\"https:\\\/\\\/cardamomo.com\\\/pt\\\/pase-a-ciegas-flamenco\\\/#breadcrumb\"},\"inLanguage\":\"pt-PT\",\"potentialAction\":[{\"@type\":\"ReadAction\",\"target\":[[\"https:\\\/\\\/cardamomo.com\\\/pt\\\/pase-a-ciegas-flamenco\\\/\"]]}]},{\"@type\":\"ImageObject\",\"inLanguage\":\"pt-PT\",\"@id\":\"https:\\\/\\\/cardamomo.com\\\/pt\\\/pase-a-ciegas-flamenco\\\/#primaryimage\",\"url\":\"https:\\\/\\\/cardamomo.ams3.digitaloceanspaces.com\\\/wp-content\\\/uploads\\\/2026\\\/03\\\/30152028\\\/kilino-jimenez-2097-2-scaled.webp\",\"contentUrl\":\"https:\\\/\\\/cardamomo.ams3.digitaloceanspaces.com\\\/wp-content\\\/uploads\\\/2026\\\/03\\\/30152028\\\/kilino-jimenez-2097-2-scaled.webp\",\"width\":2560,\"height\":1707,\"caption\":\"Primer plano dram\u00e1tico del artista de flamenco Kilino Jim\u00e9nez con expresi\u00f3n intensa y ojos cerrados bajo iluminaci\u00f3n de escenario en Cardamomo.\"},{\"@type\":\"BreadcrumbList\",\"@id\":\"https:\\\/\\\/cardamomo.com\\\/pt\\\/pase-a-ciegas-flamenco\\\/#breadcrumb\",\"itemListElement\":[{\"@type\":\"ListItem\",\"position\":1,\"name\":\"Cardamomo\",\"item\":\"https:\\\/\\\/cardamomo.com\\\/pt\\\/\"},{\"@type\":\"ListItem\",\"position\":2,\"name\":\"Kit Experi\u00eancia Flamenco\"}]},{\"@type\":\"WebSite\",\"@id\":\"https:\\\/\\\/cardamomo.com\\\/pt\\\/#website\",\"url\":\"https:\\\/\\\/cardamomo.com\\\/pt\\\/\",\"name\":\"Cardamomo Flamenco Madrid\",\"description\":\"\",\"potentialAction\":[{\"@type\":\"SearchAction\",\"target\":{\"@type\":\"EntryPoint\",\"urlTemplate\":\"https:\\\/\\\/cardamomo.com\\\/pt\\\/?s={search_term_string}\"},\"query-input\":{\"@type\":\"PropertyValueSpecification\",\"valueRequired\":true,\"valueName\":\"search_term_string\"}}],\"inLanguage\":\"pt-PT\"},{\"@type\":\"Person\",\"@id\":\"https:\\\/\\\/cardamomo.com\\\/es\\\/#\\\/schema\\\/person\\\/e0d7e554980e9e4c3891b69734cf9df9\",\"name\":\"Miguel Blanco\",\"image\":{\"@type\":\"ImageObject\",\"inLanguage\":\"pt-PT\",\"@id\":\"https:\\\/\\\/secure.gravatar.com\\\/avatar\\\/3a4fd323466f9b49f157b5319a986d31f99b5aaa4c36c56dc42e1153ae2c11da?s=96&d=mm&r=g\",\"url\":\"https:\\\/\\\/secure.gravatar.com\\\/avatar\\\/3a4fd323466f9b49f157b5319a986d31f99b5aaa4c36c56dc42e1153ae2c11da?s=96&d=mm&r=g\",\"contentUrl\":\"https:\\\/\\\/secure.gravatar.com\\\/avatar\\\/3a4fd323466f9b49f157b5319a986d31f99b5aaa4c36c56dc42e1153ae2c11da?s=96&d=mm&r=g\",\"caption\":\"Miguel Blanco\"},\"url\":\"https:\\\/\\\/cardamomo.com\\\/pt\\\/author\\\/miguel\\\/\"}]}<\/script>\n<!-- \/ Yoast SEO plugin. -->","yoast_head_json":{"title":"Kit de Experi\u00eancia Cardamomo: sinta o flamenco de olhos vendados","description":"Porque lhe pediremos que vende os olhos na sua pr\u00f3xima visita ao Cardamomo","robots":{"index":"index","follow":"follow","max-snippet":"max-snippet:-1","max-image-preview":"max-image-preview:large","max-video-preview":"max-video-preview:-1"},"canonical":"\/","og_locale":"pt_PT","og_type":"article","og_title":"Kit de Experi\u00eancia Cardamomo: sinta o flamenco de olhos vendados","og_description":"Porque lhe pediremos que vende os olhos na sua pr\u00f3xima visita ao Cardamomo","og_url":"https:\/\/cardamomo.com\/pt\/pase-a-ciegas-flamenco\/","og_site_name":"Cardamomo Flamenco Madrid","article_published_time":"2026-03-30T13:20:43+00:00","article_modified_time":"2026-03-31T13:28:26+00:00","og_image":[{"width":2560,"height":1707,"url":"https:\/\/cardamomo.ams3.digitaloceanspaces.com\/wp-content\/uploads\/2026\/03\/30152028\/kilino-jimenez-2097-2-scaled.webp","type":"image\/webp"}],"author":"Miguel Blanco","twitter_card":"summary_large_image","twitter_misc":{"Escrito por":"Miguel Blanco","Tempo estimado de leitura":"3 minutos"},"schema":{"@context":"https:\/\/schema.org","@graph":[{"@type":"Article","@id":"https:\/\/cardamomo.com\/es\/pase-a-ciegas-flamenco\/#article","isPartOf":{"@id":"https:\/\/cardamomo.com\/es\/pase-a-ciegas-flamenco\/"},"author":{"name":"Miguel Blanco","@id":"https:\/\/cardamomo.com\/es\/#\/schema\/person\/e0d7e554980e9e4c3891b69734cf9df9"},"headline":"O flamenco que n\u00e3o se v\u00ea: um convite para redescobrir a arte de olhos fechados","datePublished":"2026-03-30T13:20:43+00:00","dateModified":"2026-03-31T13:28:26+00:00","mainEntityOfPage":{"@id":"https:\/\/cardamomo.com\/es\/pase-a-ciegas-flamenco\/"},"wordCount":5832,"image":{"@id":"https:\/\/cardamomo.com\/es\/pase-a-ciegas-flamenco\/#primaryimage"},"thumbnailUrl":"https:\/\/cardamomo.ams3.digitaloceanspaces.com\/wp-content\/uploads\/2026\/03\/30152028\/kilino-jimenez-2097-2-scaled.webp","articleSection":["Tablao Cardamomo"],"inLanguage":"pt-PT"},{"@type":"WebPage","@id":"https:\/\/cardamomo.com\/pt\/pase-a-ciegas-flamenco\/","url":"https:\/\/cardamomo.com\/pt\/pase-a-ciegas-flamenco\/","name":"Kit de Experi\u00eancia Cardamomo: sinta o flamenco de olhos vendados","isPartOf":{"@id":"https:\/\/cardamomo.com\/pt\/#website"},"primaryImageOfPage":{"@id":"https:\/\/cardamomo.com\/pt\/pase-a-ciegas-flamenco\/#primaryimage"},"image":{"@id":"https:\/\/cardamomo.com\/es\/pase-a-ciegas-flamenco\/#primaryimage"},"thumbnailUrl":"https:\/\/cardamomo.ams3.digitaloceanspaces.com\/wp-content\/uploads\/2026\/03\/30152028\/kilino-jimenez-2097-2-scaled.webp","datePublished":"2026-03-30T13:20:43+00:00","dateModified":"2026-03-31T13:28:26+00:00","author":{"@id":"https:\/\/cardamomo.com\/es\/#\/schema\/person\/e0d7e554980e9e4c3891b69734cf9df9"},"description":"Porque lhe pediremos que vende os olhos na sua pr\u00f3xima visita ao Cardamomo","breadcrumb":{"@id":"https:\/\/cardamomo.com\/pt\/pase-a-ciegas-flamenco\/#breadcrumb"},"inLanguage":"pt-PT","potentialAction":[{"@type":"ReadAction","target":[["https:\/\/cardamomo.com\/pt\/pase-a-ciegas-flamenco\/"]]}]},{"@type":"ImageObject","inLanguage":"pt-PT","@id":"https:\/\/cardamomo.com\/pt\/pase-a-ciegas-flamenco\/#primaryimage","url":"https:\/\/cardamomo.ams3.digitaloceanspaces.com\/wp-content\/uploads\/2026\/03\/30152028\/kilino-jimenez-2097-2-scaled.webp","contentUrl":"https:\/\/cardamomo.ams3.digitaloceanspaces.com\/wp-content\/uploads\/2026\/03\/30152028\/kilino-jimenez-2097-2-scaled.webp","width":2560,"height":1707,"caption":"Primer plano dram\u00e1tico del artista de flamenco Kilino Jim\u00e9nez con expresi\u00f3n intensa y ojos cerrados bajo iluminaci\u00f3n de escenario en Cardamomo."},{"@type":"BreadcrumbList","@id":"https:\/\/cardamomo.com\/pt\/pase-a-ciegas-flamenco\/#breadcrumb","itemListElement":[{"@type":"ListItem","position":1,"name":"Cardamomo","item":"https:\/\/cardamomo.com\/pt\/"},{"@type":"ListItem","position":2,"name":"Kit Experi\u00eancia Flamenco"}]},{"@type":"WebSite","@id":"https:\/\/cardamomo.com\/pt\/#website","url":"https:\/\/cardamomo.com\/pt\/","name":"Cardamomo Flamenco Madrid","description":"","potentialAction":[{"@type":"SearchAction","target":{"@type":"EntryPoint","urlTemplate":"https:\/\/cardamomo.com\/pt\/?s={search_term_string}"},"query-input":{"@type":"PropertyValueSpecification","valueRequired":true,"valueName":"search_term_string"}}],"inLanguage":"pt-PT"},{"@type":"Person","@id":"https:\/\/cardamomo.com\/es\/#\/schema\/person\/e0d7e554980e9e4c3891b69734cf9df9","name":"Miguel Blanco","image":{"@type":"ImageObject","inLanguage":"pt-PT","@id":"https:\/\/secure.gravatar.com\/avatar\/3a4fd323466f9b49f157b5319a986d31f99b5aaa4c36c56dc42e1153ae2c11da?s=96&d=mm&r=g","url":"https:\/\/secure.gravatar.com\/avatar\/3a4fd323466f9b49f157b5319a986d31f99b5aaa4c36c56dc42e1153ae2c11da?s=96&d=mm&r=g","contentUrl":"https:\/\/secure.gravatar.com\/avatar\/3a4fd323466f9b49f157b5319a986d31f99b5aaa4c36c56dc42e1153ae2c11da?s=96&d=mm&r=g","caption":"Miguel Blanco"},"url":"https:\/\/cardamomo.com\/pt\/author\/miguel\/"}]}},"_links":{"self":[{"href":"https:\/\/cardamomo.com\/pt\/wp-json\/wp\/v2\/posts\/158799","targetHints":{"allow":["GET"]}}],"collection":[{"href":"https:\/\/cardamomo.com\/pt\/wp-json\/wp\/v2\/posts"}],"about":[{"href":"https:\/\/cardamomo.com\/pt\/wp-json\/wp\/v2\/types\/post"}],"author":[{"embeddable":true,"href":"https:\/\/cardamomo.com\/pt\/wp-json\/wp\/v2\/users\/7"}],"replies":[{"embeddable":true,"href":"https:\/\/cardamomo.com\/pt\/wp-json\/wp\/v2\/comments?post=158799"}],"version-history":[{"count":4,"href":"https:\/\/cardamomo.com\/pt\/wp-json\/wp\/v2\/posts\/158799\/revisions"}],"predecessor-version":[{"id":158818,"href":"https:\/\/cardamomo.com\/pt\/wp-json\/wp\/v2\/posts\/158799\/revisions\/158818"}],"wp:featuredmedia":[{"embeddable":true,"href":"https:\/\/cardamomo.com\/pt\/wp-json\/wp\/v2\/media\/158806"}],"wp:attachment":[{"href":"https:\/\/cardamomo.com\/pt\/wp-json\/wp\/v2\/media?parent=158799"}],"wp:term":[{"taxonomy":"category","embeddable":true,"href":"https:\/\/cardamomo.com\/pt\/wp-json\/wp\/v2\/categories?post=158799"},{"taxonomy":"post_tag","embeddable":true,"href":"https:\/\/cardamomo.com\/pt\/wp-json\/wp\/v2\/tags?post=158799"}],"curies":[{"name":"wp","href":"https:\/\/api.w.org\/{rel}","templated":true}]}}