{"id":158600,"date":"2026-03-10T12:51:30","date_gmt":"2026-03-10T11:51:30","guid":{"rendered":"https:\/\/cardamomo.com\/es\/?p=158600"},"modified":"2026-03-11T10:39:01","modified_gmt":"2026-03-11T09:39:01","slug":"los-10-mejores-guitarristas-flamencos-de-la-historia","status":"publish","type":"post","link":"https:\/\/cardamomo.com\/pt\/melhores-guitarristas-flamenco\/","title":{"rendered":"Os 10 melhores guitarristas de flamenco da hist\u00f3ria"},"content":{"rendered":"<p><\/p>\n<p data-path-to-node=\"60\">A guitarra flamenca n\u00e3o \u00e9 um simples instrumento de acompanhamento. \u00c9 o pulso, o batimento card\u00edaco e a respira\u00e7\u00e3o que sustenta tudo o que acontece num palco. Sem o toque, o canto e a dan\u00e7a perderiam a sua b\u00fassola e a sua alma.<\/p>\n<p data-path-to-node=\"61\">Se alguma vez sentiu como uma \u00fanica nota lhe percorre as costas, \u00e9 porque est\u00e1 perante uma arte que exige uma entrega absoluta. Para entender a magia que se vive hoje nos tablaos, <b data-path-to-node=\"61\" data-index-in-node=\"180\">\u00e9 fundamental conhecer os g\u00e9nios que transformaram seis cordas num idioma universal.<\/b> Estes s\u00e3o os nomes que mudaram a hist\u00f3ria do compasso para sempre.<\/p>\n<h2 data-path-to-node=\"62\"><b data-path-to-node=\"62\" data-index-in-node=\"0\">Os 10 melhores guitarristas de flamenco<\/b><\/h2>\n<p data-path-to-node=\"63\">A seguir, percorremos o legado dos guitarristas espanh\u00f3is de flamenco que elevaram o toque a n\u00edveis de virtuosismo quase imposs\u00edveis, marcando todas as gera\u00e7\u00f5es posteriores.<\/p>\n<h3 data-path-to-node=\"64\"><b data-path-to-node=\"64\" data-index-in-node=\"0\">Paco de Luc\u00eda<\/b><\/h3>\n<p data-path-to-node=\"65\">N\u00e3o h\u00e1 debate poss\u00edvel: \u00e9 <b data-path-to-node=\"65\" data-index-in-node=\"26\">a maior figura de todos os tempos<\/b>. Paco n\u00e3o foi apenas um virtuoso inalcan\u00e7\u00e1vel, mas <b data-path-to-node=\"65\" data-index-in-node=\"111\">o revolucion\u00e1rio que abriu o flamenco a novas harmonias e o levou aos melhores teatros do mundo<\/b>. Sem a sua t\u00e9cnica, a sua velocidade e a sua vis\u00e3o musical, o flamenco moderno simplesmente n\u00e3o existiria.<\/p>\n<h3 data-path-to-node=\"66\"><b data-path-to-node=\"66\" data-index-in-node=\"0\">Tomatito<\/b><\/h3>\n<p data-path-to-node=\"67\">Cresceu ao lado do m\u00edtico Camar\u00f3n de la Isla e essa etapa forjou a sua lenda. Jos\u00e9 Fern\u00e1ndez Torres \u00e9 o guardi\u00e3o de um <i data-path-to-node=\"67\" data-index-in-node=\"119\">soniquete<\/i> cigano inconfund\u00edvel. <b data-path-to-node=\"67\" data-index-in-node=\"151\">A sua forma de tocar \u00e9 r\u00e1pida, percussiva e transborda um sabor que se liga diretamente \u00e0 raiz mais selvagem<\/b> do g\u00e9nero.<\/p>\n<h3 data-path-to-node=\"68\"><b data-path-to-node=\"68\" data-index-in-node=\"0\">Manolo Sanl\u00facar<\/b><\/h3>\n<p data-path-to-node=\"69\">Foi o grande intelectual das seis cordas. A sua obra \u00e9 de uma complexidade t\u00e9cnica e te\u00f3rica esmagadora, procurando sempre <b data-path-to-node=\"69\" data-index-in-node=\"123\">a dignifica\u00e7\u00e3o da guitarra flamenca como um instrumento de m\u00fasica sinf\u00f3nica e de concerto<\/b>. As suas composi\u00e7\u00f5es s\u00e3o aut\u00eanticos poemas sonoros.<\/p>\n<h3 data-path-to-node=\"70\"><b data-path-to-node=\"70\" data-index-in-node=\"0\">Vicente Amigo<\/b><\/h3>\n<p data-path-to-node=\"71\">\u00c9 o herdeiro natural da eleg\u00e2ncia no toque. A sua m\u00fasica destaca-se por um lirismo e uma beleza que prendem desde o primeiro acorde. Vicente <b data-path-to-node=\"71\" data-index-in-node=\"141\">demonstrou ao mundo inteiro que o flamenco tamb\u00e9m pode ser mel\u00f3dico, subtil e profundamente sofisticado<\/b> sem perder um gramo da sua garra original.<\/p>\n<div id=\"attachment_158620\" style=\"width: 1034px\" class=\"wp-caption aligncenter\"><img loading=\"lazy\" decoding=\"async\" aria-describedby=\"caption-attachment-158620\" class=\"wp-image-158620 size-large\" src=\"https:\/\/cardamomo.ams3.digitaloceanspaces.com\/wp-content\/uploads\/2026\/03\/11102921\/vicente_amigo_2-1024x682.webp\" alt=\"Fotograf\u00eda del guitarrista flamenco Vicente Amigo tocando la guitarra en directo sobre el escenario. Aparece con los ojos cerrados y gesto de profunda concentraci\u00f3n, vistiendo una camisa negra sobre un fondo oscuro.\" width=\"1024\" height=\"682\" \/><p id=\"caption-attachment-158620\" class=\"wp-caption-text\">Vicente Amigo: O lirismo e a eleg\u00e2ncia da guitarra flamenca<\/p><\/div>\n<h3 data-path-to-node=\"36\"><b data-path-to-node=\"36\" data-index-in-node=\"0\">Sabicas<\/b><\/h3>\n<p data-path-to-node=\"37\"><b data-path-to-node=\"37\" data-index-in-node=\"0\">O grande mestre da t\u00e9cnica limpa.<\/b> Agust\u00edn Castell\u00f3n &#8220;Sabicas&#8221; foi o g\u00e9nio que, desde o seu longo ex\u00edlio na Am\u00e9rica, ensinou ao planeta como deve soar uma guitarra flamenca perfeita. <b data-path-to-node=\"37\" data-index-in-node=\"182\">A sua capacidade para tocar com uma clareza cristalina a velocidades vertiginosas<\/b> continua a ser objeto de estudo para os especialistas.<\/p>\n<h3 data-path-to-node=\"38\"><b data-path-to-node=\"38\" data-index-in-node=\"0\">Pepe Habichuela<\/b><\/h3>\n<p data-path-to-node=\"39\">Pertence a uma das dinastias mais sagradas de Granada. Pepe <b data-path-to-node=\"39\" data-index-in-node=\"60\">\u00e9 a ess\u00eancia absoluta do acompanhamento ao cante; ningu\u00e9m como ele sabe p\u00f4r a passadeira vermelha para que o cantaor brilhe<\/b>, tocando sempre com um gosto, uma pausa e uma sabedoria que s\u00f3 a linhagem flamenca outorga.<\/p>\n<h3 data-path-to-node=\"40\"><b data-path-to-node=\"40\" data-index-in-node=\"0\">Ni\u00f1o Ricardo<\/b><\/h3>\n<p data-path-to-node=\"41\">Foi <b data-path-to-node=\"41\" data-index-in-node=\"4\">a ponte vital entre o toque antigo e a era moderna.<\/b> Todos os guitarristas famosos de flamenco que vieram depois, incluindo o pr\u00f3prio Paco de Luc\u00eda, beberam da fonte do seu &#8220;toque ricardiano&#8221;. O seu maior legado \u00e9 <b data-path-to-node=\"41\" data-index-in-node=\"217\">uma forma de entender a falseta cheia de personalidade, flamencura e peso.<\/b><\/p>\n<div id=\"attachment_158602\" style=\"width: 292px\" class=\"wp-caption aligncenter\"><img loading=\"lazy\" decoding=\"async\" aria-describedby=\"caption-attachment-158602\" class=\"wp-image-158602 size-medium\" src=\"https:\/\/cardamomo.ams3.digitaloceanspaces.com\/wp-content\/uploads\/2026\/03\/10113226\/nino-ricardo-282x300.jpeg\" alt=\"Retrato de estudio vintage en blanco y negro de un joven Ni\u00f1o Ricardo. Viste traje oscuro y corbata, sosteniendo su guitarra flamenca en posici\u00f3n de toque. Es la imagen ic\u00f3nica del maestro que revolucion\u00f3 el toque de acompa\u00f1amiento y solista.\" width=\"282\" height=\"300\" \/><p id=\"caption-attachment-158602\" class=\"wp-caption-text\">Ni\u00f1o Ricardo (Manuel Serrap\u00ed S\u00e1nchez)<\/p><\/div>\n<h3 data-path-to-node=\"48\"><b data-path-to-node=\"48\" data-index-in-node=\"0\">Mora\u00edto Chico<\/b><\/h3>\n<p data-path-to-node=\"49\">Falar de Jerez de la Frontera \u00e9 falar da sua guitarra. Mora\u00edto possu\u00eda <b data-path-to-node=\"49\" data-index-in-node=\"71\">um dom inato para o compasso<\/b>, um &#8220;ar&#8221; imposs\u00edvel de aprender numa academia. <b data-path-to-node=\"49\" data-index-in-node=\"147\">O seu toque era pura festa, alegria e esp\u00edrito cigano<\/b>, convertendo-se no acompanhante sonhado por qualquer figura do cante.<\/p>\n<h3 data-path-to-node=\"50\"><b data-path-to-node=\"50\" data-index-in-node=\"0\">Gerardo N\u00fa\u00f1ez<\/b><\/h3>\n<p data-path-to-node=\"51\"><b data-path-to-node=\"51\" data-index-in-node=\"0\">Representa a t\u00e9cnica esmagadora do s\u00e9culo XXI.<\/b> \u00c9 um dos criadores mais completos da atualidade, capaz de cruzar as fronteiras do jazz ou da m\u00fasica cl\u00e1ssica <b data-path-to-node=\"51\" data-index-in-node=\"156\">mantendo sempre um controlo t\u00e9cnico e r\u00edtmico que ro\u00e7a a perfei\u00e7\u00e3o absoluta.<\/b><\/p>\n<h3 data-path-to-node=\"52\"><b data-path-to-node=\"52\" data-index-in-node=\"0\">Rafael Riqueni<\/b><\/h3>\n<p data-path-to-node=\"53\">Riqueni <b data-path-to-node=\"53\" data-index-in-node=\"8\">n\u00e3o toca guitarra, f\u00e1-la chorar.<\/b> A sua m\u00fasica \u00e9 puramente emocional, cheia de sensibilidade e matizes que evocam as paisagens mais melanc\u00f3licas de Sevilha. \u00c9 <b data-path-to-node=\"53\" data-index-in-node=\"166\">a prova viva de que o cora\u00e7\u00e3o e o sentimento mandam sempre acima da pura t\u00e9cnica.<\/b><\/p>\n<h2 data-path-to-node=\"54\"><b data-path-to-node=\"54\" data-index-in-node=\"0\">O que torna um grande guitarrista de flamenco \u00fanico<\/b><\/h2>\n<p data-path-to-node=\"55\">Ser uma refer\u00eancia hist\u00f3rica n\u00e3o \u00e9 apenas uma quest\u00e3o de mover os dedos muito depressa. O que diferencia estes dez mestres do resto dos <a class=\"ng-star-inserted\" href=\"https:\/\/cardamomo.com\/pt\/artistas\/\" target=\"_blank\" rel=\"noopener\">artistas de flamenco<\/a> \u00e9 a sua capacidade para transmitir o &#8220;duende&#8221; atrav\u00e9s da madeira.<\/p>\n<p data-path-to-node=\"56\">Um grande guitarrista deve ter um dom\u00ednio absoluto do compasso (o ritmo interno), mas sobretudo <b data-path-to-node=\"56\" data-index-in-node=\"96\">deve possuir a sensibilidade extrema para saber quando atacar a corda e quando deixar que o sil\u00eancio fale.<\/b> No flamenco, o sil\u00eancio tamb\u00e9m \u00e9 m\u00fasica.<\/p>\n<h2 data-path-to-node=\"36\"><b data-path-to-node=\"36\" data-index-in-node=\"0\">Quem \u00e9 o melhor guitarrista de flamenco de todos os tempos?<\/b><\/h2>\n<p data-path-to-node=\"37\">Este \u00e9 o eterno debate nas pe\u00f1as e nos tablaos. Embora a arte seja subjetiva, existe um consenso praticamente un\u00e2nime: <b data-path-to-node=\"37\" data-index-in-node=\"119\">Paco de Luc\u00eda<\/b> \u00e9 o melhor guitarrista da hist\u00f3ria. A sua figura n\u00e3o s\u00f3 se destaca pelo seu virtuosismo t\u00e9cnico inalcan\u00e7\u00e1vel, mas por ter sido o grande arquiteto do flamenco moderno, abrindo o g\u00e9nero ao jazz, \u00e0 bossa nova e \u00e0 m\u00fasica cl\u00e1ssica sem nunca perder a ess\u00eancia cigana.<\/p>\n<p data-path-to-node=\"38\">No entanto, muitos f\u00e3s salientam que um Paco n\u00e3o existiria sem a clareza de <b data-path-to-node=\"38\" data-index-in-node=\"76\">Sabicas<\/b> ou a for\u00e7a de <b data-path-to-node=\"38\" data-index-in-node=\"98\">Ni\u00f1o Ricardo<\/b>. Outros defendem a pureza de <b data-path-to-node=\"38\" data-index-in-node=\"140\">Pepe Habichuela<\/b> no acompanhamento ou a inova\u00e7\u00e3o l\u00edrica de <b data-path-to-node=\"38\" data-index-in-node=\"198\">Vicente Amigo<\/b>. Em suma, se Paco de Luc\u00eda \u00e9 o &#8220;rei&#8221; pela sua capacidade de revolucionar tudo, o flamenco \u00e9 um reino com muitos mestres indispens\u00e1veis, cada um dono de um matiz que torna esta arte infinita.<\/p>\n<h2 data-path-to-node=\"39\"><b data-path-to-node=\"39\" data-index-in-node=\"0\">A guitarra flamenca num espet\u00e1culo ao vivo<\/b><\/h2>\n<p data-path-to-node=\"40\">Ler sobre a genialidade de Manolo Sanl\u00facar ou Tomatito \u00e9 fascinante, mas a guitarra flamenca n\u00e3o foi inventada para ser lida. <b data-path-to-node=\"40\" data-index-in-node=\"126\">S\u00f3 ganha o seu verdadeiro sentido quando a escutas a dois metros de dist\u00e2ncia. Num tablao real, o som seco da madeira e a tens\u00e3o das cordas criam uma vibra\u00e7\u00e3o f\u00edsica que n\u00e3o se pode replicar nem no melhor dos discos.<\/b><\/p>\n<p data-path-to-node=\"41\">Se queres sentir a for\u00e7a herdada destes mestres do toque, convidamos-te a viver o nosso <a class=\"ng-star-inserted\" href=\"https:\/\/cardamomo.com\/pt\/show-de-flamenco-em-madrid\/\" target=\"_blank\" rel=\"noopener\">espet\u00e1culo flamenco em Madrid<\/a>, onde o som da guitarra \u00e9 o motor de uma noite inesquec\u00edvel. No Cardamomo, selecionamos artistas que deixam a alma para manter vivo este legado em cada nota.<\/p>\n<p><\/p>","protected":false},"excerpt":{"rendered":"A guitarra flamenca n\u00e3o \u00e9 um simples instrumento de acompanhamento. \u00c9 o pulso, o batimento card\u00edaco e a respira\u00e7\u00e3o que sustenta tudo o que acontece num palco. Sem o toque, o canto e a dan\u00e7a perderiam a sua b\u00fassola e a sua alma. Se alguma vez sentiu como uma \u00fanica nota lhe percorre as costas,&#8230;","protected":false},"author":7,"featured_media":158604,"comment_status":"closed","ping_status":"closed","sticky":false,"template":"","format":"standard","meta":{"_acf_changed":false,"inline_featured_image":false,"footnotes":""},"categories":[6],"tags":[],"class_list":["post-158600","post","type-post","status-publish","format-standard","has-post-thumbnail","hentry","category-artistas-cardamomo"],"acf":[],"yoast_head":"<!-- This site is optimized with the Yoast SEO plugin v27.4 - https:\/\/yoast.com\/product\/yoast-seo-wordpress\/ -->\n<title>Os 10 mejores guitarristas de flamenco da hist\u00f3ria<\/title>\n<meta name=\"description\" content=\"Descubra quem s\u00e3o os melhores guitarristas de flamenco da hist\u00f3ria e o que os tornou refer\u00eancias eternas da arte flamenca.\" \/>\n<meta name=\"robots\" content=\"index, follow, max-snippet:-1, max-image-preview:large, max-video-preview:-1\" \/>\n<link rel=\"canonical\" href=\"\/\" \/>\n<meta property=\"og:locale\" content=\"pt_PT\" \/>\n<meta property=\"og:type\" content=\"article\" \/>\n<meta property=\"og:title\" content=\"Os 10 mejores guitarristas de flamenco da hist\u00f3ria\" \/>\n<meta property=\"og:description\" content=\"Descubra quem s\u00e3o os melhores guitarristas de flamenco da hist\u00f3ria e o que os tornou refer\u00eancias eternas da arte flamenca.\" \/>\n<meta property=\"og:url\" content=\"https:\/\/cardamomo.com\/pt\/mejores-guitarristas-flamencos\/\" \/>\n<meta property=\"og:site_name\" content=\"Cardamomo Flamenco Madrid\" \/>\n<meta property=\"article:published_time\" content=\"2026-03-10T11:51:30+00:00\" \/>\n<meta property=\"article:modified_time\" content=\"2026-03-11T09:39:01+00:00\" \/>\n<meta property=\"og:image\" content=\"https:\/\/cardamomo.ams3.digitaloceanspaces.com\/wp-content\/uploads\/2026\/03\/10121421\/photo-2026-03-10-12-05-50.jpg\" \/>\n\t<meta property=\"og:image:width\" content=\"1280\" \/>\n\t<meta property=\"og:image:height\" content=\"853\" \/>\n\t<meta property=\"og:image:type\" content=\"image\/jpeg\" \/>\n<meta name=\"author\" content=\"Miguel Blanco\" \/>\n<meta name=\"twitter:card\" content=\"summary_large_image\" \/>\n<meta name=\"twitter:label1\" content=\"Escrito por\" \/>\n\t<meta name=\"twitter:data1\" content=\"Miguel Blanco\" \/>\n\t<meta name=\"twitter:label2\" content=\"Tempo estimado de leitura\" \/>\n\t<meta name=\"twitter:data2\" content=\"1 minuto\" \/>\n<script type=\"application\/ld+json\" class=\"yoast-schema-graph\">{\"@context\":\"https:\\\/\\\/schema.org\",\"@graph\":[{\"@type\":\"Article\",\"@id\":\"https:\\\/\\\/cardamomo.com\\\/es\\\/mejores-guitarristas-flamencos\\\/#article\",\"isPartOf\":{\"@id\":\"https:\\\/\\\/cardamomo.com\\\/es\\\/mejores-guitarristas-flamencos\\\/\"},\"author\":{\"name\":\"Miguel Blanco\",\"@id\":\"https:\\\/\\\/cardamomo.com\\\/es\\\/#\\\/schema\\\/person\\\/e0d7e554980e9e4c3891b69734cf9df9\"},\"headline\":\"Os 10 melhores guitarristas de flamenco da hist\u00f3ria\",\"datePublished\":\"2026-03-10T11:51:30+00:00\",\"dateModified\":\"2026-03-11T09:39:01+00:00\",\"mainEntityOfPage\":{\"@id\":\"https:\\\/\\\/cardamomo.com\\\/es\\\/mejores-guitarristas-flamencos\\\/\"},\"wordCount\":11939,\"image\":{\"@id\":\"https:\\\/\\\/cardamomo.com\\\/es\\\/mejores-guitarristas-flamencos\\\/#primaryimage\"},\"thumbnailUrl\":\"https:\\\/\\\/cardamomo.ams3.digitaloceanspaces.com\\\/wp-content\\\/uploads\\\/2026\\\/03\\\/10121421\\\/photo-2026-03-10-12-05-50.jpg\",\"articleSection\":[\"Artistas Cardamomo\"],\"inLanguage\":\"pt-PT\"},{\"@type\":\"WebPage\",\"@id\":\"https:\\\/\\\/cardamomo.com\\\/pt\\\/mejores-guitarristas-flamencos\\\/\",\"url\":\"https:\\\/\\\/cardamomo.com\\\/pt\\\/mejores-guitarristas-flamencos\\\/\",\"name\":\"Os 10 mejores guitarristas de flamenco da hist\u00f3ria\",\"isPartOf\":{\"@id\":\"https:\\\/\\\/cardamomo.com\\\/pt\\\/#website\"},\"primaryImageOfPage\":{\"@id\":\"https:\\\/\\\/cardamomo.com\\\/pt\\\/mejores-guitarristas-flamencos\\\/#primaryimage\"},\"image\":{\"@id\":\"https:\\\/\\\/cardamomo.com\\\/es\\\/mejores-guitarristas-flamencos\\\/#primaryimage\"},\"thumbnailUrl\":\"https:\\\/\\\/cardamomo.ams3.digitaloceanspaces.com\\\/wp-content\\\/uploads\\\/2026\\\/03\\\/10121421\\\/photo-2026-03-10-12-05-50.jpg\",\"datePublished\":\"2026-03-10T11:51:30+00:00\",\"dateModified\":\"2026-03-11T09:39:01+00:00\",\"author\":{\"@id\":\"https:\\\/\\\/cardamomo.com\\\/es\\\/#\\\/schema\\\/person\\\/e0d7e554980e9e4c3891b69734cf9df9\"},\"description\":\"Descubra quem s\u00e3o os melhores guitarristas de flamenco da hist\u00f3ria e o que os tornou refer\u00eancias eternas da arte flamenca.\",\"breadcrumb\":{\"@id\":\"https:\\\/\\\/cardamomo.com\\\/pt\\\/mejores-guitarristas-flamencos\\\/#breadcrumb\"},\"inLanguage\":\"pt-PT\",\"potentialAction\":[{\"@type\":\"ReadAction\",\"target\":[[\"https:\\\/\\\/cardamomo.com\\\/pt\\\/mejores-guitarristas-flamencos\\\/\"]]}]},{\"@type\":\"ImageObject\",\"inLanguage\":\"pt-PT\",\"@id\":\"https:\\\/\\\/cardamomo.com\\\/pt\\\/mejores-guitarristas-flamencos\\\/#primaryimage\",\"url\":\"https:\\\/\\\/cardamomo.ams3.digitaloceanspaces.com\\\/wp-content\\\/uploads\\\/2026\\\/03\\\/10121421\\\/photo-2026-03-10-12-05-50.jpg\",\"contentUrl\":\"https:\\\/\\\/cardamomo.ams3.digitaloceanspaces.com\\\/wp-content\\\/uploads\\\/2026\\\/03\\\/10121421\\\/photo-2026-03-10-12-05-50.jpg\",\"width\":1280,\"height\":853,\"caption\":\"Fotograf\u00eda de Paco de Luc\u00eda tocando la guitarra flamenca. Se muestra concentrado, con los ojos cerrados y el rostro inclinado hacia las cuerdas, transmitiendo la intensidad y el sentimiento de su toque.\"},{\"@type\":\"BreadcrumbList\",\"@id\":\"https:\\\/\\\/cardamomo.com\\\/pt\\\/mejores-guitarristas-flamencos\\\/#breadcrumb\",\"itemListElement\":[{\"@type\":\"ListItem\",\"position\":1,\"name\":\"Cardamomo\",\"item\":\"https:\\\/\\\/cardamomo.com\\\/pt\\\/\"},{\"@type\":\"ListItem\",\"position\":2,\"name\":\"Melhores guitarristas de flamenco\"}]},{\"@type\":\"WebSite\",\"@id\":\"https:\\\/\\\/cardamomo.com\\\/pt\\\/#website\",\"url\":\"https:\\\/\\\/cardamomo.com\\\/pt\\\/\",\"name\":\"Cardamomo Flamenco Madrid\",\"description\":\"\",\"potentialAction\":[{\"@type\":\"SearchAction\",\"target\":{\"@type\":\"EntryPoint\",\"urlTemplate\":\"https:\\\/\\\/cardamomo.com\\\/pt\\\/?s={search_term_string}\"},\"query-input\":{\"@type\":\"PropertyValueSpecification\",\"valueRequired\":true,\"valueName\":\"search_term_string\"}}],\"inLanguage\":\"pt-PT\"},{\"@type\":\"Person\",\"@id\":\"https:\\\/\\\/cardamomo.com\\\/es\\\/#\\\/schema\\\/person\\\/e0d7e554980e9e4c3891b69734cf9df9\",\"name\":\"Miguel Blanco\",\"image\":{\"@type\":\"ImageObject\",\"inLanguage\":\"pt-PT\",\"@id\":\"https:\\\/\\\/secure.gravatar.com\\\/avatar\\\/3a4fd323466f9b49f157b5319a986d31f99b5aaa4c36c56dc42e1153ae2c11da?s=96&d=mm&r=g\",\"url\":\"https:\\\/\\\/secure.gravatar.com\\\/avatar\\\/3a4fd323466f9b49f157b5319a986d31f99b5aaa4c36c56dc42e1153ae2c11da?s=96&d=mm&r=g\",\"contentUrl\":\"https:\\\/\\\/secure.gravatar.com\\\/avatar\\\/3a4fd323466f9b49f157b5319a986d31f99b5aaa4c36c56dc42e1153ae2c11da?s=96&d=mm&r=g\",\"caption\":\"Miguel Blanco\"},\"url\":\"https:\\\/\\\/cardamomo.com\\\/pt\\\/author\\\/miguel\\\/\"}]}<\/script>\n<!-- \/ Yoast SEO plugin. -->","yoast_head_json":{"title":"Os 10 mejores guitarristas de flamenco da hist\u00f3ria","description":"Descubra quem s\u00e3o os melhores guitarristas de flamenco da hist\u00f3ria e o que os tornou refer\u00eancias eternas da arte flamenca.","robots":{"index":"index","follow":"follow","max-snippet":"max-snippet:-1","max-image-preview":"max-image-preview:large","max-video-preview":"max-video-preview:-1"},"canonical":"\/","og_locale":"pt_PT","og_type":"article","og_title":"Os 10 mejores guitarristas de flamenco da hist\u00f3ria","og_description":"Descubra quem s\u00e3o os melhores guitarristas de flamenco da hist\u00f3ria e o que os tornou refer\u00eancias eternas da arte flamenca.","og_url":"https:\/\/cardamomo.com\/pt\/mejores-guitarristas-flamencos\/","og_site_name":"Cardamomo Flamenco Madrid","article_published_time":"2026-03-10T11:51:30+00:00","article_modified_time":"2026-03-11T09:39:01+00:00","og_image":[{"width":1280,"height":853,"url":"https:\/\/cardamomo.ams3.digitaloceanspaces.com\/wp-content\/uploads\/2026\/03\/10121421\/photo-2026-03-10-12-05-50.jpg","type":"image\/jpeg"}],"author":"Miguel Blanco","twitter_card":"summary_large_image","twitter_misc":{"Escrito por":"Miguel Blanco","Tempo estimado de leitura":"1 minuto"},"schema":{"@context":"https:\/\/schema.org","@graph":[{"@type":"Article","@id":"https:\/\/cardamomo.com\/es\/mejores-guitarristas-flamencos\/#article","isPartOf":{"@id":"https:\/\/cardamomo.com\/es\/mejores-guitarristas-flamencos\/"},"author":{"name":"Miguel Blanco","@id":"https:\/\/cardamomo.com\/es\/#\/schema\/person\/e0d7e554980e9e4c3891b69734cf9df9"},"headline":"Os 10 melhores guitarristas de flamenco da hist\u00f3ria","datePublished":"2026-03-10T11:51:30+00:00","dateModified":"2026-03-11T09:39:01+00:00","mainEntityOfPage":{"@id":"https:\/\/cardamomo.com\/es\/mejores-guitarristas-flamencos\/"},"wordCount":11939,"image":{"@id":"https:\/\/cardamomo.com\/es\/mejores-guitarristas-flamencos\/#primaryimage"},"thumbnailUrl":"https:\/\/cardamomo.ams3.digitaloceanspaces.com\/wp-content\/uploads\/2026\/03\/10121421\/photo-2026-03-10-12-05-50.jpg","articleSection":["Artistas Cardamomo"],"inLanguage":"pt-PT"},{"@type":"WebPage","@id":"https:\/\/cardamomo.com\/pt\/mejores-guitarristas-flamencos\/","url":"https:\/\/cardamomo.com\/pt\/mejores-guitarristas-flamencos\/","name":"Os 10 mejores guitarristas de flamenco da hist\u00f3ria","isPartOf":{"@id":"https:\/\/cardamomo.com\/pt\/#website"},"primaryImageOfPage":{"@id":"https:\/\/cardamomo.com\/pt\/mejores-guitarristas-flamencos\/#primaryimage"},"image":{"@id":"https:\/\/cardamomo.com\/es\/mejores-guitarristas-flamencos\/#primaryimage"},"thumbnailUrl":"https:\/\/cardamomo.ams3.digitaloceanspaces.com\/wp-content\/uploads\/2026\/03\/10121421\/photo-2026-03-10-12-05-50.jpg","datePublished":"2026-03-10T11:51:30+00:00","dateModified":"2026-03-11T09:39:01+00:00","author":{"@id":"https:\/\/cardamomo.com\/es\/#\/schema\/person\/e0d7e554980e9e4c3891b69734cf9df9"},"description":"Descubra quem s\u00e3o os melhores guitarristas de flamenco da hist\u00f3ria e o que os tornou refer\u00eancias eternas da arte flamenca.","breadcrumb":{"@id":"https:\/\/cardamomo.com\/pt\/mejores-guitarristas-flamencos\/#breadcrumb"},"inLanguage":"pt-PT","potentialAction":[{"@type":"ReadAction","target":[["https:\/\/cardamomo.com\/pt\/mejores-guitarristas-flamencos\/"]]}]},{"@type":"ImageObject","inLanguage":"pt-PT","@id":"https:\/\/cardamomo.com\/pt\/mejores-guitarristas-flamencos\/#primaryimage","url":"https:\/\/cardamomo.ams3.digitaloceanspaces.com\/wp-content\/uploads\/2026\/03\/10121421\/photo-2026-03-10-12-05-50.jpg","contentUrl":"https:\/\/cardamomo.ams3.digitaloceanspaces.com\/wp-content\/uploads\/2026\/03\/10121421\/photo-2026-03-10-12-05-50.jpg","width":1280,"height":853,"caption":"Fotograf\u00eda de Paco de Luc\u00eda tocando la guitarra flamenca. Se muestra concentrado, con los ojos cerrados y el rostro inclinado hacia las cuerdas, transmitiendo la intensidad y el sentimiento de su toque."},{"@type":"BreadcrumbList","@id":"https:\/\/cardamomo.com\/pt\/mejores-guitarristas-flamencos\/#breadcrumb","itemListElement":[{"@type":"ListItem","position":1,"name":"Cardamomo","item":"https:\/\/cardamomo.com\/pt\/"},{"@type":"ListItem","position":2,"name":"Melhores guitarristas de flamenco"}]},{"@type":"WebSite","@id":"https:\/\/cardamomo.com\/pt\/#website","url":"https:\/\/cardamomo.com\/pt\/","name":"Cardamomo Flamenco Madrid","description":"","potentialAction":[{"@type":"SearchAction","target":{"@type":"EntryPoint","urlTemplate":"https:\/\/cardamomo.com\/pt\/?s={search_term_string}"},"query-input":{"@type":"PropertyValueSpecification","valueRequired":true,"valueName":"search_term_string"}}],"inLanguage":"pt-PT"},{"@type":"Person","@id":"https:\/\/cardamomo.com\/es\/#\/schema\/person\/e0d7e554980e9e4c3891b69734cf9df9","name":"Miguel Blanco","image":{"@type":"ImageObject","inLanguage":"pt-PT","@id":"https:\/\/secure.gravatar.com\/avatar\/3a4fd323466f9b49f157b5319a986d31f99b5aaa4c36c56dc42e1153ae2c11da?s=96&d=mm&r=g","url":"https:\/\/secure.gravatar.com\/avatar\/3a4fd323466f9b49f157b5319a986d31f99b5aaa4c36c56dc42e1153ae2c11da?s=96&d=mm&r=g","contentUrl":"https:\/\/secure.gravatar.com\/avatar\/3a4fd323466f9b49f157b5319a986d31f99b5aaa4c36c56dc42e1153ae2c11da?s=96&d=mm&r=g","caption":"Miguel Blanco"},"url":"https:\/\/cardamomo.com\/pt\/author\/miguel\/"}]}},"_links":{"self":[{"href":"https:\/\/cardamomo.com\/pt\/wp-json\/wp\/v2\/posts\/158600","targetHints":{"allow":["GET"]}}],"collection":[{"href":"https:\/\/cardamomo.com\/pt\/wp-json\/wp\/v2\/posts"}],"about":[{"href":"https:\/\/cardamomo.com\/pt\/wp-json\/wp\/v2\/types\/post"}],"author":[{"embeddable":true,"href":"https:\/\/cardamomo.com\/pt\/wp-json\/wp\/v2\/users\/7"}],"replies":[{"embeddable":true,"href":"https:\/\/cardamomo.com\/pt\/wp-json\/wp\/v2\/comments?post=158600"}],"version-history":[{"count":7,"href":"https:\/\/cardamomo.com\/pt\/wp-json\/wp\/v2\/posts\/158600\/revisions"}],"predecessor-version":[{"id":158621,"href":"https:\/\/cardamomo.com\/pt\/wp-json\/wp\/v2\/posts\/158600\/revisions\/158621"}],"wp:featuredmedia":[{"embeddable":true,"href":"https:\/\/cardamomo.com\/pt\/wp-json\/wp\/v2\/media\/158604"}],"wp:attachment":[{"href":"https:\/\/cardamomo.com\/pt\/wp-json\/wp\/v2\/media?parent=158600"}],"wp:term":[{"taxonomy":"category","embeddable":true,"href":"https:\/\/cardamomo.com\/pt\/wp-json\/wp\/v2\/categories?post=158600"},{"taxonomy":"post_tag","embeddable":true,"href":"https:\/\/cardamomo.com\/pt\/wp-json\/wp\/v2\/tags?post=158600"}],"curies":[{"name":"wp","href":"https:\/\/api.w.org\/{rel}","templated":true}]}}