{"id":140395,"date":"2024-04-03T17:02:38","date_gmt":"2024-04-03T15:02:38","guid":{"rendered":"https:\/\/cardamomo.com\/es\/?p=140395"},"modified":"2025-12-11T12:17:07","modified_gmt":"2025-12-11T11:17:07","slug":"el-flamenco-en-madrid-una-estela-vibrante-de-tradicion-y-pasion","status":"publish","type":"post","link":"https:\/\/cardamomo.com\/pt\/el-flamenco-en-madrid-una-estela-vibrante-de-tradicion-y-pasion\/","title":{"rendered":"A dan\u00e7a flamenca de Madrid: um vibrante tecido de tradi\u00e7\u00e3o e paix\u00e3o"},"content":{"rendered":"<p>Trata-se de um estilo profissionalizado e t\u00e9cnico que requer anos de forma\u00e7\u00e3o. Para a sua transmiss\u00e3o, existiram diversos m\u00e9todos \u2014 desde a tradi\u00e7\u00e3o oral, tal como acontece com o cante flamenco ou o toque, at\u00e9 \u00e0 cria\u00e7\u00e3o de partituras de dan\u00e7a ou dec\u00e1logos sobre como a dan\u00e7a deve ser executada.<\/p>\n<p>Na sua origem, a natureza profissionalizada da dan\u00e7a flamenca fez com que ela surgisse baseada numa divis\u00e3o sexual, existindo diferen\u00e7as entre a dan\u00e7a masculina e a feminina. Atualmente, conhecemos as t\u00e9cnicas, gestos e movimentos que correspondem a uma feminilidade ou masculinidade, podendo utiliz\u00e1-los de forma art\u00edstica, sem necessidade de impor barreiras \u00e0 express\u00e3o de cada int\u00e9rprete.<\/p>\n<p><img loading=\"lazy\" decoding=\"async\" width=\"1000\" height=\"563\" class=\"alignnone size-full wp-image-158048\" src=\"https:\/\/cardamomo.ams3.digitaloceanspaces.com\/wp-content\/uploads\/2024\/04\/09123930\/cynthia-cano-7.jpg\" alt=\"Bailaora Cynthia Cano\" \/><\/p>\n<p data-start=\"2504\" data-end=\"2704\">Podemos entender que a dan\u00e7a flamenca surge como um encontro que ocorreu nas academias de Sevilha entre as dan\u00e7as ciganas, mais expressivas, e as bailarinas de bolera, mais desenvolvidas tecnicamente.<\/p>\n<blockquote>\n<p data-start=\"2706\" data-end=\"2819\">No tablao do <strong data-start=\"2719\" data-end=\"2732\">Cardamomo<\/strong>, a dan\u00e7a e o canto convivem com paix\u00e3o, brotando do mais profundo sentimento flamenco.<\/p>\n<\/blockquote>\n<p data-start=\"2821\" data-end=\"3025\">Se quiser viver uma experi\u00eancia de dan\u00e7a flamenca em seu habitat mais natural, recomendamos que v\u00e1 a um tablao. No tablao <strong data-start=\"2943\" data-end=\"2956\">Cardamomo<\/strong>, unem-se a improvisa\u00e7\u00e3o e a espontaneidade de que a dan\u00e7a necessita.<\/p>\n<p data-start=\"3027\" data-end=\"3154\">Um espa\u00e7o \u00edntimo que lembra um local de encontro entre artistas e que, sem d\u00favida, faz parte da ess\u00eancia do flamenco de Madrid.<\/p>\n<p><\/p>","protected":false},"excerpt":{"rendered":"Trata-se de um estilo profissionalizado e t\u00e9cnico que requer anos de forma\u00e7\u00e3o. Para a sua transmiss\u00e3o, existiram diversos m\u00e9todos \u2014 desde a tradi\u00e7\u00e3o oral, tal como acontece com o cante flamenco ou o toque, at\u00e9 \u00e0 cria\u00e7\u00e3o de partituras de dan\u00e7a ou dec\u00e1logos sobre como a dan\u00e7a deve ser executada. Na sua origem, a natureza&#8230;","protected":false},"author":1,"featured_media":139719,"comment_status":"closed","ping_status":"closed","sticky":false,"template":"","format":"standard","meta":{"_acf_changed":false,"inline_featured_image":false,"footnotes":""},"categories":[8],"tags":[],"class_list":["post-140395","post","type-post","status-publish","format-standard","has-post-thumbnail","hentry","category-flamenco"],"acf":[],"yoast_head":"<!-- This site is optimized with the Yoast SEO plugin v27.4 - https:\/\/yoast.com\/product\/yoast-seo-wordpress\/ -->\n<title>O Flamenco em Madrid: Uma Estela Vibrante de Tradi\u00e7\u00e3o e Paix\u00e3o<\/title>\n<meta name=\"description\" content=\"O que faz de Cardamomo o melhor espet\u00e1culo de flamenco em Madrid? Espet\u00e1culos di\u00e1rios de flamenco ao vivo, jantares e tapas. Compre j\u00e1 o seu bilhete.\" \/>\n<meta name=\"robots\" content=\"index, follow, max-snippet:-1, max-image-preview:large, max-video-preview:-1\" \/>\n<link rel=\"canonical\" href=\"\/\" \/>\n<meta property=\"og:locale\" content=\"pt_PT\" \/>\n<meta property=\"og:type\" content=\"article\" \/>\n<meta property=\"og:title\" content=\"O Flamenco em Madrid: Uma Estela Vibrante de Tradi\u00e7\u00e3o e Paix\u00e3o\" \/>\n<meta property=\"og:description\" content=\"O que faz de Cardamomo o melhor espet\u00e1culo de flamenco em Madrid? Espet\u00e1culos di\u00e1rios de flamenco ao vivo, jantares e tapas. Compre j\u00e1 o seu bilhete.\" \/>\n<meta property=\"og:url\" content=\"https:\/\/cardamomo.com\/pt\/el-flamenco-en-madrid-una-estela-vibrante-de-tradicion-y-pasion\/\" \/>\n<meta property=\"og:site_name\" content=\"Cardamomo Flamenco Madrid\" \/>\n<meta property=\"article:published_time\" content=\"2024-04-03T15:02:38+00:00\" \/>\n<meta property=\"article:modified_time\" content=\"2025-12-11T11:17:07+00:00\" \/>\n<meta property=\"og:image\" content=\"https:\/\/cardamomo.ams3.digitaloceanspaces.com\/wp-content\/uploads\/2024\/03\/15121949\/baile-1.jpg\" \/>\n\t<meta property=\"og:image:width\" content=\"1200\" \/>\n\t<meta property=\"og:image:height\" content=\"600\" \/>\n\t<meta property=\"og:image:type\" content=\"image\/jpeg\" \/>\n<meta name=\"author\" content=\"admin_cardamomo\" \/>\n<meta name=\"twitter:card\" content=\"summary_large_image\" \/>\n<meta name=\"twitter:label1\" content=\"Escrito por\" \/>\n\t<meta name=\"twitter:data1\" content=\"admin_cardamomo\" \/>\n\t<meta name=\"twitter:label2\" content=\"Tempo estimado de leitura\" \/>\n\t<meta name=\"twitter:data2\" content=\"2 minutos\" \/>\n<script type=\"application\/ld+json\" class=\"yoast-schema-graph\">{\"@context\":\"https:\\\/\\\/schema.org\",\"@graph\":[{\"@type\":\"Article\",\"@id\":\"https:\\\/\\\/cardamomo.com\\\/es\\\/el-flamenco-en-madrid-una-estela-vibrante-de-tradicion-y-pasion\\\/#article\",\"isPartOf\":{\"@id\":\"https:\\\/\\\/cardamomo.com\\\/es\\\/el-flamenco-en-madrid-una-estela-vibrante-de-tradicion-y-pasion\\\/\"},\"author\":{\"name\":\"admin_cardamomo\",\"@id\":\"https:\\\/\\\/cardamomo.com\\\/es\\\/#\\\/schema\\\/person\\\/abfbca965cbb188c4c46a0520d55dbaf\"},\"headline\":\"A dan\u00e7a flamenca de Madrid: um vibrante tecido de tradi\u00e7\u00e3o e paix\u00e3o\",\"datePublished\":\"2024-04-03T15:02:38+00:00\",\"dateModified\":\"2025-12-11T11:17:07+00:00\",\"mainEntityOfPage\":{\"@id\":\"https:\\\/\\\/cardamomo.com\\\/es\\\/el-flamenco-en-madrid-una-estela-vibrante-de-tradicion-y-pasion\\\/\"},\"wordCount\":2592,\"image\":{\"@id\":\"https:\\\/\\\/cardamomo.com\\\/es\\\/el-flamenco-en-madrid-una-estela-vibrante-de-tradicion-y-pasion\\\/#primaryimage\"},\"thumbnailUrl\":\"https:\\\/\\\/cardamomo.ams3.digitaloceanspaces.com\\\/wp-content\\\/uploads\\\/2024\\\/03\\\/15121949\\\/baile-1.jpg\",\"articleSection\":[\"Flamenco\"],\"inLanguage\":\"pt-PT\"},{\"@type\":\"WebPage\",\"@id\":\"https:\\\/\\\/cardamomo.com\\\/pt\\\/el-flamenco-en-madrid-una-estela-vibrante-de-tradicion-y-pasion\\\/\",\"url\":\"https:\\\/\\\/cardamomo.com\\\/pt\\\/el-flamenco-en-madrid-una-estela-vibrante-de-tradicion-y-pasion\\\/\",\"name\":\"O Flamenco em Madrid: Uma Estela Vibrante de Tradi\u00e7\u00e3o e Paix\u00e3o\",\"isPartOf\":{\"@id\":\"https:\\\/\\\/cardamomo.com\\\/pt\\\/#website\"},\"primaryImageOfPage\":{\"@id\":\"https:\\\/\\\/cardamomo.com\\\/pt\\\/el-flamenco-en-madrid-una-estela-vibrante-de-tradicion-y-pasion\\\/#primaryimage\"},\"image\":{\"@id\":\"https:\\\/\\\/cardamomo.com\\\/es\\\/el-flamenco-en-madrid-una-estela-vibrante-de-tradicion-y-pasion\\\/#primaryimage\"},\"thumbnailUrl\":\"https:\\\/\\\/cardamomo.ams3.digitaloceanspaces.com\\\/wp-content\\\/uploads\\\/2024\\\/03\\\/15121949\\\/baile-1.jpg\",\"datePublished\":\"2024-04-03T15:02:38+00:00\",\"dateModified\":\"2025-12-11T11:17:07+00:00\",\"author\":{\"@id\":\"https:\\\/\\\/cardamomo.com\\\/es\\\/#\\\/schema\\\/person\\\/abfbca965cbb188c4c46a0520d55dbaf\"},\"description\":\"O que faz de Cardamomo o melhor espet\u00e1culo de flamenco em Madrid? Espet\u00e1culos di\u00e1rios de flamenco ao vivo, jantares e tapas. Compre j\u00e1 o seu bilhete.\",\"breadcrumb\":{\"@id\":\"https:\\\/\\\/cardamomo.com\\\/pt\\\/el-flamenco-en-madrid-una-estela-vibrante-de-tradicion-y-pasion\\\/#breadcrumb\"},\"inLanguage\":\"pt-PT\",\"potentialAction\":[{\"@type\":\"ReadAction\",\"target\":[[\"https:\\\/\\\/cardamomo.com\\\/pt\\\/el-flamenco-en-madrid-una-estela-vibrante-de-tradicion-y-pasion\\\/\"]]}]},{\"@type\":\"ImageObject\",\"inLanguage\":\"pt-PT\",\"@id\":\"https:\\\/\\\/cardamomo.com\\\/pt\\\/el-flamenco-en-madrid-una-estela-vibrante-de-tradicion-y-pasion\\\/#primaryimage\",\"url\":\"https:\\\/\\\/cardamomo.ams3.digitaloceanspaces.com\\\/wp-content\\\/uploads\\\/2024\\\/03\\\/15121949\\\/baile-1.jpg\",\"contentUrl\":\"https:\\\/\\\/cardamomo.ams3.digitaloceanspaces.com\\\/wp-content\\\/uploads\\\/2024\\\/03\\\/15121949\\\/baile-1.jpg\",\"width\":1200,\"height\":600,\"caption\":\"What makes Cardamomo the best Flamenco Show in Madrid?\"},{\"@type\":\"BreadcrumbList\",\"@id\":\"https:\\\/\\\/cardamomo.com\\\/pt\\\/el-flamenco-en-madrid-una-estela-vibrante-de-tradicion-y-pasion\\\/#breadcrumb\",\"itemListElement\":[{\"@type\":\"ListItem\",\"position\":1,\"name\":\"Cardamomo\",\"item\":\"https:\\\/\\\/cardamomo.com\\\/pt\\\/\"},{\"@type\":\"ListItem\",\"position\":2,\"name\":\"El Flamenco en Madrid: Una Estela Vibrante de Tradici\u00f3n y Pasi\u00f3n\"}]},{\"@type\":\"WebSite\",\"@id\":\"https:\\\/\\\/cardamomo.com\\\/pt\\\/#website\",\"url\":\"https:\\\/\\\/cardamomo.com\\\/pt\\\/\",\"name\":\"Cardamomo Flamenco Madrid\",\"description\":\"\",\"potentialAction\":[{\"@type\":\"SearchAction\",\"target\":{\"@type\":\"EntryPoint\",\"urlTemplate\":\"https:\\\/\\\/cardamomo.com\\\/pt\\\/?s={search_term_string}\"},\"query-input\":{\"@type\":\"PropertyValueSpecification\",\"valueRequired\":true,\"valueName\":\"search_term_string\"}}],\"inLanguage\":\"pt-PT\"},{\"@type\":\"Person\",\"@id\":\"https:\\\/\\\/cardamomo.com\\\/es\\\/#\\\/schema\\\/person\\\/abfbca965cbb188c4c46a0520d55dbaf\",\"name\":\"admin_cardamomo\",\"image\":{\"@type\":\"ImageObject\",\"inLanguage\":\"pt-PT\",\"@id\":\"https:\\\/\\\/secure.gravatar.com\\\/avatar\\\/74390b26a5e2b464e9c76f16c1e1a834a96863be28dd8c65644a4f9d210168b3?s=96&d=mm&r=g\",\"url\":\"https:\\\/\\\/secure.gravatar.com\\\/avatar\\\/74390b26a5e2b464e9c76f16c1e1a834a96863be28dd8c65644a4f9d210168b3?s=96&d=mm&r=g\",\"contentUrl\":\"https:\\\/\\\/secure.gravatar.com\\\/avatar\\\/74390b26a5e2b464e9c76f16c1e1a834a96863be28dd8c65644a4f9d210168b3?s=96&d=mm&r=g\",\"caption\":\"admin_cardamomo\"},\"sameAs\":[\"http:\\\/\\\/pro.cardamomo.com\"],\"url\":\"https:\\\/\\\/cardamomo.com\\\/pt\\\/author\\\/admin_cardamomo\\\/\"}]}<\/script>\n<!-- \/ Yoast SEO plugin. -->","yoast_head_json":{"title":"O Flamenco em Madrid: Uma Estela Vibrante de Tradi\u00e7\u00e3o e Paix\u00e3o","description":"O que faz de Cardamomo o melhor espet\u00e1culo de flamenco em Madrid? Espet\u00e1culos di\u00e1rios de flamenco ao vivo, jantares e tapas. Compre j\u00e1 o seu bilhete.","robots":{"index":"index","follow":"follow","max-snippet":"max-snippet:-1","max-image-preview":"max-image-preview:large","max-video-preview":"max-video-preview:-1"},"canonical":"\/","og_locale":"pt_PT","og_type":"article","og_title":"O Flamenco em Madrid: Uma Estela Vibrante de Tradi\u00e7\u00e3o e Paix\u00e3o","og_description":"O que faz de Cardamomo o melhor espet\u00e1culo de flamenco em Madrid? Espet\u00e1culos di\u00e1rios de flamenco ao vivo, jantares e tapas. Compre j\u00e1 o seu bilhete.","og_url":"https:\/\/cardamomo.com\/pt\/el-flamenco-en-madrid-una-estela-vibrante-de-tradicion-y-pasion\/","og_site_name":"Cardamomo Flamenco Madrid","article_published_time":"2024-04-03T15:02:38+00:00","article_modified_time":"2025-12-11T11:17:07+00:00","og_image":[{"width":1200,"height":600,"url":"https:\/\/cardamomo.ams3.digitaloceanspaces.com\/wp-content\/uploads\/2024\/03\/15121949\/baile-1.jpg","type":"image\/jpeg"}],"author":"admin_cardamomo","twitter_card":"summary_large_image","twitter_misc":{"Escrito por":"admin_cardamomo","Tempo estimado de leitura":"2 minutos"},"schema":{"@context":"https:\/\/schema.org","@graph":[{"@type":"Article","@id":"https:\/\/cardamomo.com\/es\/el-flamenco-en-madrid-una-estela-vibrante-de-tradicion-y-pasion\/#article","isPartOf":{"@id":"https:\/\/cardamomo.com\/es\/el-flamenco-en-madrid-una-estela-vibrante-de-tradicion-y-pasion\/"},"author":{"name":"admin_cardamomo","@id":"https:\/\/cardamomo.com\/es\/#\/schema\/person\/abfbca965cbb188c4c46a0520d55dbaf"},"headline":"A dan\u00e7a flamenca de Madrid: um vibrante tecido de tradi\u00e7\u00e3o e paix\u00e3o","datePublished":"2024-04-03T15:02:38+00:00","dateModified":"2025-12-11T11:17:07+00:00","mainEntityOfPage":{"@id":"https:\/\/cardamomo.com\/es\/el-flamenco-en-madrid-una-estela-vibrante-de-tradicion-y-pasion\/"},"wordCount":2592,"image":{"@id":"https:\/\/cardamomo.com\/es\/el-flamenco-en-madrid-una-estela-vibrante-de-tradicion-y-pasion\/#primaryimage"},"thumbnailUrl":"https:\/\/cardamomo.ams3.digitaloceanspaces.com\/wp-content\/uploads\/2024\/03\/15121949\/baile-1.jpg","articleSection":["Flamenco"],"inLanguage":"pt-PT"},{"@type":"WebPage","@id":"https:\/\/cardamomo.com\/pt\/el-flamenco-en-madrid-una-estela-vibrante-de-tradicion-y-pasion\/","url":"https:\/\/cardamomo.com\/pt\/el-flamenco-en-madrid-una-estela-vibrante-de-tradicion-y-pasion\/","name":"O Flamenco em Madrid: Uma Estela Vibrante de Tradi\u00e7\u00e3o e Paix\u00e3o","isPartOf":{"@id":"https:\/\/cardamomo.com\/pt\/#website"},"primaryImageOfPage":{"@id":"https:\/\/cardamomo.com\/pt\/el-flamenco-en-madrid-una-estela-vibrante-de-tradicion-y-pasion\/#primaryimage"},"image":{"@id":"https:\/\/cardamomo.com\/es\/el-flamenco-en-madrid-una-estela-vibrante-de-tradicion-y-pasion\/#primaryimage"},"thumbnailUrl":"https:\/\/cardamomo.ams3.digitaloceanspaces.com\/wp-content\/uploads\/2024\/03\/15121949\/baile-1.jpg","datePublished":"2024-04-03T15:02:38+00:00","dateModified":"2025-12-11T11:17:07+00:00","author":{"@id":"https:\/\/cardamomo.com\/es\/#\/schema\/person\/abfbca965cbb188c4c46a0520d55dbaf"},"description":"O que faz de Cardamomo o melhor espet\u00e1culo de flamenco em Madrid? Espet\u00e1culos di\u00e1rios de flamenco ao vivo, jantares e tapas. Compre j\u00e1 o seu bilhete.","breadcrumb":{"@id":"https:\/\/cardamomo.com\/pt\/el-flamenco-en-madrid-una-estela-vibrante-de-tradicion-y-pasion\/#breadcrumb"},"inLanguage":"pt-PT","potentialAction":[{"@type":"ReadAction","target":[["https:\/\/cardamomo.com\/pt\/el-flamenco-en-madrid-una-estela-vibrante-de-tradicion-y-pasion\/"]]}]},{"@type":"ImageObject","inLanguage":"pt-PT","@id":"https:\/\/cardamomo.com\/pt\/el-flamenco-en-madrid-una-estela-vibrante-de-tradicion-y-pasion\/#primaryimage","url":"https:\/\/cardamomo.ams3.digitaloceanspaces.com\/wp-content\/uploads\/2024\/03\/15121949\/baile-1.jpg","contentUrl":"https:\/\/cardamomo.ams3.digitaloceanspaces.com\/wp-content\/uploads\/2024\/03\/15121949\/baile-1.jpg","width":1200,"height":600,"caption":"What makes Cardamomo the best Flamenco Show in Madrid?"},{"@type":"BreadcrumbList","@id":"https:\/\/cardamomo.com\/pt\/el-flamenco-en-madrid-una-estela-vibrante-de-tradicion-y-pasion\/#breadcrumb","itemListElement":[{"@type":"ListItem","position":1,"name":"Cardamomo","item":"https:\/\/cardamomo.com\/pt\/"},{"@type":"ListItem","position":2,"name":"El Flamenco en Madrid: Una Estela Vibrante de Tradici\u00f3n y Pasi\u00f3n"}]},{"@type":"WebSite","@id":"https:\/\/cardamomo.com\/pt\/#website","url":"https:\/\/cardamomo.com\/pt\/","name":"Cardamomo Flamenco Madrid","description":"","potentialAction":[{"@type":"SearchAction","target":{"@type":"EntryPoint","urlTemplate":"https:\/\/cardamomo.com\/pt\/?s={search_term_string}"},"query-input":{"@type":"PropertyValueSpecification","valueRequired":true,"valueName":"search_term_string"}}],"inLanguage":"pt-PT"},{"@type":"Person","@id":"https:\/\/cardamomo.com\/es\/#\/schema\/person\/abfbca965cbb188c4c46a0520d55dbaf","name":"admin_cardamomo","image":{"@type":"ImageObject","inLanguage":"pt-PT","@id":"https:\/\/secure.gravatar.com\/avatar\/74390b26a5e2b464e9c76f16c1e1a834a96863be28dd8c65644a4f9d210168b3?s=96&d=mm&r=g","url":"https:\/\/secure.gravatar.com\/avatar\/74390b26a5e2b464e9c76f16c1e1a834a96863be28dd8c65644a4f9d210168b3?s=96&d=mm&r=g","contentUrl":"https:\/\/secure.gravatar.com\/avatar\/74390b26a5e2b464e9c76f16c1e1a834a96863be28dd8c65644a4f9d210168b3?s=96&d=mm&r=g","caption":"admin_cardamomo"},"sameAs":["http:\/\/pro.cardamomo.com"],"url":"https:\/\/cardamomo.com\/pt\/author\/admin_cardamomo\/"}]}},"_links":{"self":[{"href":"https:\/\/cardamomo.com\/pt\/wp-json\/wp\/v2\/posts\/140395","targetHints":{"allow":["GET"]}}],"collection":[{"href":"https:\/\/cardamomo.com\/pt\/wp-json\/wp\/v2\/posts"}],"about":[{"href":"https:\/\/cardamomo.com\/pt\/wp-json\/wp\/v2\/types\/post"}],"author":[{"embeddable":true,"href":"https:\/\/cardamomo.com\/pt\/wp-json\/wp\/v2\/users\/1"}],"replies":[{"embeddable":true,"href":"https:\/\/cardamomo.com\/pt\/wp-json\/wp\/v2\/comments?post=140395"}],"version-history":[{"count":13,"href":"https:\/\/cardamomo.com\/pt\/wp-json\/wp\/v2\/posts\/140395\/revisions"}],"predecessor-version":[{"id":158094,"href":"https:\/\/cardamomo.com\/pt\/wp-json\/wp\/v2\/posts\/140395\/revisions\/158094"}],"wp:featuredmedia":[{"embeddable":true,"href":"https:\/\/cardamomo.com\/pt\/wp-json\/wp\/v2\/media\/139719"}],"wp:attachment":[{"href":"https:\/\/cardamomo.com\/pt\/wp-json\/wp\/v2\/media?parent=140395"}],"wp:term":[{"taxonomy":"category","embeddable":true,"href":"https:\/\/cardamomo.com\/pt\/wp-json\/wp\/v2\/categories?post=140395"},{"taxonomy":"post_tag","embeddable":true,"href":"https:\/\/cardamomo.com\/pt\/wp-json\/wp\/v2\/tags?post=140395"}],"curies":[{"name":"wp","href":"https:\/\/api.w.org\/{rel}","templated":true}]}}