{"id":134519,"date":"2023-11-22T19:04:24","date_gmt":"2023-11-22T18:04:24","guid":{"rendered":"https:\/\/cardamomo.com\/es\/?p=134519"},"modified":"2025-12-03T15:58:12","modified_gmt":"2025-12-03T14:58:12","slug":"farruquito-vuelve-a-cardamomo-en-diciembre","status":"publish","type":"post","link":"https:\/\/cardamomo.com\/pt\/farruquito-vuelve-a-cardamomo-en-diciembre\/","title":{"rendered":"O Farruquito regressa ao Cardamomo em dezembro"},"content":{"rendered":"<p><\/p>\n<h2><strong>Desfrute de um espet\u00e1culo especial com o melhor bailarino de flamenco!<\/strong><\/h2>\n<p><strong>Farruquito<\/strong> \u00e9 considerado por profissionais e cr\u00edticos como o maior expoente da atual arte flamenca. Independentemente do seu ramo, os artistas dedicados ao flamenco concordam numa coisa: ele \u00e9 <strong>\u00fanico<\/strong>.<\/p>\n<p>Herdeiro da escola do seu av\u00f4 &#8220;<strong>Farruco<\/strong>&#8220;, Juan Manuel Fernandez continua o seu legado, levando-o a todo o mundo. O seu estilo de dan\u00e7a marcou uma era na forma de fazer e entender o flamenco em palco. Da sua expressividade aos seus movimentos, Farruquito \u00e9 um bailaor que entende a <strong>dan\u00e7a<\/strong> e o <strong>flamenco<\/strong> de uma forma <strong>global<\/strong>.<\/p>\n<p>Como qualquer bom artista que se preze, o &#8220;<strong>capit\u00e3o<\/strong>&#8221; \u00e9 um verdadeiro amante da cultura e da m\u00fasica flamenca em todas as suas express\u00f5es. A arte \u00e9 uma constante na sua vida. Desde o seu nascimento, esteve em contacto com o flamenco atrav\u00e9s da sua fam\u00edlia, em casa e no palco. Progressivamente, foi-se profissionalizando at\u00e9 se estrear internacionalmente aos <strong>doze anos<\/strong> de idade.<\/p>\n<h2><strong>Espet\u00e1culo de tablao \u00fanico<\/strong><\/h2>\n<p><strong>Cardamomo<\/strong> \u00e9 formado por uma grande fam\u00edlia de artistas e profissionais que vos acompanhar\u00e3o para viver uma experi\u00eancia \u00fanica que demorar\u00e3o muito tempo a esquecer. Um espa\u00e7o com capacidade reduzida que \u00e9 um desafio para todos os artistas. Um palco onde se podem despir, demonstrar e transmitir toda a sua arte.<\/p>\n<p>\u00c9 um privil\u00e9gio ter <strong>Farruquito<\/strong> no nosso <strong>tablao<\/strong>. Um artista que se torna maior em palco e que inspira. Um bailarino que se liga e cria magia atrav\u00e9s dos seus movimentos.<\/p>\n<p>Descobre mais curiosidades sobre Farruquito clicando <a href=\"https:\/\/www.youtube.com\/watch?v=O3DChtnbVBU\">aqui<\/a>!<\/p>\n<h2><strong>O legado de Farruco<\/strong><\/h2>\n<p>O estilo de dan\u00e7a que vem da escola de seu av\u00f4, criou <strong>doutrina<\/strong>. Todos os artistas olham para a sua forma de entender a dan\u00e7a flamenca. Farruquito persegue a busca das sensa\u00e7\u00f5es e sentimentos que a m\u00fasica flamenca transmite, transmitindo-os atrav\u00e9s da sua dan\u00e7a. Juan Fernandez \u00e9 <strong>improvisa\u00e7\u00e3o<\/strong>, <strong>garra<\/strong> e <strong>humildade<\/strong>.<\/p>\n<p>A sua capacidade de improvisa\u00e7\u00e3o \u00e9 conseguida atrav\u00e9s dos sentimentos que os cantores e guitarristas transmitem com as suas letras e melodias. Farruquito preparou-se ao longo da sua vida para aprender a linguagem flamenca e torn\u00e1-la sua. Desta forma, cria diferentes sensa\u00e7\u00f5es no espetador atrav\u00e9s da sua forma de improvisar. Considera sempre que &#8220;uma coreografia pode ser bonita, mas \u00e9 igualmente ou mais importante dizer o que se sente em cada momento&#8221;.<\/p>\n<h2><\/h2>\n<p>&nbsp;<\/p>\n<h2><strong>Grandes figuras do flamenco<\/strong><\/h2>\n<p>Este espet\u00e1culo faz parte do nosso ciclo de &#8220;Grandes figuras do flamenco&#8221;.<\/p>\n<p>Em Cardamomo recebemos periodicamente a visita dos melhores artistas da cena flamenca espanhola. De C\u00e1dis, Sevilha ou Granada a Barcelona, passando por Madrid, temos o prazer de os fazer sentir em casa.<\/p>\n<p>Aqui pode encontrar algumas das \u00faltimas edi\u00e7\u00f5es deste ciclo.<\/p>\n<p>&nbsp;<\/p>\n<p><strong>Farru<\/strong><\/p>\n<p>Antonio Fern\u00e1ndez Montoya, mais conhecido por &#8220;El Farru&#8221;, nasceu em Sevilha em 1988, filho do cantor Juan <strong>&#8220;El Moreno&#8221;<\/strong> e da bailarina <strong>&#8220;La Farruca&#8221;<\/strong>, irm\u00e3o do bailarino <strong>&#8220;Farruquito&#8221;<\/strong> e neto de <strong>&#8220;Farruco&#8221;<\/strong>. Juntamente com o seu irm\u00e3o, \u00e9 um dos grandes expoentes da escola de dan\u00e7a do seu av\u00f4.<\/p>\n<p>Saiba mais sobre este bailarino <a href=\"https:\/\/www.youtube.com\/watch?v=tEkbQvMCGY0&amp;t=322s\">aqui<\/a>!<\/p>\n<p><strong>Fuensanta &#8216;La Moneta<\/strong><\/p>\n<p>Fuensanta Fresneda Galera, &#8220;la Moneta&#8221;, \u00e9 natural de <strong>Granada<\/strong>. Esta cidade, que tanto contribuiu para o flamenco, \u00e9 um marco na dan\u00e7a desta grande estrela. Um estilo selvagem mas contempor\u00e2neo ao nosso tempo. Pode saber mais sobre esta grande artista atrav\u00e9s da sua <a href=\"https:\/\/www.youtube.com\/watch?v=fg4vjJGg3cc\">entrevista<\/a>.<\/p>\n<p><strong>Juan de Juan<\/strong><\/p>\n<p>Bailarino sevilhano que representa o selo de Mor\u00f3n de la Frontera desde os 16 anos de idade. Dan\u00e7ou nos teatros mais importantes de Espanha e do mundo. Por isso, \u00e9 um orgulho ter a sua presen\u00e7a no nosso tablao. Atrav\u00e9s da sua <a href=\"https:\/\/www.youtube.com\/watch?v=fg4vjJGg3cc\">entrevista<\/a>, pode ficar a saber mais sobre a sua experi\u00eancia no flamenco.<\/p>\n<p>&nbsp;<\/p>\n<h2><strong>Aproveite a oportunidade e reserve j\u00e1 os seus bilhetes!<\/strong><\/h2>\n<h1><img decoding=\"async\" class=\"alignnone size-large wp-image-27937\" src=\"https:\/\/tablaoflamenco1911.com\/wp-content\/uploads\/2023\/05\/logos-para-web-1024x301.png\" alt=\"\" \/><\/h1>\n<p><\/p>","protected":false},"excerpt":{"rendered":"Desfrute de um espet\u00e1culo especial com o melhor bailarino de flamenco! Farruquito \u00e9 considerado por profissionais e cr\u00edticos como o maior expoente da atual arte flamenca. Independentemente do seu ramo, os artistas dedicados ao flamenco concordam numa coisa: ele \u00e9 \u00fanico. Herdeiro da escola do seu av\u00f4 &#8220;Farruco&#8220;, Juan Manuel Fernandez continua o seu legado,&#8230;","protected":false},"author":1,"featured_media":126705,"comment_status":"closed","ping_status":"open","sticky":false,"template":"","format":"standard","meta":{"_acf_changed":false,"inline_featured_image":false,"footnotes":""},"categories":[6],"tags":[],"class_list":["post-134519","post","type-post","status-publish","format-standard","has-post-thumbnail","hentry","category-artistas-cardamomo"],"acf":[],"yoast_head":"<!-- This site is optimized with the Yoast SEO plugin v27.4 - https:\/\/yoast.com\/product\/yoast-seo-wordpress\/ -->\n<title>O Farruquito regressa ao Cardamomo em dezembro - Cardamomo Flamenco Madrid<\/title>\n<meta name=\"description\" content=\"Farruquito vuelve a Cardamomo en diciembre para ofrecernos un espect\u00e1culo m\u00e1gico. Una oportunidad \u00fanica para celebrar y disfrutar el flamenco\" \/>\n<meta name=\"robots\" content=\"index, follow, max-snippet:-1, max-image-preview:large, max-video-preview:-1\" \/>\n<link rel=\"canonical\" href=\"\/\" \/>\n<meta property=\"og:locale\" content=\"pt_PT\" \/>\n<meta property=\"og:type\" content=\"article\" \/>\n<meta property=\"og:title\" content=\"O Farruquito regressa ao Cardamomo em dezembro - Cardamomo Flamenco Madrid\" \/>\n<meta property=\"og:description\" content=\"Farruquito vuelve a Cardamomo en diciembre para ofrecernos un espect\u00e1culo m\u00e1gico. Una oportunidad \u00fanica para celebrar y disfrutar el flamenco\" \/>\n<meta property=\"og:url\" content=\"https:\/\/cardamomo.com\/pt\/farruquito-vuelve-a-cardamomo-en-diciembre\/\" \/>\n<meta property=\"og:site_name\" content=\"Cardamomo Flamenco Madrid\" \/>\n<meta property=\"article:published_time\" content=\"2023-11-22T18:04:24+00:00\" \/>\n<meta property=\"article:modified_time\" content=\"2025-12-03T14:58:12+00:00\" \/>\n<meta property=\"og:image\" content=\"https:\/\/cardamomo.ams3.digitaloceanspaces.com\/wp-content\/uploads\/2023\/07\/15121936\/web1-e1700676504237.jpg\" \/>\n\t<meta property=\"og:image:width\" content=\"1019\" \/>\n\t<meta property=\"og:image:height\" content=\"568\" \/>\n\t<meta property=\"og:image:type\" content=\"image\/jpeg\" \/>\n<meta name=\"author\" content=\"admin_cardamomo\" \/>\n<meta name=\"twitter:card\" content=\"summary_large_image\" \/>\n<meta name=\"twitter:label1\" content=\"Escrito por\" \/>\n\t<meta name=\"twitter:data1\" content=\"admin_cardamomo\" \/>\n\t<meta name=\"twitter:label2\" content=\"Tempo estimado de leitura\" \/>\n\t<meta name=\"twitter:data2\" content=\"4 minutos\" \/>\n<script type=\"application\/ld+json\" class=\"yoast-schema-graph\">{\"@context\":\"https:\\\/\\\/schema.org\",\"@graph\":[{\"@type\":\"Article\",\"@id\":\"https:\\\/\\\/cardamomo.com\\\/es\\\/farruquito-vuelve-a-cardamomo-en-diciembre\\\/#article\",\"isPartOf\":{\"@id\":\"https:\\\/\\\/cardamomo.com\\\/es\\\/farruquito-vuelve-a-cardamomo-en-diciembre\\\/\"},\"author\":{\"name\":\"admin_cardamomo\",\"@id\":\"https:\\\/\\\/cardamomo.com\\\/es\\\/#\\\/schema\\\/person\\\/abfbca965cbb188c4c46a0520d55dbaf\"},\"headline\":\"O Farruquito regressa ao Cardamomo em dezembro\",\"datePublished\":\"2023-11-22T18:04:24+00:00\",\"dateModified\":\"2025-12-03T14:58:12+00:00\",\"mainEntityOfPage\":{\"@id\":\"https:\\\/\\\/cardamomo.com\\\/es\\\/farruquito-vuelve-a-cardamomo-en-diciembre\\\/\"},\"wordCount\":5920,\"image\":{\"@id\":\"https:\\\/\\\/cardamomo.com\\\/es\\\/farruquito-vuelve-a-cardamomo-en-diciembre\\\/#primaryimage\"},\"thumbnailUrl\":\"https:\\\/\\\/cardamomo.ams3.digitaloceanspaces.com\\\/wp-content\\\/uploads\\\/2023\\\/07\\\/15121936\\\/web1-e1700676504237.jpg\",\"articleSection\":[\"Artistas Cardamomo\"],\"inLanguage\":\"pt-PT\"},{\"@type\":\"WebPage\",\"@id\":\"https:\\\/\\\/cardamomo.com\\\/pt\\\/farruquito-vuelve-a-cardamomo-en-diciembre\\\/\",\"url\":\"https:\\\/\\\/cardamomo.com\\\/pt\\\/farruquito-vuelve-a-cardamomo-en-diciembre\\\/\",\"name\":\"O Farruquito regressa ao Cardamomo em dezembro - Cardamomo Flamenco Madrid\",\"isPartOf\":{\"@id\":\"https:\\\/\\\/cardamomo.com\\\/pt\\\/#website\"},\"primaryImageOfPage\":{\"@id\":\"https:\\\/\\\/cardamomo.com\\\/pt\\\/farruquito-vuelve-a-cardamomo-en-diciembre\\\/#primaryimage\"},\"image\":{\"@id\":\"https:\\\/\\\/cardamomo.com\\\/es\\\/farruquito-vuelve-a-cardamomo-en-diciembre\\\/#primaryimage\"},\"thumbnailUrl\":\"https:\\\/\\\/cardamomo.ams3.digitaloceanspaces.com\\\/wp-content\\\/uploads\\\/2023\\\/07\\\/15121936\\\/web1-e1700676504237.jpg\",\"datePublished\":\"2023-11-22T18:04:24+00:00\",\"dateModified\":\"2025-12-03T14:58:12+00:00\",\"author\":{\"@id\":\"https:\\\/\\\/cardamomo.com\\\/es\\\/#\\\/schema\\\/person\\\/abfbca965cbb188c4c46a0520d55dbaf\"},\"description\":\"Farruquito vuelve a Cardamomo en diciembre para ofrecernos un espect\u00e1culo m\u00e1gico. Una oportunidad \u00fanica para celebrar y disfrutar el flamenco\",\"breadcrumb\":{\"@id\":\"https:\\\/\\\/cardamomo.com\\\/pt\\\/farruquito-vuelve-a-cardamomo-en-diciembre\\\/#breadcrumb\"},\"inLanguage\":\"pt-PT\",\"potentialAction\":[{\"@type\":\"ReadAction\",\"target\":[[\"https:\\\/\\\/cardamomo.com\\\/pt\\\/farruquito-vuelve-a-cardamomo-en-diciembre\\\/\"]]}]},{\"@type\":\"ImageObject\",\"inLanguage\":\"pt-PT\",\"@id\":\"https:\\\/\\\/cardamomo.com\\\/pt\\\/farruquito-vuelve-a-cardamomo-en-diciembre\\\/#primaryimage\",\"url\":\"https:\\\/\\\/cardamomo.ams3.digitaloceanspaces.com\\\/wp-content\\\/uploads\\\/2023\\\/07\\\/15121936\\\/web1-e1700676504237.jpg\",\"contentUrl\":\"https:\\\/\\\/cardamomo.ams3.digitaloceanspaces.com\\\/wp-content\\\/uploads\\\/2023\\\/07\\\/15121936\\\/web1-e1700676504237.jpg\",\"width\":1019,\"height\":568,\"caption\":\"Farruquito en Cardamomo 2023\"},{\"@type\":\"BreadcrumbList\",\"@id\":\"https:\\\/\\\/cardamomo.com\\\/pt\\\/farruquito-vuelve-a-cardamomo-en-diciembre\\\/#breadcrumb\",\"itemListElement\":[{\"@type\":\"ListItem\",\"position\":1,\"name\":\"Cardamomo\",\"item\":\"https:\\\/\\\/cardamomo.com\\\/pt\\\/\"},{\"@type\":\"ListItem\",\"position\":2,\"name\":\"Farruquito vuelve a Cardamomo en Diciembre\"}]},{\"@type\":\"WebSite\",\"@id\":\"https:\\\/\\\/cardamomo.com\\\/pt\\\/#website\",\"url\":\"https:\\\/\\\/cardamomo.com\\\/pt\\\/\",\"name\":\"Cardamomo Flamenco Madrid\",\"description\":\"\",\"potentialAction\":[{\"@type\":\"SearchAction\",\"target\":{\"@type\":\"EntryPoint\",\"urlTemplate\":\"https:\\\/\\\/cardamomo.com\\\/pt\\\/?s={search_term_string}\"},\"query-input\":{\"@type\":\"PropertyValueSpecification\",\"valueRequired\":true,\"valueName\":\"search_term_string\"}}],\"inLanguage\":\"pt-PT\"},{\"@type\":\"Person\",\"@id\":\"https:\\\/\\\/cardamomo.com\\\/es\\\/#\\\/schema\\\/person\\\/abfbca965cbb188c4c46a0520d55dbaf\",\"name\":\"admin_cardamomo\",\"image\":{\"@type\":\"ImageObject\",\"inLanguage\":\"pt-PT\",\"@id\":\"https:\\\/\\\/secure.gravatar.com\\\/avatar\\\/74390b26a5e2b464e9c76f16c1e1a834a96863be28dd8c65644a4f9d210168b3?s=96&d=mm&r=g\",\"url\":\"https:\\\/\\\/secure.gravatar.com\\\/avatar\\\/74390b26a5e2b464e9c76f16c1e1a834a96863be28dd8c65644a4f9d210168b3?s=96&d=mm&r=g\",\"contentUrl\":\"https:\\\/\\\/secure.gravatar.com\\\/avatar\\\/74390b26a5e2b464e9c76f16c1e1a834a96863be28dd8c65644a4f9d210168b3?s=96&d=mm&r=g\",\"caption\":\"admin_cardamomo\"},\"sameAs\":[\"http:\\\/\\\/pro.cardamomo.com\"],\"url\":\"https:\\\/\\\/cardamomo.com\\\/pt\\\/author\\\/admin_cardamomo\\\/\"}]}<\/script>\n<!-- \/ Yoast SEO plugin. -->","yoast_head_json":{"title":"O Farruquito regressa ao Cardamomo em dezembro - Cardamomo Flamenco Madrid","description":"Farruquito vuelve a Cardamomo en diciembre para ofrecernos un espect\u00e1culo m\u00e1gico. Una oportunidad \u00fanica para celebrar y disfrutar el flamenco","robots":{"index":"index","follow":"follow","max-snippet":"max-snippet:-1","max-image-preview":"max-image-preview:large","max-video-preview":"max-video-preview:-1"},"canonical":"\/","og_locale":"pt_PT","og_type":"article","og_title":"O Farruquito regressa ao Cardamomo em dezembro - Cardamomo Flamenco Madrid","og_description":"Farruquito vuelve a Cardamomo en diciembre para ofrecernos un espect\u00e1culo m\u00e1gico. Una oportunidad \u00fanica para celebrar y disfrutar el flamenco","og_url":"https:\/\/cardamomo.com\/pt\/farruquito-vuelve-a-cardamomo-en-diciembre\/","og_site_name":"Cardamomo Flamenco Madrid","article_published_time":"2023-11-22T18:04:24+00:00","article_modified_time":"2025-12-03T14:58:12+00:00","og_image":[{"width":1019,"height":568,"url":"https:\/\/cardamomo.ams3.digitaloceanspaces.com\/wp-content\/uploads\/2023\/07\/15121936\/web1-e1700676504237.jpg","type":"image\/jpeg"}],"author":"admin_cardamomo","twitter_card":"summary_large_image","twitter_misc":{"Escrito por":"admin_cardamomo","Tempo estimado de leitura":"4 minutos"},"schema":{"@context":"https:\/\/schema.org","@graph":[{"@type":"Article","@id":"https:\/\/cardamomo.com\/es\/farruquito-vuelve-a-cardamomo-en-diciembre\/#article","isPartOf":{"@id":"https:\/\/cardamomo.com\/es\/farruquito-vuelve-a-cardamomo-en-diciembre\/"},"author":{"name":"admin_cardamomo","@id":"https:\/\/cardamomo.com\/es\/#\/schema\/person\/abfbca965cbb188c4c46a0520d55dbaf"},"headline":"O Farruquito regressa ao Cardamomo em dezembro","datePublished":"2023-11-22T18:04:24+00:00","dateModified":"2025-12-03T14:58:12+00:00","mainEntityOfPage":{"@id":"https:\/\/cardamomo.com\/es\/farruquito-vuelve-a-cardamomo-en-diciembre\/"},"wordCount":5920,"image":{"@id":"https:\/\/cardamomo.com\/es\/farruquito-vuelve-a-cardamomo-en-diciembre\/#primaryimage"},"thumbnailUrl":"https:\/\/cardamomo.ams3.digitaloceanspaces.com\/wp-content\/uploads\/2023\/07\/15121936\/web1-e1700676504237.jpg","articleSection":["Artistas Cardamomo"],"inLanguage":"pt-PT"},{"@type":"WebPage","@id":"https:\/\/cardamomo.com\/pt\/farruquito-vuelve-a-cardamomo-en-diciembre\/","url":"https:\/\/cardamomo.com\/pt\/farruquito-vuelve-a-cardamomo-en-diciembre\/","name":"O Farruquito regressa ao Cardamomo em dezembro - Cardamomo Flamenco Madrid","isPartOf":{"@id":"https:\/\/cardamomo.com\/pt\/#website"},"primaryImageOfPage":{"@id":"https:\/\/cardamomo.com\/pt\/farruquito-vuelve-a-cardamomo-en-diciembre\/#primaryimage"},"image":{"@id":"https:\/\/cardamomo.com\/es\/farruquito-vuelve-a-cardamomo-en-diciembre\/#primaryimage"},"thumbnailUrl":"https:\/\/cardamomo.ams3.digitaloceanspaces.com\/wp-content\/uploads\/2023\/07\/15121936\/web1-e1700676504237.jpg","datePublished":"2023-11-22T18:04:24+00:00","dateModified":"2025-12-03T14:58:12+00:00","author":{"@id":"https:\/\/cardamomo.com\/es\/#\/schema\/person\/abfbca965cbb188c4c46a0520d55dbaf"},"description":"Farruquito vuelve a Cardamomo en diciembre para ofrecernos un espect\u00e1culo m\u00e1gico. Una oportunidad \u00fanica para celebrar y disfrutar el flamenco","breadcrumb":{"@id":"https:\/\/cardamomo.com\/pt\/farruquito-vuelve-a-cardamomo-en-diciembre\/#breadcrumb"},"inLanguage":"pt-PT","potentialAction":[{"@type":"ReadAction","target":[["https:\/\/cardamomo.com\/pt\/farruquito-vuelve-a-cardamomo-en-diciembre\/"]]}]},{"@type":"ImageObject","inLanguage":"pt-PT","@id":"https:\/\/cardamomo.com\/pt\/farruquito-vuelve-a-cardamomo-en-diciembre\/#primaryimage","url":"https:\/\/cardamomo.ams3.digitaloceanspaces.com\/wp-content\/uploads\/2023\/07\/15121936\/web1-e1700676504237.jpg","contentUrl":"https:\/\/cardamomo.ams3.digitaloceanspaces.com\/wp-content\/uploads\/2023\/07\/15121936\/web1-e1700676504237.jpg","width":1019,"height":568,"caption":"Farruquito en Cardamomo 2023"},{"@type":"BreadcrumbList","@id":"https:\/\/cardamomo.com\/pt\/farruquito-vuelve-a-cardamomo-en-diciembre\/#breadcrumb","itemListElement":[{"@type":"ListItem","position":1,"name":"Cardamomo","item":"https:\/\/cardamomo.com\/pt\/"},{"@type":"ListItem","position":2,"name":"Farruquito vuelve a Cardamomo en Diciembre"}]},{"@type":"WebSite","@id":"https:\/\/cardamomo.com\/pt\/#website","url":"https:\/\/cardamomo.com\/pt\/","name":"Cardamomo Flamenco Madrid","description":"","potentialAction":[{"@type":"SearchAction","target":{"@type":"EntryPoint","urlTemplate":"https:\/\/cardamomo.com\/pt\/?s={search_term_string}"},"query-input":{"@type":"PropertyValueSpecification","valueRequired":true,"valueName":"search_term_string"}}],"inLanguage":"pt-PT"},{"@type":"Person","@id":"https:\/\/cardamomo.com\/es\/#\/schema\/person\/abfbca965cbb188c4c46a0520d55dbaf","name":"admin_cardamomo","image":{"@type":"ImageObject","inLanguage":"pt-PT","@id":"https:\/\/secure.gravatar.com\/avatar\/74390b26a5e2b464e9c76f16c1e1a834a96863be28dd8c65644a4f9d210168b3?s=96&d=mm&r=g","url":"https:\/\/secure.gravatar.com\/avatar\/74390b26a5e2b464e9c76f16c1e1a834a96863be28dd8c65644a4f9d210168b3?s=96&d=mm&r=g","contentUrl":"https:\/\/secure.gravatar.com\/avatar\/74390b26a5e2b464e9c76f16c1e1a834a96863be28dd8c65644a4f9d210168b3?s=96&d=mm&r=g","caption":"admin_cardamomo"},"sameAs":["http:\/\/pro.cardamomo.com"],"url":"https:\/\/cardamomo.com\/pt\/author\/admin_cardamomo\/"}]}},"_links":{"self":[{"href":"https:\/\/cardamomo.com\/pt\/wp-json\/wp\/v2\/posts\/134519","targetHints":{"allow":["GET"]}}],"collection":[{"href":"https:\/\/cardamomo.com\/pt\/wp-json\/wp\/v2\/posts"}],"about":[{"href":"https:\/\/cardamomo.com\/pt\/wp-json\/wp\/v2\/types\/post"}],"author":[{"embeddable":true,"href":"https:\/\/cardamomo.com\/pt\/wp-json\/wp\/v2\/users\/1"}],"replies":[{"embeddable":true,"href":"https:\/\/cardamomo.com\/pt\/wp-json\/wp\/v2\/comments?post=134519"}],"version-history":[{"count":1,"href":"https:\/\/cardamomo.com\/pt\/wp-json\/wp\/v2\/posts\/134519\/revisions"}],"predecessor-version":[{"id":158015,"href":"https:\/\/cardamomo.com\/pt\/wp-json\/wp\/v2\/posts\/134519\/revisions\/158015"}],"wp:featuredmedia":[{"embeddable":true,"href":"https:\/\/cardamomo.com\/pt\/wp-json\/wp\/v2\/media\/126705"}],"wp:attachment":[{"href":"https:\/\/cardamomo.com\/pt\/wp-json\/wp\/v2\/media?parent=134519"}],"wp:term":[{"taxonomy":"category","embeddable":true,"href":"https:\/\/cardamomo.com\/pt\/wp-json\/wp\/v2\/categories?post=134519"},{"taxonomy":"post_tag","embeddable":true,"href":"https:\/\/cardamomo.com\/pt\/wp-json\/wp\/v2\/tags?post=134519"}],"curies":[{"name":"wp","href":"https:\/\/api.w.org\/{rel}","templated":true}]}}