{"id":84510,"date":"2021-08-12T13:47:36","date_gmt":"2021-08-12T11:47:36","guid":{"rendered":"https:\/\/cardamomo.com\/es\/?p=84510"},"modified":"2025-12-10T17:28:49","modified_gmt":"2025-12-10T16:28:49","slug":"el-yiyo-19-al-22-de-agosto","status":"publish","type":"post","link":"https:\/\/cardamomo.com\/it\/el-yiyo-19-al-22-de-agosto\/","title":{"rendered":"El Yiyo &#8211; Octubre"},"content":{"rendered":"<p><\/p>\n<h2 id=\"tw-target-text\" class=\"tw-data-text tw-text-large XcVN5d tw-ta\" dir=\"ltr\" data-placeholder=\"Traducci\u00f3n\">Yiyo sar\u00e0 di nuovo con noi dal 4 al 10 Ottobre!<\/h2>\n<p class=\"tw-data-text tw-text-large XcVN5d tw-ta\" dir=\"ltr\" data-placeholder=\"Traducci\u00f3n\"><span class=\"Y2IQFc\" lang=\"it\">Bailaor nato a Badalona, \u200b\u200bcon solo 25 anni e 17 anni di esperienza, \u00e8 gi\u00e0 un riferimento nel flamenco, alcuni gi\u00e0 parlano di lui come il nuovo<strong> Joaqu\u00edn Cort\u00e9s<\/strong>. <\/span><\/p>\n<p class=\"tw-data-text tw-text-large XcVN5d tw-ta\" dir=\"ltr\" data-placeholder=\"Traducci\u00f3n\"><span class=\"Y2IQFc\" lang=\"it\">Ha un differenziale che solo coloro che sono nati con una stella possiedono, con il dono speciale di affascinare con la loro presenza e la loro arte, ovunque vadano. <\/span><\/p>\n<p class=\"tw-data-text tw-text-large XcVN5d tw-ta\" dir=\"ltr\" data-placeholder=\"Traducci\u00f3n\"><span class=\"Y2IQFc\" lang=\"it\">Ha imparato a ballare prima di camminare. I suoi riferimenti artistici sono il grande <strong>Eduardo Serrano &#8220;El Guito&#8221;, Joaquin Cort\u00e9s, Farruquito e Antonio Canales.<\/strong><\/span><\/p>\n<p class=\"tw-data-text tw-text-large XcVN5d tw-ta\" dir=\"ltr\" data-placeholder=\"Traducci\u00f3n\"><span class=\"Y2IQFc\" lang=\"it\">A soli 11 anni compie il suo primo tour internazionale. \u00c8 stato l&#8217;headliner innumerevoli volte in grandi festival nazionali e internazionali, condividendo il cartellone con grandi artisti di flamenco come Estrella Morente, Miguel Poveda, Duquende, tra gli altri. <\/span><\/p>\n<p class=\"tw-data-text tw-text-large XcVN5d tw-ta\" dir=\"ltr\" data-placeholder=\"Traducci\u00f3n\"><span class=\"Y2IQFc\" lang=\"it\">Lo Yiyo ha forme classiche, ricordando tutti i suoi maestri, ma ci delizia anche con il suo modo di ballare molto personale e unico e con la facilit\u00e0 di giocare con il ritmo. \u00c8 la passione, l&#8217;eleganza, la sensibilit\u00e0 e il carisma che lo contraddistinguono dagli altri. Questa differenza gli ha dato visibilit\u00e0 agli occhi di designer, registi e creatori, come <strong>Armani, Sole\u00e1 Morente o C. Tangana.<\/strong> Attualmente \u00e8 in cartellone per la Spagna con il suo nuovo spettacolo; La Yiyo &amp; Su Troupe, un montaggio che incorpora per la prima volta un corpo di ballo, ed \u00e8 gi\u00e0 un successo di critica e pubblico. <\/span><\/p>\n<p class=\"tw-data-text tw-text-large XcVN5d tw-ta\" dir=\"ltr\" data-placeholder=\"Traducci\u00f3n\"><span class=\"Y2IQFc\" lang=\"it\">\u00c8 senza dubbio uno dei bailaores con pi\u00f9 proiezione in questo momento, dentro e fuori i tablao e i teatri. Per il suo modo di ballare, certo, ma anche per il suo posizionamento con marchi di moda e fotografi che lo hanno lasciato sotto i riflettori come modello. <\/span><\/p>\n<p class=\"tw-data-text tw-text-large XcVN5d tw-ta\" dir=\"ltr\" data-placeholder=\"Traducci\u00f3n\"><span class=\"Y2IQFc\" lang=\"it\">\u00c8 la nuova stella di questa nuova era del flamenco e hai l&#8217;opportunit\u00e0 di vederlo <strong>al Cardamomo<\/strong>.<\/span><\/p>\n<p class=\"tw-data-text tw-text-large XcVN5d tw-ta\" dir=\"ltr\" data-placeholder=\"Traducci\u00f3n\"><span class=\"Y2IQFc\" lang=\"it\"> Un&#8217;esperienza unica, vederla da cos\u00ec vicino, in un ambiente intimo e molto flamenco. <\/span><\/p>\n<p class=\"tw-data-text tw-text-large XcVN5d tw-ta\" dir=\"ltr\" data-placeholder=\"Traducci\u00f3n\"><span class=\"Y2IQFc\" lang=\"it\">Ti aspettiamo.<\/span><\/p>\n<p><\/p>","protected":false},"excerpt":{"rendered":"Yiyo sar\u00e0 di nuovo con noi dal 4 al 10 Ottobre! Bailaor nato a Badalona, \u200b\u200bcon solo 25 anni e 17 anni di esperienza, \u00e8 gi\u00e0 un riferimento nel flamenco, alcuni gi\u00e0 parlano di lui come il nuovo Joaqu\u00edn Cort\u00e9s. Ha un differenziale che solo coloro che sono nati con una stella possiedono, con il&#8230;","protected":false},"author":1,"featured_media":87070,"comment_status":"closed","ping_status":"open","sticky":false,"template":"","format":"standard","meta":{"_acf_changed":false,"inline_featured_image":false,"footnotes":""},"categories":[6],"tags":[],"class_list":["post-84510","post","type-post","status-publish","format-standard","has-post-thumbnail","hentry","category-artistas-cardamomo"],"acf":[],"yoast_head":"<!-- This site is optimized with the Yoast SEO plugin v27.4 - https:\/\/yoast.com\/product\/yoast-seo-wordpress\/ -->\n<title>El Yiyo - Octubre - Cardamomo Flamenco Madrid<\/title>\n<meta name=\"robots\" content=\"index, follow, max-snippet:-1, max-image-preview:large, max-video-preview:-1\" \/>\n<link rel=\"canonical\" href=\"\/\" \/>\n<meta property=\"og:locale\" content=\"it_IT\" \/>\n<meta property=\"og:type\" content=\"article\" \/>\n<meta property=\"og:title\" content=\"El Yiyo - Octubre - Cardamomo Flamenco Madrid\" \/>\n<meta property=\"og:description\" content=\"Yiyo sar\u00e0 di nuovo con noi dal 4 al 10 Ottobre! Bailaor nato a Badalona, \u200b\u200bcon solo 25 anni e 17 anni di esperienza, \u00e8 gi\u00e0 un riferimento nel flamenco, alcuni gi\u00e0 parlano di lui come il nuovo Joaqu\u00edn Cort\u00e9s. Ha un differenziale che solo coloro che sono nati con una stella possiedono, con il...\" \/>\n<meta property=\"og:url\" content=\"https:\/\/cardamomo.com\/it\/el-yiyo-19-al-22-de-agosto\/\" \/>\n<meta property=\"og:site_name\" content=\"Cardamomo Flamenco Madrid\" \/>\n<meta property=\"article:published_time\" content=\"2021-08-12T11:47:36+00:00\" \/>\n<meta property=\"article:modified_time\" content=\"2025-12-10T16:28:49+00:00\" \/>\n<meta property=\"og:image\" content=\"https:\/\/cardamomo.ams3.digitaloceanspaces.com\/wp-content\/uploads\/2021\/08\/15115936\/yiyo-octubre.jpg\" \/>\n\t<meta property=\"og:image:width\" content=\"1024\" \/>\n\t<meta property=\"og:image:height\" content=\"1024\" \/>\n\t<meta property=\"og:image:type\" content=\"image\/jpeg\" \/>\n<meta name=\"author\" content=\"admin_cardamomo\" \/>\n<meta name=\"twitter:card\" content=\"summary_large_image\" \/>\n<meta name=\"twitter:label1\" content=\"Scritto da\" \/>\n\t<meta name=\"twitter:data1\" content=\"admin_cardamomo\" \/>\n\t<meta name=\"twitter:label2\" content=\"Tempo di lettura stimato\" \/>\n\t<meta name=\"twitter:data2\" content=\"2 minuti\" \/>\n<script type=\"application\/ld+json\" class=\"yoast-schema-graph\">{\"@context\":\"https:\\\/\\\/schema.org\",\"@graph\":[{\"@type\":\"Article\",\"@id\":\"https:\\\/\\\/cardamomo.com\\\/es\\\/el-yiyo-19-al-22-de-agosto\\\/#article\",\"isPartOf\":{\"@id\":\"https:\\\/\\\/cardamomo.com\\\/es\\\/el-yiyo-19-al-22-de-agosto\\\/\"},\"author\":{\"name\":\"admin_cardamomo\",\"@id\":\"https:\\\/\\\/cardamomo.com\\\/es\\\/#\\\/schema\\\/person\\\/abfbca965cbb188c4c46a0520d55dbaf\"},\"headline\":\"El Yiyo &#8211; Octubre\",\"datePublished\":\"2021-08-12T11:47:36+00:00\",\"dateModified\":\"2025-12-10T16:28:49+00:00\",\"mainEntityOfPage\":{\"@id\":\"https:\\\/\\\/cardamomo.com\\\/es\\\/el-yiyo-19-al-22-de-agosto\\\/\"},\"wordCount\":3620,\"image\":{\"@id\":\"https:\\\/\\\/cardamomo.com\\\/es\\\/el-yiyo-19-al-22-de-agosto\\\/#primaryimage\"},\"thumbnailUrl\":\"https:\\\/\\\/cardamomo.ams3.digitaloceanspaces.com\\\/wp-content\\\/uploads\\\/2021\\\/08\\\/15115936\\\/yiyo-octubre.jpg\",\"articleSection\":[\"Artistas Cardamomo\"],\"inLanguage\":\"it-IT\"},{\"@type\":\"WebPage\",\"@id\":\"https:\\\/\\\/cardamomo.com\\\/it\\\/el-yiyo-19-al-22-de-agosto\\\/\",\"url\":\"https:\\\/\\\/cardamomo.com\\\/it\\\/el-yiyo-19-al-22-de-agosto\\\/\",\"name\":\"El Yiyo - Octubre - Cardamomo Flamenco Madrid\",\"isPartOf\":{\"@id\":\"https:\\\/\\\/cardamomo.com\\\/it\\\/#website\"},\"primaryImageOfPage\":{\"@id\":\"https:\\\/\\\/cardamomo.com\\\/it\\\/el-yiyo-19-al-22-de-agosto\\\/#primaryimage\"},\"image\":{\"@id\":\"https:\\\/\\\/cardamomo.com\\\/es\\\/el-yiyo-19-al-22-de-agosto\\\/#primaryimage\"},\"thumbnailUrl\":\"https:\\\/\\\/cardamomo.ams3.digitaloceanspaces.com\\\/wp-content\\\/uploads\\\/2021\\\/08\\\/15115936\\\/yiyo-octubre.jpg\",\"datePublished\":\"2021-08-12T11:47:36+00:00\",\"dateModified\":\"2025-12-10T16:28:49+00:00\",\"author\":{\"@id\":\"https:\\\/\\\/cardamomo.com\\\/es\\\/#\\\/schema\\\/person\\\/abfbca965cbb188c4c46a0520d55dbaf\"},\"breadcrumb\":{\"@id\":\"https:\\\/\\\/cardamomo.com\\\/it\\\/el-yiyo-19-al-22-de-agosto\\\/#breadcrumb\"},\"inLanguage\":\"it-IT\",\"potentialAction\":[{\"@type\":\"ReadAction\",\"target\":[[\"https:\\\/\\\/cardamomo.com\\\/it\\\/el-yiyo-19-al-22-de-agosto\\\/\"]]}]},{\"@type\":\"ImageObject\",\"inLanguage\":\"it-IT\",\"@id\":\"https:\\\/\\\/cardamomo.com\\\/it\\\/el-yiyo-19-al-22-de-agosto\\\/#primaryimage\",\"url\":\"https:\\\/\\\/cardamomo.ams3.digitaloceanspaces.com\\\/wp-content\\\/uploads\\\/2021\\\/08\\\/15115936\\\/yiyo-octubre.jpg\",\"contentUrl\":\"https:\\\/\\\/cardamomo.ams3.digitaloceanspaces.com\\\/wp-content\\\/uploads\\\/2021\\\/08\\\/15115936\\\/yiyo-octubre.jpg\",\"width\":1024,\"height\":1024,\"caption\":\"Bailaor el Yiyo en cardamomo tabla flamenco madrid\"},{\"@type\":\"BreadcrumbList\",\"@id\":\"https:\\\/\\\/cardamomo.com\\\/it\\\/el-yiyo-19-al-22-de-agosto\\\/#breadcrumb\",\"itemListElement\":[{\"@type\":\"ListItem\",\"position\":1,\"name\":\"Cardamomo\",\"item\":\"https:\\\/\\\/cardamomo.com\\\/it\\\/\"},{\"@type\":\"ListItem\",\"position\":2,\"name\":\"El Yiyo &#8211; Octubre\"}]},{\"@type\":\"WebSite\",\"@id\":\"https:\\\/\\\/cardamomo.com\\\/it\\\/#website\",\"url\":\"https:\\\/\\\/cardamomo.com\\\/it\\\/\",\"name\":\"Cardamomo Flamenco Madrid\",\"description\":\"\",\"potentialAction\":[{\"@type\":\"SearchAction\",\"target\":{\"@type\":\"EntryPoint\",\"urlTemplate\":\"https:\\\/\\\/cardamomo.com\\\/it\\\/?s={search_term_string}\"},\"query-input\":{\"@type\":\"PropertyValueSpecification\",\"valueRequired\":true,\"valueName\":\"search_term_string\"}}],\"inLanguage\":\"it-IT\"},{\"@type\":\"Person\",\"@id\":\"https:\\\/\\\/cardamomo.com\\\/es\\\/#\\\/schema\\\/person\\\/abfbca965cbb188c4c46a0520d55dbaf\",\"name\":\"admin_cardamomo\",\"image\":{\"@type\":\"ImageObject\",\"inLanguage\":\"it-IT\",\"@id\":\"https:\\\/\\\/secure.gravatar.com\\\/avatar\\\/74390b26a5e2b464e9c76f16c1e1a834a96863be28dd8c65644a4f9d210168b3?s=96&d=mm&r=g\",\"url\":\"https:\\\/\\\/secure.gravatar.com\\\/avatar\\\/74390b26a5e2b464e9c76f16c1e1a834a96863be28dd8c65644a4f9d210168b3?s=96&d=mm&r=g\",\"contentUrl\":\"https:\\\/\\\/secure.gravatar.com\\\/avatar\\\/74390b26a5e2b464e9c76f16c1e1a834a96863be28dd8c65644a4f9d210168b3?s=96&d=mm&r=g\",\"caption\":\"admin_cardamomo\"},\"sameAs\":[\"http:\\\/\\\/pro.cardamomo.com\"],\"url\":\"https:\\\/\\\/cardamomo.com\\\/it\\\/author\\\/admin_cardamomo\\\/\"}]}<\/script>\n<!-- \/ Yoast SEO plugin. -->","yoast_head_json":{"title":"El Yiyo - Octubre - Cardamomo Flamenco Madrid","robots":{"index":"index","follow":"follow","max-snippet":"max-snippet:-1","max-image-preview":"max-image-preview:large","max-video-preview":"max-video-preview:-1"},"canonical":"\/","og_locale":"it_IT","og_type":"article","og_title":"El Yiyo - Octubre - Cardamomo Flamenco Madrid","og_description":"Yiyo sar\u00e0 di nuovo con noi dal 4 al 10 Ottobre! Bailaor nato a Badalona, \u200b\u200bcon solo 25 anni e 17 anni di esperienza, \u00e8 gi\u00e0 un riferimento nel flamenco, alcuni gi\u00e0 parlano di lui come il nuovo Joaqu\u00edn Cort\u00e9s. Ha un differenziale che solo coloro che sono nati con una stella possiedono, con il...","og_url":"https:\/\/cardamomo.com\/it\/el-yiyo-19-al-22-de-agosto\/","og_site_name":"Cardamomo Flamenco Madrid","article_published_time":"2021-08-12T11:47:36+00:00","article_modified_time":"2025-12-10T16:28:49+00:00","og_image":[{"width":1024,"height":1024,"url":"https:\/\/cardamomo.ams3.digitaloceanspaces.com\/wp-content\/uploads\/2021\/08\/15115936\/yiyo-octubre.jpg","type":"image\/jpeg"}],"author":"admin_cardamomo","twitter_card":"summary_large_image","twitter_misc":{"Scritto da":"admin_cardamomo","Tempo di lettura stimato":"2 minuti"},"schema":{"@context":"https:\/\/schema.org","@graph":[{"@type":"Article","@id":"https:\/\/cardamomo.com\/es\/el-yiyo-19-al-22-de-agosto\/#article","isPartOf":{"@id":"https:\/\/cardamomo.com\/es\/el-yiyo-19-al-22-de-agosto\/"},"author":{"name":"admin_cardamomo","@id":"https:\/\/cardamomo.com\/es\/#\/schema\/person\/abfbca965cbb188c4c46a0520d55dbaf"},"headline":"El Yiyo &#8211; Octubre","datePublished":"2021-08-12T11:47:36+00:00","dateModified":"2025-12-10T16:28:49+00:00","mainEntityOfPage":{"@id":"https:\/\/cardamomo.com\/es\/el-yiyo-19-al-22-de-agosto\/"},"wordCount":3620,"image":{"@id":"https:\/\/cardamomo.com\/es\/el-yiyo-19-al-22-de-agosto\/#primaryimage"},"thumbnailUrl":"https:\/\/cardamomo.ams3.digitaloceanspaces.com\/wp-content\/uploads\/2021\/08\/15115936\/yiyo-octubre.jpg","articleSection":["Artistas Cardamomo"],"inLanguage":"it-IT"},{"@type":"WebPage","@id":"https:\/\/cardamomo.com\/it\/el-yiyo-19-al-22-de-agosto\/","url":"https:\/\/cardamomo.com\/it\/el-yiyo-19-al-22-de-agosto\/","name":"El Yiyo - Octubre - Cardamomo Flamenco Madrid","isPartOf":{"@id":"https:\/\/cardamomo.com\/it\/#website"},"primaryImageOfPage":{"@id":"https:\/\/cardamomo.com\/it\/el-yiyo-19-al-22-de-agosto\/#primaryimage"},"image":{"@id":"https:\/\/cardamomo.com\/es\/el-yiyo-19-al-22-de-agosto\/#primaryimage"},"thumbnailUrl":"https:\/\/cardamomo.ams3.digitaloceanspaces.com\/wp-content\/uploads\/2021\/08\/15115936\/yiyo-octubre.jpg","datePublished":"2021-08-12T11:47:36+00:00","dateModified":"2025-12-10T16:28:49+00:00","author":{"@id":"https:\/\/cardamomo.com\/es\/#\/schema\/person\/abfbca965cbb188c4c46a0520d55dbaf"},"breadcrumb":{"@id":"https:\/\/cardamomo.com\/it\/el-yiyo-19-al-22-de-agosto\/#breadcrumb"},"inLanguage":"it-IT","potentialAction":[{"@type":"ReadAction","target":[["https:\/\/cardamomo.com\/it\/el-yiyo-19-al-22-de-agosto\/"]]}]},{"@type":"ImageObject","inLanguage":"it-IT","@id":"https:\/\/cardamomo.com\/it\/el-yiyo-19-al-22-de-agosto\/#primaryimage","url":"https:\/\/cardamomo.ams3.digitaloceanspaces.com\/wp-content\/uploads\/2021\/08\/15115936\/yiyo-octubre.jpg","contentUrl":"https:\/\/cardamomo.ams3.digitaloceanspaces.com\/wp-content\/uploads\/2021\/08\/15115936\/yiyo-octubre.jpg","width":1024,"height":1024,"caption":"Bailaor el Yiyo en cardamomo tabla flamenco madrid"},{"@type":"BreadcrumbList","@id":"https:\/\/cardamomo.com\/it\/el-yiyo-19-al-22-de-agosto\/#breadcrumb","itemListElement":[{"@type":"ListItem","position":1,"name":"Cardamomo","item":"https:\/\/cardamomo.com\/it\/"},{"@type":"ListItem","position":2,"name":"El Yiyo &#8211; Octubre"}]},{"@type":"WebSite","@id":"https:\/\/cardamomo.com\/it\/#website","url":"https:\/\/cardamomo.com\/it\/","name":"Cardamomo Flamenco Madrid","description":"","potentialAction":[{"@type":"SearchAction","target":{"@type":"EntryPoint","urlTemplate":"https:\/\/cardamomo.com\/it\/?s={search_term_string}"},"query-input":{"@type":"PropertyValueSpecification","valueRequired":true,"valueName":"search_term_string"}}],"inLanguage":"it-IT"},{"@type":"Person","@id":"https:\/\/cardamomo.com\/es\/#\/schema\/person\/abfbca965cbb188c4c46a0520d55dbaf","name":"admin_cardamomo","image":{"@type":"ImageObject","inLanguage":"it-IT","@id":"https:\/\/secure.gravatar.com\/avatar\/74390b26a5e2b464e9c76f16c1e1a834a96863be28dd8c65644a4f9d210168b3?s=96&d=mm&r=g","url":"https:\/\/secure.gravatar.com\/avatar\/74390b26a5e2b464e9c76f16c1e1a834a96863be28dd8c65644a4f9d210168b3?s=96&d=mm&r=g","contentUrl":"https:\/\/secure.gravatar.com\/avatar\/74390b26a5e2b464e9c76f16c1e1a834a96863be28dd8c65644a4f9d210168b3?s=96&d=mm&r=g","caption":"admin_cardamomo"},"sameAs":["http:\/\/pro.cardamomo.com"],"url":"https:\/\/cardamomo.com\/it\/author\/admin_cardamomo\/"}]}},"_links":{"self":[{"href":"https:\/\/cardamomo.com\/it\/wp-json\/wp\/v2\/posts\/84510","targetHints":{"allow":["GET"]}}],"collection":[{"href":"https:\/\/cardamomo.com\/it\/wp-json\/wp\/v2\/posts"}],"about":[{"href":"https:\/\/cardamomo.com\/it\/wp-json\/wp\/v2\/types\/post"}],"author":[{"embeddable":true,"href":"https:\/\/cardamomo.com\/it\/wp-json\/wp\/v2\/users\/1"}],"replies":[{"embeddable":true,"href":"https:\/\/cardamomo.com\/it\/wp-json\/wp\/v2\/comments?post=84510"}],"version-history":[{"count":1,"href":"https:\/\/cardamomo.com\/it\/wp-json\/wp\/v2\/posts\/84510\/revisions"}],"predecessor-version":[{"id":158066,"href":"https:\/\/cardamomo.com\/it\/wp-json\/wp\/v2\/posts\/84510\/revisions\/158066"}],"wp:featuredmedia":[{"embeddable":true,"href":"https:\/\/cardamomo.com\/it\/wp-json\/wp\/v2\/media\/87070"}],"wp:attachment":[{"href":"https:\/\/cardamomo.com\/it\/wp-json\/wp\/v2\/media?parent=84510"}],"wp:term":[{"taxonomy":"category","embeddable":true,"href":"https:\/\/cardamomo.com\/it\/wp-json\/wp\/v2\/categories?post=84510"},{"taxonomy":"post_tag","embeddable":true,"href":"https:\/\/cardamomo.com\/it\/wp-json\/wp\/v2\/tags?post=84510"}],"curies":[{"name":"wp","href":"https:\/\/api.w.org\/{rel}","templated":true}]}}