{"id":7715,"date":"2014-02-16T13:08:01","date_gmt":"2014-02-16T12:08:01","guid":{"rendered":"http:\/\/cardamomo.es\/?p=7715"},"modified":"2026-03-02T12:46:36","modified_gmt":"2026-03-02T11:46:36","slug":"flamenco-en-madrid","status":"publish","type":"post","link":"https:\/\/cardamomo.com\/it\/il-flamenco-a-madrid-e-una-cosa-seria\/","title":{"rendered":"Il flamenco a Madrid \u00e8 una cosa seria"},"content":{"rendered":"<p><\/p>\n<h4 style=\"text-align: left;\">\u201cFlamenco \u00e8 l\u2019espressione dei sentimenti delle persone, attraverso le loro danze, le loro canzoni, il loro tocco\u2026\u201d dice Raquel Villegas.<\/h4>\n<h5><img loading=\"lazy\" decoding=\"async\" class=\"aligncenter wp-image-19514 size-full\" src=\"https:\/\/pro.cardamomo.com\/wp-content\/uploads\/2014\/02\/villegas-flamenco-cardamomo1.jpg\" alt=\"villegas-flamenco-cardamomo1\" width=\"700\" height=\"467\" \/><\/h5>\n<h5><\/h5>\n<h5>La settimana dal 17 al 23 di febbraio, il Cardamomo Tablao Flamenco in Madrid si prepara per ricevere la ballerina di Cadiz Raquel Villegas.<\/h5>\n<p>Discepola di <strong>El Mimbre, Merche Esmeralda, El G\u00fcito, La Chiqui di Jerez, o Jennifer Hanner<\/strong>, Raquel \u00e8 stata sulle scene in tutto il mondo con la compagnia di Mar\u00eda del Mar Moreno, Alhama, Merche Esmeralda\u2026 Ha ballato per 6 mesi a Tokio nel tablao \u201cEl Flamenco\u201d. \u00c9 professoressa, direttrice e ballerina\u2026 Allo stesso tempo dirige una Associazione-Tablao di Flamenco \u201cBodeg\u00f3n a Contratiempo\u201d a Sanl\u00facar, dove si organizzano festival e spettacoli.\u00a0Tutta la critica conosce la sua dolcezza, femminilit\u00e0 e la bellezza del suo modo di ballare.<br \/>\nQuesta artista polivalente ha partecipato a spettacoli tanto originali come il <strong>\u201cbaile flamenco con caballos\u201d<\/strong>, che potete visionare qui di seguito. E nel successivo video ci racconta un p\u00f2 la storia del flamenco sin dalla sua nascita.<\/p>\n<h5><a href=\"http:\/\/cardamomo.es\/wp-content\/uploads\/2014\/02\/flamenco-madrid-miguel-tellez.jpg\"><img loading=\"lazy\" decoding=\"async\" class=\"size-full wp-image-7751 aligncenter\" title=\"Flamenco en Madrid con Miguel Tellez\" src=\"http:\/\/cardamomo.es\/wp-content\/uploads\/2014\/02\/flamenco-madrid-miguel-tellez.jpg\" alt=\"Tellez en tablao flamenco en Madrid\" width=\"700\" height=\"933\" \/><\/a>Allo stesso modo c\u2019\u00e8 il grande Miguel Tellez, del quale abbiamo parlato in un altro articolo che potete consultare nel nostro sito.<\/h5>\n<p>Questo <strong>ballerino di Jerez<\/strong> inizi\u00f2 i suoi studi di flamenco quando aveva solo 10 anni. Si \u00e8 esibito in scenari ti tutto il mondo, come al Queen Elizabeth Hall a Londra, al festival Andaluso di Burdeos, nei teatri di Tokyo, Kyoto, Osaka, Nagasky, Gifu, per nominarne alcuni. Inoltre si \u00e8 esibito per il <strong>Re di Spagna in Sevilla<\/strong>, in occasione della visita del Re di Inghilterra nel 1988. Nel 2009 mont\u00f2 il suo personale spettacolo \u201cDelearte Flamenco\u201d, coniugando il flamenco pi\u00f9 tradizionale con lo stile pi\u00f9 attuale.<\/p>\n<div>Accompagnando questi ballerini, vi saranno anche Granado e Sergio Aranda nel ballo, accolti dal canto degli artisti Sonia Cort\u00e9s, Roberto Lorente e Saray Mu\u00f1oz e dalla chitarra di Juan Serrano e Juan Jim\u00e9mez.<\/div>\n<h6>Un grande elenco artistico per fare del Flamenco a Madrid una cosa molto seria.<\/h6>\n<p>&nbsp;<\/p>","protected":false},"excerpt":{"rendered":"\u201cFlamenco \u00e8 l\u2019espressione dei sentimenti delle persone, attraverso le loro danze, le loro canzoni, il loro tocco\u2026\u201d dice Raquel Villegas. La settimana dal 17 al 23 di febbraio, il Cardamomo Tablao Flamenco in Madrid si prepara per ricevere la ballerina di Cadiz Raquel Villegas. Discepola di El Mimbre, Merche Esmeralda, El G\u00fcito, La Chiqui di&#8230;","protected":false},"author":1,"featured_media":19517,"comment_status":"closed","ping_status":"closed","sticky":false,"template":"","format":"standard","meta":{"_acf_changed":false,"inline_featured_image":false,"footnotes":""},"categories":[8],"tags":[],"class_list":["post-7715","post","type-post","status-publish","format-standard","has-post-thumbnail","hentry","category-flamenco"],"acf":[],"yoast_head":"<!-- This site is optimized with the Yoast SEO plugin v27.4 - https:\/\/yoast.com\/product\/yoast-seo-wordpress\/ -->\n<title>Il flamenco a Madrid \u00e8 una cosa seria - Cardamomo Flamenco Madrid<\/title>\n<meta name=\"robots\" content=\"index, follow, max-snippet:-1, max-image-preview:large, max-video-preview:-1\" \/>\n<link rel=\"canonical\" href=\"\/\" \/>\n<meta property=\"og:locale\" content=\"it_IT\" \/>\n<meta property=\"og:type\" content=\"article\" \/>\n<meta property=\"og:title\" content=\"Il flamenco a Madrid \u00e8 una cosa seria - Cardamomo Flamenco Madrid\" \/>\n<meta property=\"og:description\" content=\"\u201cFlamenco \u00e8 l\u2019espressione dei sentimenti delle persone, attraverso le loro danze, le loro canzoni, il loro tocco\u2026\u201d dice Raquel Villegas. La settimana dal 17 al 23 di febbraio, il Cardamomo Tablao Flamenco in Madrid si prepara per ricevere la ballerina di Cadiz Raquel Villegas. Discepola di El Mimbre, Merche Esmeralda, El G\u00fcito, La Chiqui di...\" \/>\n<meta property=\"og:url\" content=\"https:\/\/cardamomo.com\/it\/el-flamenco-en-madrid-es-cosa-seria\/\" \/>\n<meta property=\"og:site_name\" content=\"Cardamomo Flamenco Madrid\" \/>\n<meta property=\"article:published_time\" content=\"2014-02-16T12:08:01+00:00\" \/>\n<meta property=\"article:modified_time\" content=\"2026-03-02T11:46:36+00:00\" \/>\n<meta property=\"og:image\" content=\"https:\/\/cardamomo.ams3.digitaloceanspaces.com\/wp-content\/uploads\/2014\/02\/15114734\/raquel-villegas-flamenco-cardamomo-madrid-560x259-1.jpg\" \/>\n\t<meta property=\"og:image:width\" content=\"560\" \/>\n\t<meta property=\"og:image:height\" content=\"259\" \/>\n\t<meta property=\"og:image:type\" content=\"image\/jpeg\" \/>\n<meta name=\"author\" content=\"admin_cardamomo\" \/>\n<meta name=\"twitter:card\" content=\"summary_large_image\" \/>\n<meta name=\"twitter:label1\" content=\"Scritto da\" \/>\n\t<meta name=\"twitter:data1\" content=\"admin_cardamomo\" \/>\n\t<meta name=\"twitter:label2\" content=\"Tempo di lettura stimato\" \/>\n\t<meta name=\"twitter:data2\" content=\"2 minuti\" \/>\n<script type=\"application\/ld+json\" class=\"yoast-schema-graph\">{\"@context\":\"https:\\\/\\\/schema.org\",\"@graph\":[{\"@type\":\"Article\",\"@id\":\"https:\\\/\\\/cardamomo.com\\\/es\\\/el-flamenco-en-madrid-es-cosa-seria\\\/#article\",\"isPartOf\":{\"@id\":\"https:\\\/\\\/cardamomo.com\\\/es\\\/el-flamenco-en-madrid-es-cosa-seria\\\/\"},\"author\":{\"name\":\"admin_cardamomo\",\"@id\":\"https:\\\/\\\/cardamomo.com\\\/es\\\/#\\\/schema\\\/person\\\/abfbca965cbb188c4c46a0520d55dbaf\"},\"headline\":\"Il flamenco a Madrid \u00e8 una cosa seria\",\"datePublished\":\"2014-02-16T12:08:01+00:00\",\"dateModified\":\"2026-03-02T11:46:36+00:00\",\"mainEntityOfPage\":{\"@id\":\"https:\\\/\\\/cardamomo.com\\\/es\\\/el-flamenco-en-madrid-es-cosa-seria\\\/\"},\"wordCount\":2671,\"image\":{\"@id\":\"https:\\\/\\\/cardamomo.com\\\/es\\\/el-flamenco-en-madrid-es-cosa-seria\\\/#primaryimage\"},\"thumbnailUrl\":\"https:\\\/\\\/cardamomo.ams3.digitaloceanspaces.com\\\/wp-content\\\/uploads\\\/2014\\\/02\\\/15114734\\\/raquel-villegas-flamenco-cardamomo-madrid-560x259-1.jpg\",\"articleSection\":[\"Flamenco\"],\"inLanguage\":\"it-IT\"},{\"@type\":\"WebPage\",\"@id\":\"https:\\\/\\\/cardamomo.com\\\/it\\\/el-flamenco-en-madrid-es-cosa-seria\\\/\",\"url\":\"https:\\\/\\\/cardamomo.com\\\/it\\\/el-flamenco-en-madrid-es-cosa-seria\\\/\",\"name\":\"Il flamenco a Madrid \u00e8 una cosa seria - Cardamomo Flamenco Madrid\",\"isPartOf\":{\"@id\":\"https:\\\/\\\/cardamomo.com\\\/it\\\/#website\"},\"primaryImageOfPage\":{\"@id\":\"https:\\\/\\\/cardamomo.com\\\/it\\\/el-flamenco-en-madrid-es-cosa-seria\\\/#primaryimage\"},\"image\":{\"@id\":\"https:\\\/\\\/cardamomo.com\\\/es\\\/el-flamenco-en-madrid-es-cosa-seria\\\/#primaryimage\"},\"thumbnailUrl\":\"https:\\\/\\\/cardamomo.ams3.digitaloceanspaces.com\\\/wp-content\\\/uploads\\\/2014\\\/02\\\/15114734\\\/raquel-villegas-flamenco-cardamomo-madrid-560x259-1.jpg\",\"datePublished\":\"2014-02-16T12:08:01+00:00\",\"dateModified\":\"2026-03-02T11:46:36+00:00\",\"author\":{\"@id\":\"https:\\\/\\\/cardamomo.com\\\/es\\\/#\\\/schema\\\/person\\\/abfbca965cbb188c4c46a0520d55dbaf\"},\"breadcrumb\":{\"@id\":\"https:\\\/\\\/cardamomo.com\\\/it\\\/el-flamenco-en-madrid-es-cosa-seria\\\/#breadcrumb\"},\"inLanguage\":\"it-IT\",\"potentialAction\":[{\"@type\":\"ReadAction\",\"target\":[[\"https:\\\/\\\/cardamomo.com\\\/it\\\/el-flamenco-en-madrid-es-cosa-seria\\\/\"]]}]},{\"@type\":\"ImageObject\",\"inLanguage\":\"it-IT\",\"@id\":\"https:\\\/\\\/cardamomo.com\\\/it\\\/el-flamenco-en-madrid-es-cosa-seria\\\/#primaryimage\",\"url\":\"https:\\\/\\\/cardamomo.ams3.digitaloceanspaces.com\\\/wp-content\\\/uploads\\\/2014\\\/02\\\/15114734\\\/raquel-villegas-flamenco-cardamomo-madrid-560x259-1.jpg\",\"contentUrl\":\"https:\\\/\\\/cardamomo.ams3.digitaloceanspaces.com\\\/wp-content\\\/uploads\\\/2014\\\/02\\\/15114734\\\/raquel-villegas-flamenco-cardamomo-madrid-560x259-1.jpg\",\"width\":560,\"height\":259,\"caption\":\"raquel villegas flamenco madrid tablao madrid\"},{\"@type\":\"BreadcrumbList\",\"@id\":\"https:\\\/\\\/cardamomo.com\\\/it\\\/el-flamenco-en-madrid-es-cosa-seria\\\/#breadcrumb\",\"itemListElement\":[{\"@type\":\"ListItem\",\"position\":1,\"name\":\"Cardamomo\",\"item\":\"https:\\\/\\\/cardamomo.com\\\/it\\\/\"},{\"@type\":\"ListItem\",\"position\":2,\"name\":\"El Flamenco en Madrid es cosa seria\"}]},{\"@type\":\"WebSite\",\"@id\":\"https:\\\/\\\/cardamomo.com\\\/it\\\/#website\",\"url\":\"https:\\\/\\\/cardamomo.com\\\/it\\\/\",\"name\":\"Cardamomo Flamenco Madrid\",\"description\":\"\",\"potentialAction\":[{\"@type\":\"SearchAction\",\"target\":{\"@type\":\"EntryPoint\",\"urlTemplate\":\"https:\\\/\\\/cardamomo.com\\\/it\\\/?s={search_term_string}\"},\"query-input\":{\"@type\":\"PropertyValueSpecification\",\"valueRequired\":true,\"valueName\":\"search_term_string\"}}],\"inLanguage\":\"it-IT\"},{\"@type\":\"Person\",\"@id\":\"https:\\\/\\\/cardamomo.com\\\/es\\\/#\\\/schema\\\/person\\\/abfbca965cbb188c4c46a0520d55dbaf\",\"name\":\"admin_cardamomo\",\"image\":{\"@type\":\"ImageObject\",\"inLanguage\":\"it-IT\",\"@id\":\"https:\\\/\\\/secure.gravatar.com\\\/avatar\\\/74390b26a5e2b464e9c76f16c1e1a834a96863be28dd8c65644a4f9d210168b3?s=96&d=mm&r=g\",\"url\":\"https:\\\/\\\/secure.gravatar.com\\\/avatar\\\/74390b26a5e2b464e9c76f16c1e1a834a96863be28dd8c65644a4f9d210168b3?s=96&d=mm&r=g\",\"contentUrl\":\"https:\\\/\\\/secure.gravatar.com\\\/avatar\\\/74390b26a5e2b464e9c76f16c1e1a834a96863be28dd8c65644a4f9d210168b3?s=96&d=mm&r=g\",\"caption\":\"admin_cardamomo\"},\"sameAs\":[\"http:\\\/\\\/pro.cardamomo.com\"],\"url\":\"https:\\\/\\\/cardamomo.com\\\/it\\\/author\\\/admin_cardamomo\\\/\"}]}<\/script>\n<!-- \/ Yoast SEO plugin. -->","yoast_head_json":{"title":"Il flamenco a Madrid \u00e8 una cosa seria - Cardamomo Flamenco Madrid","robots":{"index":"index","follow":"follow","max-snippet":"max-snippet:-1","max-image-preview":"max-image-preview:large","max-video-preview":"max-video-preview:-1"},"canonical":"\/","og_locale":"it_IT","og_type":"article","og_title":"Il flamenco a Madrid \u00e8 una cosa seria - Cardamomo Flamenco Madrid","og_description":"\u201cFlamenco \u00e8 l\u2019espressione dei sentimenti delle persone, attraverso le loro danze, le loro canzoni, il loro tocco\u2026\u201d dice Raquel Villegas. La settimana dal 17 al 23 di febbraio, il Cardamomo Tablao Flamenco in Madrid si prepara per ricevere la ballerina di Cadiz Raquel Villegas. Discepola di El Mimbre, Merche Esmeralda, El G\u00fcito, La Chiqui di...","og_url":"https:\/\/cardamomo.com\/it\/el-flamenco-en-madrid-es-cosa-seria\/","og_site_name":"Cardamomo Flamenco Madrid","article_published_time":"2014-02-16T12:08:01+00:00","article_modified_time":"2026-03-02T11:46:36+00:00","og_image":[{"width":560,"height":259,"url":"https:\/\/cardamomo.ams3.digitaloceanspaces.com\/wp-content\/uploads\/2014\/02\/15114734\/raquel-villegas-flamenco-cardamomo-madrid-560x259-1.jpg","type":"image\/jpeg"}],"author":"admin_cardamomo","twitter_card":"summary_large_image","twitter_misc":{"Scritto da":"admin_cardamomo","Tempo di lettura stimato":"2 minuti"},"schema":{"@context":"https:\/\/schema.org","@graph":[{"@type":"Article","@id":"https:\/\/cardamomo.com\/es\/el-flamenco-en-madrid-es-cosa-seria\/#article","isPartOf":{"@id":"https:\/\/cardamomo.com\/es\/el-flamenco-en-madrid-es-cosa-seria\/"},"author":{"name":"admin_cardamomo","@id":"https:\/\/cardamomo.com\/es\/#\/schema\/person\/abfbca965cbb188c4c46a0520d55dbaf"},"headline":"Il flamenco a Madrid \u00e8 una cosa seria","datePublished":"2014-02-16T12:08:01+00:00","dateModified":"2026-03-02T11:46:36+00:00","mainEntityOfPage":{"@id":"https:\/\/cardamomo.com\/es\/el-flamenco-en-madrid-es-cosa-seria\/"},"wordCount":2671,"image":{"@id":"https:\/\/cardamomo.com\/es\/el-flamenco-en-madrid-es-cosa-seria\/#primaryimage"},"thumbnailUrl":"https:\/\/cardamomo.ams3.digitaloceanspaces.com\/wp-content\/uploads\/2014\/02\/15114734\/raquel-villegas-flamenco-cardamomo-madrid-560x259-1.jpg","articleSection":["Flamenco"],"inLanguage":"it-IT"},{"@type":"WebPage","@id":"https:\/\/cardamomo.com\/it\/el-flamenco-en-madrid-es-cosa-seria\/","url":"https:\/\/cardamomo.com\/it\/el-flamenco-en-madrid-es-cosa-seria\/","name":"Il flamenco a Madrid \u00e8 una cosa seria - Cardamomo Flamenco Madrid","isPartOf":{"@id":"https:\/\/cardamomo.com\/it\/#website"},"primaryImageOfPage":{"@id":"https:\/\/cardamomo.com\/it\/el-flamenco-en-madrid-es-cosa-seria\/#primaryimage"},"image":{"@id":"https:\/\/cardamomo.com\/es\/el-flamenco-en-madrid-es-cosa-seria\/#primaryimage"},"thumbnailUrl":"https:\/\/cardamomo.ams3.digitaloceanspaces.com\/wp-content\/uploads\/2014\/02\/15114734\/raquel-villegas-flamenco-cardamomo-madrid-560x259-1.jpg","datePublished":"2014-02-16T12:08:01+00:00","dateModified":"2026-03-02T11:46:36+00:00","author":{"@id":"https:\/\/cardamomo.com\/es\/#\/schema\/person\/abfbca965cbb188c4c46a0520d55dbaf"},"breadcrumb":{"@id":"https:\/\/cardamomo.com\/it\/el-flamenco-en-madrid-es-cosa-seria\/#breadcrumb"},"inLanguage":"it-IT","potentialAction":[{"@type":"ReadAction","target":[["https:\/\/cardamomo.com\/it\/el-flamenco-en-madrid-es-cosa-seria\/"]]}]},{"@type":"ImageObject","inLanguage":"it-IT","@id":"https:\/\/cardamomo.com\/it\/el-flamenco-en-madrid-es-cosa-seria\/#primaryimage","url":"https:\/\/cardamomo.ams3.digitaloceanspaces.com\/wp-content\/uploads\/2014\/02\/15114734\/raquel-villegas-flamenco-cardamomo-madrid-560x259-1.jpg","contentUrl":"https:\/\/cardamomo.ams3.digitaloceanspaces.com\/wp-content\/uploads\/2014\/02\/15114734\/raquel-villegas-flamenco-cardamomo-madrid-560x259-1.jpg","width":560,"height":259,"caption":"raquel villegas flamenco madrid tablao madrid"},{"@type":"BreadcrumbList","@id":"https:\/\/cardamomo.com\/it\/el-flamenco-en-madrid-es-cosa-seria\/#breadcrumb","itemListElement":[{"@type":"ListItem","position":1,"name":"Cardamomo","item":"https:\/\/cardamomo.com\/it\/"},{"@type":"ListItem","position":2,"name":"El Flamenco en Madrid es cosa seria"}]},{"@type":"WebSite","@id":"https:\/\/cardamomo.com\/it\/#website","url":"https:\/\/cardamomo.com\/it\/","name":"Cardamomo Flamenco Madrid","description":"","potentialAction":[{"@type":"SearchAction","target":{"@type":"EntryPoint","urlTemplate":"https:\/\/cardamomo.com\/it\/?s={search_term_string}"},"query-input":{"@type":"PropertyValueSpecification","valueRequired":true,"valueName":"search_term_string"}}],"inLanguage":"it-IT"},{"@type":"Person","@id":"https:\/\/cardamomo.com\/es\/#\/schema\/person\/abfbca965cbb188c4c46a0520d55dbaf","name":"admin_cardamomo","image":{"@type":"ImageObject","inLanguage":"it-IT","@id":"https:\/\/secure.gravatar.com\/avatar\/74390b26a5e2b464e9c76f16c1e1a834a96863be28dd8c65644a4f9d210168b3?s=96&d=mm&r=g","url":"https:\/\/secure.gravatar.com\/avatar\/74390b26a5e2b464e9c76f16c1e1a834a96863be28dd8c65644a4f9d210168b3?s=96&d=mm&r=g","contentUrl":"https:\/\/secure.gravatar.com\/avatar\/74390b26a5e2b464e9c76f16c1e1a834a96863be28dd8c65644a4f9d210168b3?s=96&d=mm&r=g","caption":"admin_cardamomo"},"sameAs":["http:\/\/pro.cardamomo.com"],"url":"https:\/\/cardamomo.com\/it\/author\/admin_cardamomo\/"}]}},"_links":{"self":[{"href":"https:\/\/cardamomo.com\/it\/wp-json\/wp\/v2\/posts\/7715","targetHints":{"allow":["GET"]}}],"collection":[{"href":"https:\/\/cardamomo.com\/it\/wp-json\/wp\/v2\/posts"}],"about":[{"href":"https:\/\/cardamomo.com\/it\/wp-json\/wp\/v2\/types\/post"}],"author":[{"embeddable":true,"href":"https:\/\/cardamomo.com\/it\/wp-json\/wp\/v2\/users\/1"}],"replies":[{"embeddable":true,"href":"https:\/\/cardamomo.com\/it\/wp-json\/wp\/v2\/comments?post=7715"}],"version-history":[{"count":1,"href":"https:\/\/cardamomo.com\/it\/wp-json\/wp\/v2\/posts\/7715\/revisions"}],"predecessor-version":[{"id":158565,"href":"https:\/\/cardamomo.com\/it\/wp-json\/wp\/v2\/posts\/7715\/revisions\/158565"}],"wp:featuredmedia":[{"embeddable":true,"href":"https:\/\/cardamomo.com\/it\/wp-json\/wp\/v2\/media\/19517"}],"wp:attachment":[{"href":"https:\/\/cardamomo.com\/it\/wp-json\/wp\/v2\/media?parent=7715"}],"wp:term":[{"taxonomy":"category","embeddable":true,"href":"https:\/\/cardamomo.com\/it\/wp-json\/wp\/v2\/categories?post=7715"},{"taxonomy":"post_tag","embeddable":true,"href":"https:\/\/cardamomo.com\/it\/wp-json\/wp\/v2\/tags?post=7715"}],"curies":[{"name":"wp","href":"https:\/\/api.w.org\/{rel}","templated":true}]}}