{"id":158615,"date":"2026-03-23T12:19:28","date_gmt":"2026-03-23T11:19:28","guid":{"rendered":"https:\/\/cardamomo.com\/es\/?p=158615"},"modified":"2026-03-23T12:19:28","modified_gmt":"2026-03-23T11:19:28","slug":"cantaores-flamencos-clave-de-los-anos-70","status":"publish","type":"post","link":"https:\/\/cardamomo.com\/it\/cantaores-flamencos-anni-70\/","title":{"rendered":"Cantaores flamencos chiave degli anni 70"},"content":{"rendered":"<p><\/p>\n<p data-path-to-node=\"33\">Mettiti in situazione. Pantaloni a zampa d&#8217;elefante, un paese in procinto di cambiare la sua storia e una giovent\u00f9 che chiedeva a gran voce di infrangere le regole. In mezzo a quell&#8217;ebollizione culturale, l&#8217;arte jonda non \u00e8 rimasta a guardare. \u00c8 esplosa.<\/p>\n<p data-path-to-node=\"34\"><b data-path-to-node=\"34\" data-index-in-node=\"0\">La decade degli anni &#8217;70 \u00e8 stata il Big Bang della nostra musica flamenca. \u00c8 stata l&#8217;epoca in cui i cantaores hanno smesso di essere visti come meri animatori di feste private per diventare autentiche stelle<\/b> del rock, riempiendo piazze e teatri fino all&#8217;orlo.<\/p>\n<p data-path-to-node=\"35\">Ma, siamo onesti, cosa sarebbe un genio del cante senza le sei corde che gli danno la replica? Una voce a cappella emoziona, ma quando si unisce ai <a class=\"ng-star-inserted\" href=\"https:\/\/cardamomo.com\/it\/migliori-chitarristi-flamenco\/\" target=\"_blank\" rel=\"noopener\">migliori chitarristi di flamenco<\/a> dell&#8217;epoca, la storia della musica si riscrive. In questa decade magica, la voce e le corde hanno creato un&#8217;alleanza invincibile.<\/p>\n<h2 data-path-to-node=\"36\"><b data-path-to-node=\"36\" data-index-in-node=\"0\">Il contesto del flamenco negli anni &#8217;70<\/b><\/h2>\n<p data-path-to-node=\"37\">Per capire la grandezza di ci\u00f2 che \u00e8 successo, bisogna guardare il contesto dell&#8217;epoca.<\/p>\n<p data-path-to-node=\"38\"><b data-path-to-node=\"38\" data-index-in-node=\"0\">La Spagna stava aprendo le sue porte al mondo. I giradischi portavano suoni di jazz, rock e musica latina. Invece di spaventarsi e nascondersi, i cantaores flamencos degli anni &#8217;70 decisero di assorbire tutto.<\/b><\/p>\n<p data-path-to-node=\"39\"><b data-path-to-node=\"39\" data-index-in-node=\"0\">I grandi festival andalusi vissero la loro et\u00e0 dell&#8217;oro.<\/b> Le albe diventavano eterne. Il cante scese per le strade, divenne di massa e, per la prima volta, i testi iniziarono a parlare di libert\u00e0, di poeti proibiti e dei problemi reali della strada.<\/p>\n<h2 data-path-to-node=\"40\"><b data-path-to-node=\"40\" data-index-in-node=\"0\">Cantaores flamencos degli anni &#8217;70 che hanno segnato un&#8217;epoca<\/b><\/h2>\n<p data-path-to-node=\"41\">Ci sono stati molti nomi, ma solo pochi eletti hanno avuto la forza di cambiare il corso della storia. Furono pionieri, ribelli e, soprattutto, geni assoluti.<\/p>\n<h3 data-path-to-node=\"42\"><b data-path-to-node=\"42\" data-index-in-node=\"0\">Camar\u00f3n de la Isla<\/b><\/h3>\n<p data-path-to-node=\"43\"><b data-path-to-node=\"43\" data-index-in-node=\"0\">Se gli anni &#8217;70 hanno un volto, \u00e8 il suo.<\/b> Jos\u00e9 Monje Cruz <b data-path-to-node=\"43\" data-index-in-node=\"58\">non cantava solo; lacerava l&#8217;anima.<\/b> Con i suoi capelli lunghi e la sua voce inconfondibile, <b data-path-to-node=\"43\" data-index-in-node=\"150\">ha avvicinato il cante a tutta una nuova generazione.<\/b> Il suo disco &#8220;La leyenda del tiempo&#8221;, pubblicato proprio alla fine del decennio (1979), ha scandalizzato i puristi, ma oggi \u00e8 considerato la Bibbia della musica moderna spagnola.<\/p>\n<h3 data-path-to-node=\"44\"><b data-path-to-node=\"44\" data-index-in-node=\"0\">Enrique Morente<\/b><\/h3>\n<p data-path-to-node=\"45\"><b data-path-to-node=\"45\" data-index-in-node=\"0\">L&#8217;intellettuale, il ricercatore instancabile.<\/b> Mentre altri ripetevano le solite formule, Morente ha osato cantare poeti come Miguel Hern\u00e1ndez o Federico Garc\u00eda Lorca. <b data-path-to-node=\"45\" data-index-in-node=\"167\">La sua capacit\u00e0 di innovare senza perdere il rispetto per le radici lo ha reso il grande architetto del cante contemporaneo.<\/b><\/p>\n<div id=\"attachment_158632\" style=\"width: 1034px\" class=\"wp-caption aligncenter\"><img loading=\"lazy\" decoding=\"async\" aria-describedby=\"caption-attachment-158632\" class=\"wp-image-158632 size-large\" src=\"https:\/\/cardamomo.ams3.digitaloceanspaces.com\/wp-content\/uploads\/2026\/03\/13152159\/cantaor-1024x682.jpeg\" alt=\"Retrato de Enrique Morente cantando en directo, capturando la intensidad y el sentimiento del arte jondo.\" width=\"1024\" height=\"682\" \/><p id=\"caption-attachment-158632\" class=\"wp-caption-text\">Morente: l&#8217;eco che ha unito purezza e avanguardia.<\/p><\/div>\n<h3 data-path-to-node=\"28\"><b data-path-to-node=\"28\" data-index-in-node=\"0\">Antonio Mairena<\/b><\/h3>\n<p data-path-to-node=\"29\">In mezzo a tanta rivoluzione, c&#8217;era bisogno di un <b data-path-to-node=\"29\" data-index-in-node=\"50\">guardiano della purezza.<\/b> Mairena \u00e8 stata la grande figura di autorit\u00e0. <b data-path-to-node=\"29\" data-index-in-node=\"121\">Ha dedicato la sua vita a salvare stili antichi che stavano per perdersi<\/b> e ha dimostrato che la tradizione pi\u00f9 severa poteva anche strappare ovazioni assordanti.<\/p>\n<h3 data-path-to-node=\"30\"><b data-path-to-node=\"30\" data-index-in-node=\"0\">La Paquera de Jerez<\/b><\/h3>\n<p data-path-to-node=\"31\"><b data-path-to-node=\"31\" data-index-in-node=\"0\">Pura dinamite.<\/b> Quando Francisca M\u00e9ndez Garrido apriva la bocca, non c&#8217;era bisogno di microfoni. \u00c8 stata <b data-path-to-node=\"31\" data-index-in-node=\"104\">la regina indiscussa delle buler\u00edas e la voce pi\u00f9 selvaggia di Jerez.<\/b> La sua presenza scenica era un uragano che spazzava via qualsiasi palcoscenico calcasse.<\/p>\n<h3 data-path-to-node=\"32\"><b data-path-to-node=\"32\" data-index-in-node=\"0\">El Lebrijano<\/b><\/h3>\n<p data-path-to-node=\"33\">Juan Pe\u00f1a &#8220;El Lebrijano&#8221; <b data-path-to-node=\"33\" data-index-in-node=\"25\">ha dimostrato che il cante non aveva confini.<\/b> Negli anni &#8217;70 ha iniziato a sperimentare, avvicinando le sue radici gitane ai suoni arabi e andalusi, creando ponti musicali che nessuno aveva osato attraversare fino ad allora.<\/p>\n<h3 data-path-to-node=\"34\"><b data-path-to-node=\"34\" data-index-in-node=\"0\">Fosforito<\/b><\/h3>\n<p data-path-to-node=\"35\"><b data-path-to-node=\"35\" data-index-in-node=\"0\">La chiave d&#8217;accesso a tutti gli stili.<\/b> Dopo aver sbaragliato i concorsi pi\u00f9 esigenti, negli anni &#8217;70 si \u00e8 <b data-path-to-node=\"35\" data-index-in-node=\"106\">consacrato come un cantaor enciclopedico<\/b>, capace di eseguire qualsiasi ritmo con una perfezione e una jondura che lasciavano senza fiato i suoi colleghi.<\/p>\n<h3 data-path-to-node=\"36\"><b data-path-to-node=\"36\" data-index-in-node=\"0\">Terremoto de Jerez<\/b><\/h3>\n<p data-path-to-node=\"37\">Non cercava l&#8217;intonazione perfetta, cercava la trance. Fernando Fern\u00e1ndez Monje era il &#8220;duende&#8221; allo stato puro. <b data-path-to-node=\"37\" data-index-in-node=\"113\">Il suo modo di cantare era cos\u00ec viscerale e cos\u00ec improvvisato che ogni sua esibizione in questo decennio si trasformava in un rito irripetibile.<\/b><\/p>\n<h2 data-path-to-node=\"20\"><b data-path-to-node=\"20\" data-index-in-node=\"0\">Come \u00e8 cambiato il flamenco in questa decade<\/b><\/h2>\n<p data-path-to-node=\"21\">Il cambiamento fu radicale. <b data-path-to-node=\"21\" data-index-in-node=\"28\">I dischi iniziarono a suonare in modo diverso. Furono introdotti nuovi strumenti, come il basso elettrico e i primi cajones peruviani, che avrebbero cambiato la base ritmica per sempre.<\/b><\/p>\n<p data-path-to-node=\"22\">Inoltre, le copertine dei dischi si riempirono di arte e colore. I cantaores flamencos del 1970 dimostrarono che la loro musica non era un semplice ricordo del passato, ma un&#8217;arte ferocemente viva e moderna.<\/p>\n<h2 data-path-to-node=\"23\"><b data-path-to-node=\"23\" data-index-in-node=\"0\">L&#8217;eredit\u00e0 dei cantaores flamencos degli anni &#8217;70<\/b><\/h2>\n<p data-path-to-node=\"24\">Oggi, tutto ci\u00f2 che ascoltiamo beve da quella fonte. <b data-path-to-node=\"24\" data-index-in-node=\"53\">Ogni volta che un giovane artista sale su un palcoscenico, porta nella sua gola un pezzo del coraggio di Camar\u00f3n, della saggezza di Mairena e della ribellione di Morente.<\/b><\/p>\n<p data-path-to-node=\"25\">La buona notizia \u00e8 che quel fuoco non si \u00e8 spento. Quella stessa forza cruda e senza filtri \u00e8 ci\u00f2 che difendiamo ogni notte nel <a class=\"ng-star-inserted\" href=\"https:\/\/cardamomo.com\/it\/tablao-flamenco\/\" target=\"_blank\" rel=\"noopener\">tablao flamenco<\/a>.<\/p>\n<p><\/p>","protected":false},"excerpt":{"rendered":"Mettiti in situazione. Pantaloni a zampa d&#8217;elefante, un paese in procinto di cambiare la sua storia e una giovent\u00f9 che chiedeva a gran voce di infrangere le regole. In mezzo a quell&#8217;ebollizione culturale, l&#8217;arte jonda non \u00e8 rimasta a guardare. \u00c8 esplosa. La decade degli anni &#8217;70 \u00e8 stata il Big Bang della nostra musica&#8230;","protected":false},"author":7,"featured_media":158629,"comment_status":"closed","ping_status":"closed","sticky":false,"template":"","format":"standard","meta":{"_acf_changed":false,"inline_featured_image":false,"footnotes":""},"categories":[6],"tags":[],"class_list":["post-158615","post","type-post","status-publish","format-standard","has-post-thumbnail","hentry","category-artistas-cardamomo"],"acf":[],"yoast_head":"<!-- This site is optimized with the Yoast SEO plugin v27.4 - https:\/\/yoast.com\/product\/yoast-seo-wordpress\/ -->\n<title>Cantaores flamencos chiave degli anni &#039;70<\/title>\n<meta name=\"description\" content=\"Scopri i cantaores flamencos degli anni &#039;70 che hanno trasformato il genere e segnato una delle decadi pi\u00f9 decisive del flamenco.\" \/>\n<meta name=\"robots\" content=\"index, follow, max-snippet:-1, max-image-preview:large, max-video-preview:-1\" \/>\n<link rel=\"canonical\" href=\"\/\" \/>\n<meta property=\"og:locale\" content=\"it_IT\" \/>\n<meta property=\"og:type\" content=\"article\" \/>\n<meta property=\"og:title\" content=\"Cantaores flamencos chiave degli anni &#039;70\" \/>\n<meta property=\"og:description\" content=\"Scopri i cantaores flamencos degli anni &#039;70 che hanno trasformato il genere e segnato una delle decadi pi\u00f9 decisive del flamenco.\" \/>\n<meta property=\"og:url\" content=\"https:\/\/cardamomo.com\/it\/cantaores-flamencos-anos-70\/\" \/>\n<meta property=\"og:site_name\" content=\"Cardamomo Flamenco Madrid\" \/>\n<meta property=\"article:published_time\" content=\"2026-03-23T11:19:28+00:00\" \/>\n<meta property=\"og:image\" content=\"https:\/\/cardamomo.ams3.digitaloceanspaces.com\/wp-content\/uploads\/2026\/03\/13151030\/cantaor-weno.jpeg\" \/>\n\t<meta property=\"og:image:width\" content=\"1024\" \/>\n\t<meta property=\"og:image:height\" content=\"576\" \/>\n\t<meta property=\"og:image:type\" content=\"image\/jpeg\" \/>\n<meta name=\"author\" content=\"Miguel Blanco\" \/>\n<meta name=\"twitter:card\" content=\"summary_large_image\" \/>\n<meta name=\"twitter:label1\" content=\"Scritto da\" \/>\n\t<meta name=\"twitter:data1\" content=\"Miguel Blanco\" \/>\n\t<meta name=\"twitter:label2\" content=\"Tempo di lettura stimato\" \/>\n\t<meta name=\"twitter:data2\" content=\"4 minuti\" \/>\n<script type=\"application\/ld+json\" class=\"yoast-schema-graph\">{\"@context\":\"https:\\\/\\\/schema.org\",\"@graph\":[{\"@type\":\"Article\",\"@id\":\"https:\\\/\\\/cardamomo.com\\\/es\\\/cantaores-flamencos-anos-70\\\/#article\",\"isPartOf\":{\"@id\":\"https:\\\/\\\/cardamomo.com\\\/es\\\/cantaores-flamencos-anos-70\\\/\"},\"author\":{\"name\":\"Miguel Blanco\",\"@id\":\"https:\\\/\\\/cardamomo.com\\\/es\\\/#\\\/schema\\\/person\\\/e0d7e554980e9e4c3891b69734cf9df9\"},\"headline\":\"Cantaores flamencos chiave degli anni 70\",\"datePublished\":\"2026-03-23T11:19:28+00:00\",\"mainEntityOfPage\":{\"@id\":\"https:\\\/\\\/cardamomo.com\\\/es\\\/cantaores-flamencos-anos-70\\\/\"},\"wordCount\":9187,\"image\":{\"@id\":\"https:\\\/\\\/cardamomo.com\\\/es\\\/cantaores-flamencos-anos-70\\\/#primaryimage\"},\"thumbnailUrl\":\"https:\\\/\\\/cardamomo.ams3.digitaloceanspaces.com\\\/wp-content\\\/uploads\\\/2026\\\/03\\\/13151030\\\/cantaor-weno.jpeg\",\"articleSection\":[\"Artistas Cardamomo\"],\"inLanguage\":\"it-IT\"},{\"@type\":\"WebPage\",\"@id\":\"https:\\\/\\\/cardamomo.com\\\/it\\\/cantaores-flamencos-anos-70\\\/\",\"url\":\"https:\\\/\\\/cardamomo.com\\\/it\\\/cantaores-flamencos-anos-70\\\/\",\"name\":\"Cantaores flamencos chiave degli anni '70\",\"isPartOf\":{\"@id\":\"https:\\\/\\\/cardamomo.com\\\/it\\\/#website\"},\"primaryImageOfPage\":{\"@id\":\"https:\\\/\\\/cardamomo.com\\\/it\\\/cantaores-flamencos-anos-70\\\/#primaryimage\"},\"image\":{\"@id\":\"https:\\\/\\\/cardamomo.com\\\/es\\\/cantaores-flamencos-anos-70\\\/#primaryimage\"},\"thumbnailUrl\":\"https:\\\/\\\/cardamomo.ams3.digitaloceanspaces.com\\\/wp-content\\\/uploads\\\/2026\\\/03\\\/13151030\\\/cantaor-weno.jpeg\",\"datePublished\":\"2026-03-23T11:19:28+00:00\",\"author\":{\"@id\":\"https:\\\/\\\/cardamomo.com\\\/es\\\/#\\\/schema\\\/person\\\/e0d7e554980e9e4c3891b69734cf9df9\"},\"description\":\"Scopri i cantaores flamencos degli anni '70 che hanno trasformato il genere e segnato una delle decadi pi\u00f9 decisive del flamenco.\",\"breadcrumb\":{\"@id\":\"https:\\\/\\\/cardamomo.com\\\/it\\\/cantaores-flamencos-anos-70\\\/#breadcrumb\"},\"inLanguage\":\"it-IT\",\"potentialAction\":[{\"@type\":\"ReadAction\",\"target\":[[\"https:\\\/\\\/cardamomo.com\\\/it\\\/cantaores-flamencos-anos-70\\\/\"]]}]},{\"@type\":\"ImageObject\",\"inLanguage\":\"it-IT\",\"@id\":\"https:\\\/\\\/cardamomo.com\\\/it\\\/cantaores-flamencos-anos-70\\\/#primaryimage\",\"url\":\"https:\\\/\\\/cardamomo.ams3.digitaloceanspaces.com\\\/wp-content\\\/uploads\\\/2026\\\/03\\\/13151030\\\/cantaor-weno.jpeg\",\"contentUrl\":\"https:\\\/\\\/cardamomo.ams3.digitaloceanspaces.com\\\/wp-content\\\/uploads\\\/2026\\\/03\\\/13151030\\\/cantaor-weno.jpeg\",\"width\":1024,\"height\":576,\"caption\":\"Camar\u00f3n de la Isla cantando con entrega junto a Tomatito a la guitarra flamenca durante una actuaci\u00f3n en los a\u00f1os 70.\"},{\"@type\":\"BreadcrumbList\",\"@id\":\"https:\\\/\\\/cardamomo.com\\\/it\\\/cantaores-flamencos-anos-70\\\/#breadcrumb\",\"itemListElement\":[{\"@type\":\"ListItem\",\"position\":1,\"name\":\"Cardamomo\",\"item\":\"https:\\\/\\\/cardamomo.com\\\/it\\\/\"},{\"@type\":\"ListItem\",\"position\":2,\"name\":\"Cantaores flamencos chiave degli anni '70\"}]},{\"@type\":\"WebSite\",\"@id\":\"https:\\\/\\\/cardamomo.com\\\/it\\\/#website\",\"url\":\"https:\\\/\\\/cardamomo.com\\\/it\\\/\",\"name\":\"Cardamomo Flamenco Madrid\",\"description\":\"\",\"potentialAction\":[{\"@type\":\"SearchAction\",\"target\":{\"@type\":\"EntryPoint\",\"urlTemplate\":\"https:\\\/\\\/cardamomo.com\\\/it\\\/?s={search_term_string}\"},\"query-input\":{\"@type\":\"PropertyValueSpecification\",\"valueRequired\":true,\"valueName\":\"search_term_string\"}}],\"inLanguage\":\"it-IT\"},{\"@type\":\"Person\",\"@id\":\"https:\\\/\\\/cardamomo.com\\\/es\\\/#\\\/schema\\\/person\\\/e0d7e554980e9e4c3891b69734cf9df9\",\"name\":\"Miguel Blanco\",\"image\":{\"@type\":\"ImageObject\",\"inLanguage\":\"it-IT\",\"@id\":\"https:\\\/\\\/secure.gravatar.com\\\/avatar\\\/3a4fd323466f9b49f157b5319a986d31f99b5aaa4c36c56dc42e1153ae2c11da?s=96&d=mm&r=g\",\"url\":\"https:\\\/\\\/secure.gravatar.com\\\/avatar\\\/3a4fd323466f9b49f157b5319a986d31f99b5aaa4c36c56dc42e1153ae2c11da?s=96&d=mm&r=g\",\"contentUrl\":\"https:\\\/\\\/secure.gravatar.com\\\/avatar\\\/3a4fd323466f9b49f157b5319a986d31f99b5aaa4c36c56dc42e1153ae2c11da?s=96&d=mm&r=g\",\"caption\":\"Miguel Blanco\"},\"url\":\"https:\\\/\\\/cardamomo.com\\\/it\\\/author\\\/miguel\\\/\"}]}<\/script>\n<!-- \/ Yoast SEO plugin. -->","yoast_head_json":{"title":"Cantaores flamencos chiave degli anni '70","description":"Scopri i cantaores flamencos degli anni '70 che hanno trasformato il genere e segnato una delle decadi pi\u00f9 decisive del flamenco.","robots":{"index":"index","follow":"follow","max-snippet":"max-snippet:-1","max-image-preview":"max-image-preview:large","max-video-preview":"max-video-preview:-1"},"canonical":"\/","og_locale":"it_IT","og_type":"article","og_title":"Cantaores flamencos chiave degli anni '70","og_description":"Scopri i cantaores flamencos degli anni '70 che hanno trasformato il genere e segnato una delle decadi pi\u00f9 decisive del flamenco.","og_url":"https:\/\/cardamomo.com\/it\/cantaores-flamencos-anos-70\/","og_site_name":"Cardamomo Flamenco Madrid","article_published_time":"2026-03-23T11:19:28+00:00","og_image":[{"width":1024,"height":576,"url":"https:\/\/cardamomo.ams3.digitaloceanspaces.com\/wp-content\/uploads\/2026\/03\/13151030\/cantaor-weno.jpeg","type":"image\/jpeg"}],"author":"Miguel Blanco","twitter_card":"summary_large_image","twitter_misc":{"Scritto da":"Miguel Blanco","Tempo di lettura stimato":"4 minuti"},"schema":{"@context":"https:\/\/schema.org","@graph":[{"@type":"Article","@id":"https:\/\/cardamomo.com\/es\/cantaores-flamencos-anos-70\/#article","isPartOf":{"@id":"https:\/\/cardamomo.com\/es\/cantaores-flamencos-anos-70\/"},"author":{"name":"Miguel Blanco","@id":"https:\/\/cardamomo.com\/es\/#\/schema\/person\/e0d7e554980e9e4c3891b69734cf9df9"},"headline":"Cantaores flamencos chiave degli anni 70","datePublished":"2026-03-23T11:19:28+00:00","mainEntityOfPage":{"@id":"https:\/\/cardamomo.com\/es\/cantaores-flamencos-anos-70\/"},"wordCount":9187,"image":{"@id":"https:\/\/cardamomo.com\/es\/cantaores-flamencos-anos-70\/#primaryimage"},"thumbnailUrl":"https:\/\/cardamomo.ams3.digitaloceanspaces.com\/wp-content\/uploads\/2026\/03\/13151030\/cantaor-weno.jpeg","articleSection":["Artistas Cardamomo"],"inLanguage":"it-IT"},{"@type":"WebPage","@id":"https:\/\/cardamomo.com\/it\/cantaores-flamencos-anos-70\/","url":"https:\/\/cardamomo.com\/it\/cantaores-flamencos-anos-70\/","name":"Cantaores flamencos chiave degli anni '70","isPartOf":{"@id":"https:\/\/cardamomo.com\/it\/#website"},"primaryImageOfPage":{"@id":"https:\/\/cardamomo.com\/it\/cantaores-flamencos-anos-70\/#primaryimage"},"image":{"@id":"https:\/\/cardamomo.com\/es\/cantaores-flamencos-anos-70\/#primaryimage"},"thumbnailUrl":"https:\/\/cardamomo.ams3.digitaloceanspaces.com\/wp-content\/uploads\/2026\/03\/13151030\/cantaor-weno.jpeg","datePublished":"2026-03-23T11:19:28+00:00","author":{"@id":"https:\/\/cardamomo.com\/es\/#\/schema\/person\/e0d7e554980e9e4c3891b69734cf9df9"},"description":"Scopri i cantaores flamencos degli anni '70 che hanno trasformato il genere e segnato una delle decadi pi\u00f9 decisive del flamenco.","breadcrumb":{"@id":"https:\/\/cardamomo.com\/it\/cantaores-flamencos-anos-70\/#breadcrumb"},"inLanguage":"it-IT","potentialAction":[{"@type":"ReadAction","target":[["https:\/\/cardamomo.com\/it\/cantaores-flamencos-anos-70\/"]]}]},{"@type":"ImageObject","inLanguage":"it-IT","@id":"https:\/\/cardamomo.com\/it\/cantaores-flamencos-anos-70\/#primaryimage","url":"https:\/\/cardamomo.ams3.digitaloceanspaces.com\/wp-content\/uploads\/2026\/03\/13151030\/cantaor-weno.jpeg","contentUrl":"https:\/\/cardamomo.ams3.digitaloceanspaces.com\/wp-content\/uploads\/2026\/03\/13151030\/cantaor-weno.jpeg","width":1024,"height":576,"caption":"Camar\u00f3n de la Isla cantando con entrega junto a Tomatito a la guitarra flamenca durante una actuaci\u00f3n en los a\u00f1os 70."},{"@type":"BreadcrumbList","@id":"https:\/\/cardamomo.com\/it\/cantaores-flamencos-anos-70\/#breadcrumb","itemListElement":[{"@type":"ListItem","position":1,"name":"Cardamomo","item":"https:\/\/cardamomo.com\/it\/"},{"@type":"ListItem","position":2,"name":"Cantaores flamencos chiave degli anni '70"}]},{"@type":"WebSite","@id":"https:\/\/cardamomo.com\/it\/#website","url":"https:\/\/cardamomo.com\/it\/","name":"Cardamomo Flamenco Madrid","description":"","potentialAction":[{"@type":"SearchAction","target":{"@type":"EntryPoint","urlTemplate":"https:\/\/cardamomo.com\/it\/?s={search_term_string}"},"query-input":{"@type":"PropertyValueSpecification","valueRequired":true,"valueName":"search_term_string"}}],"inLanguage":"it-IT"},{"@type":"Person","@id":"https:\/\/cardamomo.com\/es\/#\/schema\/person\/e0d7e554980e9e4c3891b69734cf9df9","name":"Miguel Blanco","image":{"@type":"ImageObject","inLanguage":"it-IT","@id":"https:\/\/secure.gravatar.com\/avatar\/3a4fd323466f9b49f157b5319a986d31f99b5aaa4c36c56dc42e1153ae2c11da?s=96&d=mm&r=g","url":"https:\/\/secure.gravatar.com\/avatar\/3a4fd323466f9b49f157b5319a986d31f99b5aaa4c36c56dc42e1153ae2c11da?s=96&d=mm&r=g","contentUrl":"https:\/\/secure.gravatar.com\/avatar\/3a4fd323466f9b49f157b5319a986d31f99b5aaa4c36c56dc42e1153ae2c11da?s=96&d=mm&r=g","caption":"Miguel Blanco"},"url":"https:\/\/cardamomo.com\/it\/author\/miguel\/"}]}},"_links":{"self":[{"href":"https:\/\/cardamomo.com\/it\/wp-json\/wp\/v2\/posts\/158615","targetHints":{"allow":["GET"]}}],"collection":[{"href":"https:\/\/cardamomo.com\/it\/wp-json\/wp\/v2\/posts"}],"about":[{"href":"https:\/\/cardamomo.com\/it\/wp-json\/wp\/v2\/types\/post"}],"author":[{"embeddable":true,"href":"https:\/\/cardamomo.com\/it\/wp-json\/wp\/v2\/users\/7"}],"replies":[{"embeddable":true,"href":"https:\/\/cardamomo.com\/it\/wp-json\/wp\/v2\/comments?post=158615"}],"version-history":[{"count":7,"href":"https:\/\/cardamomo.com\/it\/wp-json\/wp\/v2\/posts\/158615\/revisions"}],"predecessor-version":[{"id":158633,"href":"https:\/\/cardamomo.com\/it\/wp-json\/wp\/v2\/posts\/158615\/revisions\/158633"}],"wp:featuredmedia":[{"embeddable":true,"href":"https:\/\/cardamomo.com\/it\/wp-json\/wp\/v2\/media\/158629"}],"wp:attachment":[{"href":"https:\/\/cardamomo.com\/it\/wp-json\/wp\/v2\/media?parent=158615"}],"wp:term":[{"taxonomy":"category","embeddable":true,"href":"https:\/\/cardamomo.com\/it\/wp-json\/wp\/v2\/categories?post=158615"},{"taxonomy":"post_tag","embeddable":true,"href":"https:\/\/cardamomo.com\/it\/wp-json\/wp\/v2\/tags?post=158615"}],"curies":[{"name":"wp","href":"https:\/\/api.w.org\/{rel}","templated":true}]}}