{"id":157620,"date":"2025-08-04T11:24:10","date_gmt":"2025-08-04T11:24:10","guid":{"rendered":"https:\/\/cardamomo.com\/es\/?p=157620"},"modified":"2025-12-03T15:56:33","modified_gmt":"2025-12-03T14:56:33","slug":"tato-el-artista-invisible-nuestro-tecnico-de-sonido-y-luz-en-cardamomo","status":"publish","type":"post","link":"https:\/\/cardamomo.com\/it\/tecnico-luci-suono\/","title":{"rendered":"Tato, l\u2019Artista Invisibile: Il Nostro Tecnico Luci e Suono al Cardamomo"},"content":{"rendered":"<p><\/p>\n<p data-start=\"202\" data-end=\"594\">Nella penombra della sala, lontano dai riflettori che incoronano gli artisti, si trova la cabina tecnica del Cardamomo. \u00c8 un santuario di luci soffuse e comandi silenziosi, da cui si dirige la tempesta emotiva del palcoscenico.<br data-start=\"429\" data-end=\"432\" \/>L\u00ec lavora Tato, il tecnico luci e suono, il custode dell\u2019atmosfera del tablao. Oggi non parliamo con il tecnico, ma con l\u2019artista che si nasconde dietro al mixer.<\/p>\n<h2 data-start=\"596\" data-end=\"755\">Ci siamo seduti con Tato nella cabina tecnica, poco prima dell\u2019inizio dello spettacolo. L\u2019atmosfera \u00e8 tranquilla, con il lieve ronzio delle apparecchiature.<\/h2>\n<h3 data-start=\"757\" data-end=\"806\">Dipingere con la luce, sentire con lo sguardo<\/h3>\n<p data-start=\"808\" data-end=\"1092\"><strong data-start=\"808\" data-end=\"1092\">INTERVISTATORE: Parliamo della tua prima tela: la luce. Per molti, la luce serve semplicemente a vedere. Ma in un tablao come questo, sembra che abbia un altro scopo. Per te, qual \u00e8 la vera missione della luce in uno spettacolo di flamenco? Cosa vuoi esprimere attraverso di essa?<\/strong><\/p>\n<p data-start=\"1094\" data-end=\"1385\"><strong data-start=\"1094\" data-end=\"1103\">TATO:<\/strong> <em data-start=\"1104\" data-end=\"1385\">&#8220;Per me, la vera missione della luce \u00e8 creare sensazioni, colorando la scena e l\u2019artista, valorizzando le sue intenzioni nel ballo. Cerco di arrivare a quel punto in cui sembra un dipinto da museo: ombre, bagliori, brillantezza, chiaroscuro, penombra, profondit\u00e0\u2026 l\u2019impressione.&#8221;<\/em><\/p>\n<p data-start=\"1387\" data-end=\"1741\"><strong data-start=\"1387\" data-end=\"1741\">INTERVISTATORE: Parliamo ora di uno strumento molto potente: il faro dall\u2019alto. Quella singola luce che cade dall\u2019alto e isola completamente l\u2019artista. In un\u2019arte cos\u00ec collettiva come il flamenco, come decidi che \u00e8 il momento di \u201cspegnere il mondo\u201d e lasciare un cantante o un ballerino in quella solitudine luminosa? Cosa vuoi che provi il pubblico?<\/strong><\/p>\n<p data-start=\"1743\" data-end=\"2310\"><strong data-start=\"1743\" data-end=\"1752\">TATO:<\/strong> <em data-start=\"1753\" data-end=\"2310\">&#8220;Il faro dall\u2019alto \u2014 lo strumento magico o segreto. \u00c8 il pi\u00f9 preciso, ma richiede che l\u2019artista sia ben posizionato (ride). Lo dico perch\u00e9 nei momenti spontanei \u00e8 difficile prevedere dove si trover\u00e0, e questo \u00e8 importante.<br data-start=\"1976\" data-end=\"1979\" \/>La sua funzione principale per me \u00e8 illuminare il volto e il busto, per creare una sensazione di levitazione o ascesa \u2014 come se fosse una divinit\u00e0. Quando usato da solo, \u00e8 il punto pi\u00f9 intimo che si possa raggiungere e, quindi, concentra al massimo l\u2019attenzione del pubblico. Poi arriva il colore: ogni frequenza \u00e8 un mondo a s\u00e9.&#8221;<\/em><\/p>\n<p data-start=\"1743\" data-end=\"2310\"><img loading=\"lazy\" decoding=\"async\" class=\"aligncenter wp-image-157657 size-large\" src=\"https:\/\/cardamomo.ams3.digitaloceanspaces.com\/wp-content\/uploads\/2025\/08\/21140002\/cardamomo-josue-nerea-cynthia-5001-1024x683.jpg\" alt=\"Diego Amador, iluminado por el foto cenital en el escenario de Cardamomo\" width=\"1024\" height=\"683\" \/><\/p>\n<p data-start=\"224\" data-end=\"527\"><strong data-start=\"224\" data-end=\"243\">INTERVISTATORE:<\/strong> <strong data-start=\"244\" data-end=\"527\">E poi c\u2019\u00e8 la retroilluminazione, che nel flamenco \u00e8 quasi un atto audace. \u00c8 un\u2019arte che vive dell\u2019espressione del volto, e questa tecnica la nasconde completamente. Che potere ha per te una silhouette? In quali momenti dello spettacolo un\u2019ombra pu\u00f2 dire pi\u00f9 di un volto visibile?<\/strong><\/p>\n<p data-start=\"529\" data-end=\"1007\"><strong data-start=\"529\" data-end=\"538\">TATO:<\/strong> <em data-start=\"539\" data-end=\"1007\">&#8220;La retroilluminazione \u00e8 un\u2019alleata per creare incertezza, dubbio, evocare la paura dell\u2019ignoto \u2014 quella paura umana di non vedere il volto. Ma allo stesso tempo, definisce artisticamente la silhouette o il corpo umano, disegnandone ogni curva. Visivamente \u00e8 speciale, perch\u00e9 delinea il profilo umano. Usarla all\u2019inizio, in una escobilla o in una pausa, e alla fine del ballo pu\u00f2 essere molto efficace. Permette anche una progressione artistica o ritmica del pezzo.&#8221;<\/em><\/p>\n<p data-start=\"1009\" data-end=\"1294\"><strong data-start=\"1009\" data-end=\"1028\">INTERVISTATORE:<\/strong> <strong data-start=\"1029\" data-end=\"1294\">Al di l\u00e0 del bianco della luce e dell\u2019oscurit\u00e0 dell\u2019ombra, c\u2019\u00e8 il colore. Il rosso \u00e8 quasi sinonimo di passione flamenca. Come decidi di usare il colore? Come cambia la tua tavolozza per accompagnare la gioia di una buler\u00eda rispetto alla solennit\u00e0 di una sole\u00e1?<\/strong><\/p>\n<p data-start=\"1296\" data-end=\"2091\"><strong data-start=\"1296\" data-end=\"1305\">TATO:<\/strong> <em data-start=\"1306\" data-end=\"2091\">&#8220;Il rosso \u2014 un classico del genere. Lo uso nella sole\u00e1 por buler\u00eda, nelle seguiriyas e a volte anche nella sole\u00e1. Semplicemente si adatta a questi stili. \u00c8 qualcosa di sinestetico o di ineffabile e, allo stesso tempo, non so davvero perch\u00e9. In un certo senso, penso che associamo istintivamente o inconsciamente quel colore al flamenco, forse anche per via del colore della rosa.<br data-start=\"1686\" data-end=\"1689\" \/>Per una sole\u00e1 por buler\u00eda userei rosso-blu o rosso-verde, sempre con una certa progressione, ma cercando sempre ombre e penombre marcate. Per l\u2019alegr\u00eda invece il contrario: viola, ciano, blu turchese\u2026 vivacit\u00e0 generale e molta luminosit\u00e0. Con la sole\u00e1 cerco anch\u2019io la penombra, ma con un tono molto caldo, cupo, come se fosse illuminato da candele, simulando una casa antica dei primi del Novecento.&#8221;<\/em><\/p>\n<p data-start=\"1296\" data-end=\"2091\"><img loading=\"lazy\" decoding=\"async\" class=\"aligncenter wp-image-157656 size-large\" src=\"https:\/\/cardamomo.ams3.digitaloceanspaces.com\/wp-content\/uploads\/2025\/08\/21125554\/nerea-fernandez-2963-1024x683.jpg\" alt=\"La silueta de una bailaora de flamenco a contraluz en el escenario de Cardamomo. Su figura se recorta sobre un intenso fondo rojo, mostrando el poder de la iluminaci\u00f3n art\u00edstica en el Cardamomo.\" width=\"1024\" height=\"683\" \/><\/p>\n<h3 data-start=\"241\" data-end=\"281\">Scolpire il Suono, Tessere il Duende<\/h3>\n<p data-start=\"283\" data-end=\"1310\"><strong data-start=\"283\" data-end=\"598\">INTERVISTATORE: Se la luce guida lo sguardo, il suono arriva diretto al cuore. Sul palco ci sono canto, chitarra, palmas, caj\u00f3n, zapateado&#8230; un universo sonoro che potrebbe essere caotico. Qual \u00e8 la tua filosofia per fare in modo che tutto questo non sia rumore, ma una conversazione perfettamente equilibrata?<\/strong><br data-start=\"598\" data-end=\"601\" \/><strong data-start=\"601\" data-end=\"610\">TATO:<\/strong> <em data-start=\"611\" data-end=\"1310\">&#8220;La prima cosa \u00e8 avere buoni musicisti che sappiano capirsi tra loro (ride). Non si pu\u00f2 ottenere un buon suono se non c\u2019\u00e8 simbiosi ed equilibrio tra i membri. Poi serve una buona acustica, buoni strumenti e infine un buon mix tra audio e suono. Ovviamente, tutto questo non si pu\u00f2 fare senza conoscere bene il genere \u2014 in questo caso, il flamenco. Dubito che si possa ottenere con la matematica. Cerchiamo di valorizzare la musica del gruppo anche attraverso il suono, spingendoci in ambiti pi\u00f9 creativi come l\u2019uso del riverbero o del delay. L\u2019equilibrio sta nel controllo tecnico \u2014 prima del palco, poi del P.A. \u2014 insieme alla creativit\u00e0 nel timbro, nella dinamica, nello stereo e negli effetti.&#8221;<\/em><\/p>\n<p data-start=\"1312\" data-end=\"2108\"><strong data-start=\"1312\" data-end=\"1568\">INTERVISTATORE: Ci hai svelato un segreto: il pavimento del Cardamomo \u00e8 microfonato. Questa ossessione per il dettaglio \u00e8 impressionante. Perch\u00e9 questa necessit\u00e0 di catturare il suono del legno? Cosa vuoi farci sentire con lo zapateado, oltre al ritmo?<\/strong><br data-start=\"1568\" data-end=\"1571\" \/><strong data-start=\"1571\" data-end=\"1580\">TATO:<\/strong> <em data-start=\"1581\" data-end=\"2108\">&#8220;L\u2019acustica architettonica che dovremmo avere se non microfonassimo il pavimento sarebbe come costruire una piramide (ride). Voglio dire che, quando suoni davanti a un pubblico, la prima cosa \u00e8 che il pavimento suoni come uno strumento, che risuoni naturalmente. Solo allora lo amplifichiamo. Quello che cerco, nel dettagliare il suono, \u00e8 simulare ci\u00f2 che sente un bailaor o una bailaora quando batte i piedi, anche utilizzando tecniche che permettano di percepire i micro-dettagli. Questo rende tutto pi\u00f9 vicino, pi\u00f9 umano.&#8221;<\/em><\/p>\n<p data-start=\"2110\" data-end=\"3082\"><strong data-start=\"2110\" data-end=\"2437\">INTERVISTATORE: Si dice che un buon tecnico del suono lavori con l\u2019equalizzatore come uno scultore con il suo scalpello. Puoi farci un esempio pratico? Cosa \u201ctogli\u201d o \u201cscolpisci\u201d nel suono di una chitarra suonata in modo delicato? E cosa \u201cmetti in rilievo\u201d o \u201capprofondisci\u201d nella voce rotta di un cantaor in una seguiriya?<\/strong><br data-start=\"2437\" data-end=\"2440\" \/><strong data-start=\"2440\" data-end=\"2449\">TATO:<\/strong> <em data-start=\"2450\" data-end=\"3082\">&#8220;L\u2019equalizzatore \u00e8 il nostro strumento per aumentare o ridurre le frequenze di ogni strumento. Potremmo parlare di saturazione tonale, ma qui non avrebbe senso (ride). Nella qualit\u00e0 base del suono live, dobbiamo capire che lo possiamo modellare come fosse un pezzo d\u2019argilla. Per esempio: ogni chitarra, ogni voce, ogni artista, ogni spazio, ogni impianto&#8230; ogni giorno \u00e8 diverso. La difficolt\u00e0 del suono dal vivo \u00e8 sapere cosa fare in ogni momento, senza esitazione. In generale, la prima cosa che facciamo \u00e8 eliminare eventuali problemi sonori, poi cerchiamo di tradurre al meglio le caratteristiche e le qualit\u00e0 dell\u2019artista.&#8221;<\/em><\/p>\n<p data-start=\"2110\" data-end=\"3082\"><img loading=\"lazy\" decoding=\"async\" class=\"aligncenter wp-image-157660 size-large\" src=\"https:\/\/cardamomo.ams3.digitaloceanspaces.com\/wp-content\/uploads\/2025\/08\/21150920\/mesa-de-sonido-cardamomo-1024x576.jpg\" alt=\"Equipo y mesa de sonido de Cardamomo Flamenco Madrid \" width=\"1024\" height=\"576\" \/><\/p>\n<h3 data-start=\"247\" data-end=\"274\">Il Musicista nell\u2019Ombra<\/h3>\n<p data-start=\"276\" data-end=\"1629\"><strong data-start=\"276\" data-end=\"599\">INTERVISTATORE: Tutto questo prende vita dal vivo, dove nulla \u00e8 scritto. Il flamenco \u00e8 pura improvvisazione. Un cantaor si rompe, una bailaora parte con un zapateado inaspettato\u2026 Tu non puoi seguire un copione. Come vivi questa tensione dalla regia? Ti senti un artista anche tu, che improvvisa in tempo reale con loro?<\/strong><br data-start=\"599\" data-end=\"602\" \/><strong data-start=\"602\" data-end=\"611\">TATO:<\/strong> <em data-start=\"612\" data-end=\"1629\">&#8220;La tensione creata da questa incertezza artistica \u00e8 ci\u00f2 che ti tiene vigile, ed \u00e8 proprio quell\u2019adrenalina a rendere tutto divertente. Non dico che lo stress che pu\u00f2 generarsi sia sempre piacevole (ride), ma essere presenti rende tutto speciale e stimolante.<br data-start=\"872\" data-end=\"875\" \/>Certo che mi sento un altro artista, anche se di solito il nostro lavoro non viene n\u00e9 riconosciuto n\u00e9 apprezzato. Il mix del suono \u00e8 un\u2019arte molto complessa; dico sempre che il suono non si vede con gli occhi \u2014 per questo \u00e8 inevitabilmente astratto. Ogni volta che opero con il flamenco, mi sento responsabile nel tradurre le emozioni in suono, le linee e l\u2019unione tra i musicisti. Serve una sorta di sinestesia per riuscirci. Ad esempio, il movimento di una bailaora o l\u2019emozione che nasce in un determinato momento dello spettacolo pu\u00f2 determinare quanto riverbero dare a una voce, o se un elemento deve risultare morbido o aggressivo. Credo che tutti questi aspetti vengano decisi o intu\u00ecti in base a quanto conosci il genere, l\u2019artista e l\u2019istante.&#8221;<\/em><\/p>\n<p data-start=\"1631\" data-end=\"2275\"><strong data-start=\"1631\" data-end=\"1832\">INTERVISTATORE: E quel legame con gli artisti, come si costruisce? C\u2019\u00e8 un piano dettagliato ogni sera, sguardi complici durante lo spettacolo, o \u00e8 pura intuizione maturata in tante notti di duende?<\/strong><br data-start=\"1832\" data-end=\"1835\" \/><strong data-start=\"1835\" data-end=\"1844\">TATO:<\/strong> <em data-start=\"1845\" data-end=\"2275\">&#8220;Si costruisce sapendo con certezza che il duende esiste \u2014 e che ci unisce, questo \u00e8 chiaro. Ma serve anche esperienza, formazione, un percorso, uno stile\u2026 Ma dal vivo, tutto ci\u00f2 che non \u00e8 stato preparato si affida al legame tra il fonico e il musicista. Basta uno sguardo e gi\u00e0 nasce un linguaggio \u2014 ecco perch\u00e9 si dice che &#8216;si equalizza con gli occhi&#8217;. Tutto questo per\u00f2 si impara solo facendo, e facendo spettacoli dal vivo.&#8221;<\/em><\/p>\n<p data-start=\"1631\" data-end=\"2275\"><img loading=\"lazy\" decoding=\"async\" class=\"aligncenter wp-image-157672 size-large\" src=\"https:\/\/cardamomo.ams3.digitaloceanspaces.com\/wp-content\/uploads\/2025\/08\/24112034\/cardamomo_escenario_optimizado-1024x768.jpg\" alt=\"Sala de Cardamomo Flamenco desde la cabina del t\u00e9cnico de Sonido\" width=\"1024\" height=\"768\" \/><\/p>\n<h3 data-start=\"278\" data-end=\"308\">Chiusura: La Magia Svelata<\/h3>\n<p data-start=\"310\" data-end=\"1493\"><strong data-start=\"310\" data-end=\"509\">INTERVISTATORE: Alla fine della serata, quando il pubblico esplode in applausi per gli artisti sul palco, come fai a capire che \u201cquesta sera il lavoro \u00e8 fatto\u201d? Qual \u00e8 il tuo applauso silenzioso?<\/strong><br data-start=\"509\" data-end=\"512\" \/><strong data-start=\"512\" data-end=\"521\">TATO:<\/strong> <em data-start=\"522\" data-end=\"1493\">&#8220;In generale, quando il pubblico applaude al termine o anche solo dopo una semplice conclusione, questo conferma che lo spettacolo \u2014 o l\u2019azione \u2014 \u00e8 arrivata. E da l\u00ec sappiamo che ha funzionato, che abbiamo raggiunto il nostro obiettivo \u2014 in un lavoro come questo, dove il cliente deve uscire soddisfatto.<br data-start=\"827\" data-end=\"830\" \/>Ma c\u2019\u00e8 anche un\u2019altra prospettiva, quella del livello artistico o tecnico. Immagino che noi artisti che lavoriamo con musica e danza, col passare del tempo, desideriamo sempre migliorare. Con questo voglio dire che, se il pubblico che entra a vedere lo spettacolo non ha una preparazione specifica, forse \u00e8 pi\u00f9 facile sorprenderlo, visto che l\u2019arte \u00e8 cos\u00ec soggettiva. Ci\u00f2 che emoziona uno, pu\u00f2 non toccare un altro. Quindi s\u00ec, probabilmente lo spettacolo funziona sempre\u2026 ma possiamo davvero basarci solo sulla reazione del pubblico per sapere se c\u2019era arte autentica? O dobbiamo ascoltare e fidarci della nostra sensazione per capire quanto \u00e8 stato importante?&#8221;<\/em><\/p>\n<p data-start=\"1495\" data-end=\"2017\"><strong data-start=\"1495\" data-end=\"1735\">INTERVISTATORE: Per concludere, Tato. Immagina di poter sussurrare qualcosa all\u2019orecchio di ogni persona che entra dalla porta del Cardamomo, per aprire non solo occhi e orecchie, ma anche l\u2019anima al tuo lavoro invisibile. Cosa diresti?<\/strong><br data-start=\"1735\" data-end=\"1738\" \/><strong data-start=\"1738\" data-end=\"1747\">TATO:<\/strong> <em data-start=\"1748\" data-end=\"2017\">&#8220;Beh, senza scherzi, direi: mentre lo spettacolo \u00e8 in corso, non parlate con i vostri amici. Spegnete i telefoni per guardare lo show con gli occhi \u2014 cos\u00ec potrete comprendere la progressione e l\u2019insieme delle danze. E applaudite, se \u00e8 ci\u00f2 che sentite dentro\u2026 (ride).&#8221;<\/em><\/p>\n<p data-start=\"2019\" data-end=\"2204\"><strong data-start=\"2019\" data-end=\"2204\">(L\u2019intervistatore ringrazia Tato. La conversazione si chiude proprio mentre i primi accordi di chitarra iniziano a risuonare per la prova audio \u2014 e la cabina di Tato torna in vita.)<\/strong><\/p>\n<p data-start=\"2206\" data-end=\"2378\">Ora conosci il segreto meglio custodito del Cardamomo: l\u2019artista invisibile chiamato Tato. La sua luce non illumina \u2014 racconta. Il suo suono non amplifica \u2014 tesse emozioni.<\/p>\n<p data-start=\"2380\" data-end=\"2452\">Non venire solo a guardare il flamenco. Vieni a sentirlo come mai prima.<\/p>\n<p data-start=\"2454\" data-end=\"2516\"><strong data-start=\"2454\" data-end=\"2516\">La magia ti aspetta. Il palco \u00e8 pronto. E anche la cabina.<\/strong><\/p>\n<p data-start=\"2518\" data-end=\"2548\"><a href=\"https:\/\/cardamomo.com\/it\/comprare-i-biglietti\/\"><strong data-start=\"2518\" data-end=\"2548\">PRENOTA ORA IL TUO POSTO<\/strong><\/a><\/p>\n<p><\/p>","protected":false},"excerpt":{"rendered":"Nella penombra della sala, lontano dai riflettori che incoronano gli artisti, si trova la cabina tecnica del Cardamomo. \u00c8 un santuario di luci soffuse e comandi silenziosi, da cui si dirige la tempesta emotiva del palcoscenico.L\u00ec lavora Tato, il tecnico luci e suono, il custode dell\u2019atmosfera del tablao. Oggi non parliamo con il tecnico, ma&#8230;","protected":false},"author":7,"featured_media":157670,"comment_status":"closed","ping_status":"closed","sticky":false,"template":"","format":"standard","meta":{"_acf_changed":false,"inline_featured_image":false,"footnotes":""},"categories":[6],"tags":[],"class_list":["post-157620","post","type-post","status-publish","format-standard","has-post-thumbnail","hentry","category-artistas-cardamomo"],"acf":[],"yoast_head":"<!-- This site is optimized with the Yoast SEO plugin v27.4 - https:\/\/yoast.com\/product\/yoast-seo-wordpress\/ -->\n<title>Tato, l\u2019Artista Invisibile: Il Nostro Tecnico Luci e Suono al Cardamomo - Cardamomo Flamenco Madrid<\/title>\n<meta name=\"description\" content=\"Scopri Tato, l\u2019artista invisibile che d\u00e0 vita al flamenco dietro le quinte. Tecnico luci e suono al Cardamomo, la sua magia si percepisce in ogni spettacolo.\" \/>\n<meta name=\"robots\" content=\"index, follow, max-snippet:-1, max-image-preview:large, max-video-preview:-1\" \/>\n<link rel=\"canonical\" href=\"\/\" \/>\n<meta property=\"og:locale\" content=\"it_IT\" \/>\n<meta property=\"og:type\" content=\"article\" \/>\n<meta property=\"og:title\" content=\"Tato, l\u2019Artista Invisibile: Il Nostro Tecnico Luci e Suono al Cardamomo - Cardamomo Flamenco Madrid\" \/>\n<meta property=\"og:description\" content=\"Scopri Tato, l\u2019artista invisibile che d\u00e0 vita al flamenco dietro le quinte. Tecnico luci e suono al Cardamomo, la sua magia si percepisce in ogni spettacolo.\" \/>\n<meta property=\"og:url\" content=\"https:\/\/cardamomo.com\/it\/tecnico-luz-sonido\/\" \/>\n<meta property=\"og:site_name\" content=\"Cardamomo Flamenco Madrid\" \/>\n<meta property=\"article:published_time\" content=\"2025-08-04T11:24:10+00:00\" \/>\n<meta property=\"article:modified_time\" content=\"2025-12-03T14:56:33+00:00\" \/>\n<meta property=\"og:image\" content=\"https:\/\/cardamomo.ams3.digitaloceanspaces.com\/wp-content\/uploads\/2025\/08\/24111149\/whatsapp-image-2025-07-23-at-23-55-00.jpeg\" \/>\n\t<meta property=\"og:image:width\" content=\"1600\" \/>\n\t<meta property=\"og:image:height\" content=\"1200\" \/>\n\t<meta property=\"og:image:type\" content=\"image\/jpeg\" \/>\n<meta name=\"author\" content=\"Miguel Blanco\" \/>\n<meta name=\"twitter:card\" content=\"summary_large_image\" \/>\n<meta name=\"twitter:label1\" content=\"Scritto da\" \/>\n\t<meta name=\"twitter:data1\" content=\"Miguel Blanco\" \/>\n\t<meta name=\"twitter:label2\" content=\"Tempo di lettura stimato\" \/>\n\t<meta name=\"twitter:data2\" content=\"11 minuti\" \/>\n<script type=\"application\/ld+json\" class=\"yoast-schema-graph\">{\"@context\":\"https:\\\/\\\/schema.org\",\"@graph\":[{\"@type\":\"Article\",\"@id\":\"https:\\\/\\\/cardamomo.com\\\/es\\\/tecnico-luz-sonido\\\/#article\",\"isPartOf\":{\"@id\":\"https:\\\/\\\/cardamomo.com\\\/es\\\/tecnico-luz-sonido\\\/\"},\"author\":{\"name\":\"Miguel Blanco\",\"@id\":\"https:\\\/\\\/cardamomo.com\\\/es\\\/#\\\/schema\\\/person\\\/e0d7e554980e9e4c3891b69734cf9df9\"},\"headline\":\"Tato, l\u2019Artista Invisibile: Il Nostro Tecnico Luci e Suono al Cardamomo\",\"datePublished\":\"2025-08-04T11:24:10+00:00\",\"dateModified\":\"2025-12-03T14:56:33+00:00\",\"mainEntityOfPage\":{\"@id\":\"https:\\\/\\\/cardamomo.com\\\/es\\\/tecnico-luz-sonido\\\/\"},\"wordCount\":21535,\"image\":{\"@id\":\"https:\\\/\\\/cardamomo.com\\\/es\\\/tecnico-luz-sonido\\\/#primaryimage\"},\"thumbnailUrl\":\"https:\\\/\\\/cardamomo.ams3.digitaloceanspaces.com\\\/wp-content\\\/uploads\\\/2025\\\/08\\\/24111149\\\/whatsapp-image-2025-07-23-at-23-55-00.jpeg\",\"articleSection\":[\"Artistas Cardamomo\"],\"inLanguage\":\"it-IT\"},{\"@type\":\"WebPage\",\"@id\":\"https:\\\/\\\/cardamomo.com\\\/it\\\/tecnico-luz-sonido\\\/\",\"url\":\"https:\\\/\\\/cardamomo.com\\\/it\\\/tecnico-luz-sonido\\\/\",\"name\":\"Tato, l\u2019Artista Invisibile: Il Nostro Tecnico Luci e Suono al Cardamomo - Cardamomo Flamenco Madrid\",\"isPartOf\":{\"@id\":\"https:\\\/\\\/cardamomo.com\\\/it\\\/#website\"},\"primaryImageOfPage\":{\"@id\":\"https:\\\/\\\/cardamomo.com\\\/it\\\/tecnico-luz-sonido\\\/#primaryimage\"},\"image\":{\"@id\":\"https:\\\/\\\/cardamomo.com\\\/es\\\/tecnico-luz-sonido\\\/#primaryimage\"},\"thumbnailUrl\":\"https:\\\/\\\/cardamomo.ams3.digitaloceanspaces.com\\\/wp-content\\\/uploads\\\/2025\\\/08\\\/24111149\\\/whatsapp-image-2025-07-23-at-23-55-00.jpeg\",\"datePublished\":\"2025-08-04T11:24:10+00:00\",\"dateModified\":\"2025-12-03T14:56:33+00:00\",\"author\":{\"@id\":\"https:\\\/\\\/cardamomo.com\\\/es\\\/#\\\/schema\\\/person\\\/e0d7e554980e9e4c3891b69734cf9df9\"},\"description\":\"Scopri Tato, l\u2019artista invisibile che d\u00e0 vita al flamenco dietro le quinte. Tecnico luci e suono al Cardamomo, la sua magia si percepisce in ogni spettacolo.\",\"breadcrumb\":{\"@id\":\"https:\\\/\\\/cardamomo.com\\\/it\\\/tecnico-luz-sonido\\\/#breadcrumb\"},\"inLanguage\":\"it-IT\",\"potentialAction\":[{\"@type\":\"ReadAction\",\"target\":[[\"https:\\\/\\\/cardamomo.com\\\/it\\\/tecnico-luz-sonido\\\/\"]]}]},{\"@type\":\"ImageObject\",\"inLanguage\":\"it-IT\",\"@id\":\"https:\\\/\\\/cardamomo.com\\\/it\\\/tecnico-luz-sonido\\\/#primaryimage\",\"url\":\"https:\\\/\\\/cardamomo.ams3.digitaloceanspaces.com\\\/wp-content\\\/uploads\\\/2025\\\/08\\\/24111149\\\/whatsapp-image-2025-07-23-at-23-55-00.jpeg\",\"contentUrl\":\"https:\\\/\\\/cardamomo.ams3.digitaloceanspaces.com\\\/wp-content\\\/uploads\\\/2025\\\/08\\\/24111149\\\/whatsapp-image-2025-07-23-at-23-55-00.jpeg\",\"width\":1600,\"height\":1200,\"caption\":\"Tato, tecnico de sonido de Cardamomo Flamenco Madrid en su cabina antes de comenzar el Show\"},{\"@type\":\"BreadcrumbList\",\"@id\":\"https:\\\/\\\/cardamomo.com\\\/it\\\/tecnico-luz-sonido\\\/#breadcrumb\",\"itemListElement\":[{\"@type\":\"ListItem\",\"position\":1,\"name\":\"Cardamomo\",\"item\":\"https:\\\/\\\/cardamomo.com\\\/it\\\/\"},{\"@type\":\"ListItem\",\"position\":2,\"name\":\"Tato, el Artista Invisible: Nuestro t\u00e9cnico de Sonido y Luz en Cardamomo\"}]},{\"@type\":\"WebSite\",\"@id\":\"https:\\\/\\\/cardamomo.com\\\/it\\\/#website\",\"url\":\"https:\\\/\\\/cardamomo.com\\\/it\\\/\",\"name\":\"Cardamomo Flamenco Madrid\",\"description\":\"\",\"potentialAction\":[{\"@type\":\"SearchAction\",\"target\":{\"@type\":\"EntryPoint\",\"urlTemplate\":\"https:\\\/\\\/cardamomo.com\\\/it\\\/?s={search_term_string}\"},\"query-input\":{\"@type\":\"PropertyValueSpecification\",\"valueRequired\":true,\"valueName\":\"search_term_string\"}}],\"inLanguage\":\"it-IT\"},{\"@type\":\"Person\",\"@id\":\"https:\\\/\\\/cardamomo.com\\\/es\\\/#\\\/schema\\\/person\\\/e0d7e554980e9e4c3891b69734cf9df9\",\"name\":\"Miguel Blanco\",\"image\":{\"@type\":\"ImageObject\",\"inLanguage\":\"it-IT\",\"@id\":\"https:\\\/\\\/secure.gravatar.com\\\/avatar\\\/3a4fd323466f9b49f157b5319a986d31f99b5aaa4c36c56dc42e1153ae2c11da?s=96&d=mm&r=g\",\"url\":\"https:\\\/\\\/secure.gravatar.com\\\/avatar\\\/3a4fd323466f9b49f157b5319a986d31f99b5aaa4c36c56dc42e1153ae2c11da?s=96&d=mm&r=g\",\"contentUrl\":\"https:\\\/\\\/secure.gravatar.com\\\/avatar\\\/3a4fd323466f9b49f157b5319a986d31f99b5aaa4c36c56dc42e1153ae2c11da?s=96&d=mm&r=g\",\"caption\":\"Miguel Blanco\"},\"url\":\"https:\\\/\\\/cardamomo.com\\\/it\\\/author\\\/miguel\\\/\"}]}<\/script>\n<!-- \/ Yoast SEO plugin. -->","yoast_head_json":{"title":"Tato, l\u2019Artista Invisibile: Il Nostro Tecnico Luci e Suono al Cardamomo - Cardamomo Flamenco Madrid","description":"Scopri Tato, l\u2019artista invisibile che d\u00e0 vita al flamenco dietro le quinte. Tecnico luci e suono al Cardamomo, la sua magia si percepisce in ogni spettacolo.","robots":{"index":"index","follow":"follow","max-snippet":"max-snippet:-1","max-image-preview":"max-image-preview:large","max-video-preview":"max-video-preview:-1"},"canonical":"\/","og_locale":"it_IT","og_type":"article","og_title":"Tato, l\u2019Artista Invisibile: Il Nostro Tecnico Luci e Suono al Cardamomo - Cardamomo Flamenco Madrid","og_description":"Scopri Tato, l\u2019artista invisibile che d\u00e0 vita al flamenco dietro le quinte. Tecnico luci e suono al Cardamomo, la sua magia si percepisce in ogni spettacolo.","og_url":"https:\/\/cardamomo.com\/it\/tecnico-luz-sonido\/","og_site_name":"Cardamomo Flamenco Madrid","article_published_time":"2025-08-04T11:24:10+00:00","article_modified_time":"2025-12-03T14:56:33+00:00","og_image":[{"width":1600,"height":1200,"url":"https:\/\/cardamomo.ams3.digitaloceanspaces.com\/wp-content\/uploads\/2025\/08\/24111149\/whatsapp-image-2025-07-23-at-23-55-00.jpeg","type":"image\/jpeg"}],"author":"Miguel Blanco","twitter_card":"summary_large_image","twitter_misc":{"Scritto da":"Miguel Blanco","Tempo di lettura stimato":"11 minuti"},"schema":{"@context":"https:\/\/schema.org","@graph":[{"@type":"Article","@id":"https:\/\/cardamomo.com\/es\/tecnico-luz-sonido\/#article","isPartOf":{"@id":"https:\/\/cardamomo.com\/es\/tecnico-luz-sonido\/"},"author":{"name":"Miguel Blanco","@id":"https:\/\/cardamomo.com\/es\/#\/schema\/person\/e0d7e554980e9e4c3891b69734cf9df9"},"headline":"Tato, l\u2019Artista Invisibile: Il Nostro Tecnico Luci e Suono al Cardamomo","datePublished":"2025-08-04T11:24:10+00:00","dateModified":"2025-12-03T14:56:33+00:00","mainEntityOfPage":{"@id":"https:\/\/cardamomo.com\/es\/tecnico-luz-sonido\/"},"wordCount":21535,"image":{"@id":"https:\/\/cardamomo.com\/es\/tecnico-luz-sonido\/#primaryimage"},"thumbnailUrl":"https:\/\/cardamomo.ams3.digitaloceanspaces.com\/wp-content\/uploads\/2025\/08\/24111149\/whatsapp-image-2025-07-23-at-23-55-00.jpeg","articleSection":["Artistas Cardamomo"],"inLanguage":"it-IT"},{"@type":"WebPage","@id":"https:\/\/cardamomo.com\/it\/tecnico-luz-sonido\/","url":"https:\/\/cardamomo.com\/it\/tecnico-luz-sonido\/","name":"Tato, l\u2019Artista Invisibile: Il Nostro Tecnico Luci e Suono al Cardamomo - Cardamomo Flamenco Madrid","isPartOf":{"@id":"https:\/\/cardamomo.com\/it\/#website"},"primaryImageOfPage":{"@id":"https:\/\/cardamomo.com\/it\/tecnico-luz-sonido\/#primaryimage"},"image":{"@id":"https:\/\/cardamomo.com\/es\/tecnico-luz-sonido\/#primaryimage"},"thumbnailUrl":"https:\/\/cardamomo.ams3.digitaloceanspaces.com\/wp-content\/uploads\/2025\/08\/24111149\/whatsapp-image-2025-07-23-at-23-55-00.jpeg","datePublished":"2025-08-04T11:24:10+00:00","dateModified":"2025-12-03T14:56:33+00:00","author":{"@id":"https:\/\/cardamomo.com\/es\/#\/schema\/person\/e0d7e554980e9e4c3891b69734cf9df9"},"description":"Scopri Tato, l\u2019artista invisibile che d\u00e0 vita al flamenco dietro le quinte. Tecnico luci e suono al Cardamomo, la sua magia si percepisce in ogni spettacolo.","breadcrumb":{"@id":"https:\/\/cardamomo.com\/it\/tecnico-luz-sonido\/#breadcrumb"},"inLanguage":"it-IT","potentialAction":[{"@type":"ReadAction","target":[["https:\/\/cardamomo.com\/it\/tecnico-luz-sonido\/"]]}]},{"@type":"ImageObject","inLanguage":"it-IT","@id":"https:\/\/cardamomo.com\/it\/tecnico-luz-sonido\/#primaryimage","url":"https:\/\/cardamomo.ams3.digitaloceanspaces.com\/wp-content\/uploads\/2025\/08\/24111149\/whatsapp-image-2025-07-23-at-23-55-00.jpeg","contentUrl":"https:\/\/cardamomo.ams3.digitaloceanspaces.com\/wp-content\/uploads\/2025\/08\/24111149\/whatsapp-image-2025-07-23-at-23-55-00.jpeg","width":1600,"height":1200,"caption":"Tato, tecnico de sonido de Cardamomo Flamenco Madrid en su cabina antes de comenzar el Show"},{"@type":"BreadcrumbList","@id":"https:\/\/cardamomo.com\/it\/tecnico-luz-sonido\/#breadcrumb","itemListElement":[{"@type":"ListItem","position":1,"name":"Cardamomo","item":"https:\/\/cardamomo.com\/it\/"},{"@type":"ListItem","position":2,"name":"Tato, el Artista Invisible: Nuestro t\u00e9cnico de Sonido y Luz en Cardamomo"}]},{"@type":"WebSite","@id":"https:\/\/cardamomo.com\/it\/#website","url":"https:\/\/cardamomo.com\/it\/","name":"Cardamomo Flamenco Madrid","description":"","potentialAction":[{"@type":"SearchAction","target":{"@type":"EntryPoint","urlTemplate":"https:\/\/cardamomo.com\/it\/?s={search_term_string}"},"query-input":{"@type":"PropertyValueSpecification","valueRequired":true,"valueName":"search_term_string"}}],"inLanguage":"it-IT"},{"@type":"Person","@id":"https:\/\/cardamomo.com\/es\/#\/schema\/person\/e0d7e554980e9e4c3891b69734cf9df9","name":"Miguel Blanco","image":{"@type":"ImageObject","inLanguage":"it-IT","@id":"https:\/\/secure.gravatar.com\/avatar\/3a4fd323466f9b49f157b5319a986d31f99b5aaa4c36c56dc42e1153ae2c11da?s=96&d=mm&r=g","url":"https:\/\/secure.gravatar.com\/avatar\/3a4fd323466f9b49f157b5319a986d31f99b5aaa4c36c56dc42e1153ae2c11da?s=96&d=mm&r=g","contentUrl":"https:\/\/secure.gravatar.com\/avatar\/3a4fd323466f9b49f157b5319a986d31f99b5aaa4c36c56dc42e1153ae2c11da?s=96&d=mm&r=g","caption":"Miguel Blanco"},"url":"https:\/\/cardamomo.com\/it\/author\/miguel\/"}]}},"_links":{"self":[{"href":"https:\/\/cardamomo.com\/it\/wp-json\/wp\/v2\/posts\/157620","targetHints":{"allow":["GET"]}}],"collection":[{"href":"https:\/\/cardamomo.com\/it\/wp-json\/wp\/v2\/posts"}],"about":[{"href":"https:\/\/cardamomo.com\/it\/wp-json\/wp\/v2\/types\/post"}],"author":[{"embeddable":true,"href":"https:\/\/cardamomo.com\/it\/wp-json\/wp\/v2\/users\/7"}],"replies":[{"embeddable":true,"href":"https:\/\/cardamomo.com\/it\/wp-json\/wp\/v2\/comments?post=157620"}],"version-history":[{"count":11,"href":"https:\/\/cardamomo.com\/it\/wp-json\/wp\/v2\/posts\/157620\/revisions"}],"predecessor-version":[{"id":157716,"href":"https:\/\/cardamomo.com\/it\/wp-json\/wp\/v2\/posts\/157620\/revisions\/157716"}],"wp:featuredmedia":[{"embeddable":true,"href":"https:\/\/cardamomo.com\/it\/wp-json\/wp\/v2\/media\/157670"}],"wp:attachment":[{"href":"https:\/\/cardamomo.com\/it\/wp-json\/wp\/v2\/media?parent=157620"}],"wp:term":[{"taxonomy":"category","embeddable":true,"href":"https:\/\/cardamomo.com\/it\/wp-json\/wp\/v2\/categories?post=157620"},{"taxonomy":"post_tag","embeddable":true,"href":"https:\/\/cardamomo.com\/it\/wp-json\/wp\/v2\/tags?post=157620"}],"curies":[{"name":"wp","href":"https:\/\/api.w.org\/{rel}","templated":true}]}}