{"id":86853,"date":"2021-09-30T13:02:29","date_gmt":"2021-09-30T11:02:29","guid":{"rendered":"https:\/\/cardamomo.com\/es\/?p=86853"},"modified":"2025-12-03T15:58:12","modified_gmt":"2025-12-03T14:58:12","slug":"macarena-ramirez","status":"publish","type":"post","link":"https:\/\/cardamomo.com\/fr\/macarena-ramirez\/","title":{"rendered":"Macarena Ramirez"},"content":{"rendered":"<p><\/p>\n<h2 id=\"tw-target-text\" class=\"tw-data-text tw-text-large XcVN5d tw-ta\" dir=\"ltr\" data-placeholder=\"Traducci\u00f3n\"><span class=\"Y2IQFc\" lang=\"fr\">Macarena Ramirez du 1er au 6 Octobre, \u00e0 ne pas manquer!<\/span><\/h2>\n<p class=\"tw-data-text tw-text-large XcVN5d tw-ta\" dir=\"ltr\" data-placeholder=\"Traducci\u00f3n\"><span class=\"Y2IQFc\" lang=\"fr\">Elle a commenc\u00e9 \u00e0 danser \u00e0 l&rsquo;\u00e2ge de 4 ans aux acad\u00e9mies de Chiclana. \u00c0 l&rsquo;\u00e2ge de 6 ans, il se rend \u00e0 Jerez avec Mar\u00eda del Mar Moreno, se produit dans divers clubs de flamenco et aux \u00ab\u00a0F\u00eates d&rsquo;automne\u00a0\u00bb de Jerez avec le maestro \u00ab\u00a0Jos\u00e9 Zarzana\u00a0\u00bb au piano. \u00c0 tout juste 13 ans, elle a jou\u00e9 le r\u00f4le de Lola Flores dans le film \u00ab\u00a0Lola, le film\u00a0\u00bb. <\/span><\/p>\n<p class=\"tw-data-text tw-text-large XcVN5d tw-ta\" dir=\"ltr\" data-placeholder=\"Traducci\u00f3n\"><span class=\"Y2IQFc\" lang=\"fr\">Elle a \u00e9t\u00e9 danseuse solo \u00e0 C\u00eda. Antonio \u00ab\u00a0El Pipa\u00a0\u00bb, dans divers spectacles, a \u00e9galement fait partie d&rsquo;importantes compagnies telles que: Sara Baras, Maria Paj\u00e9s, Eduardo Guerrero. Il a partag\u00e9 des sc\u00e8nes avec de grands artistes tels que : Antonio Canales, Javier la Torre, Jesus Carmona, Mariana Cornejo, Carmen de la Jara, Juan Villar&#8230;<\/span><\/p>\n<p class=\"tw-data-text tw-text-large XcVN5d tw-ta\" dir=\"ltr\" data-placeholder=\"Traducci\u00f3n\"><span class=\"Y2IQFc\" lang=\"fr\">Macarena a re\u00e7u plusieurs prix, parmi lesquels : Premier prix du concours \u00ab\u00a0J\u00f3venes flamenco de Desencaja\u00a0\u00bb dans la province de Cadix, 2011. Premier prix \u00ab\u00a0Alcobendas flamenca Nuevos Talentos 2017\u00a0\u00bb. Deuxi\u00e8me prix du \u00ab\u00a0Cante de las Minas 2017\u00a0\u00bb. <\/span><\/p>\n<p class=\"tw-data-text tw-text-large XcVN5d tw-ta\" dir=\"ltr\" data-placeholder=\"Traducci\u00f3n\"><span class=\"Y2IQFc\" lang=\"fr\">Il a r\u00e9cemment remport\u00e9 l&rsquo;\u00e9mission t\u00e9l\u00e9vis\u00e9e \u00ab\u00a0The Dancer\u00a0\u00bb sur RTVE 2021. <\/span><\/p>\n<p class=\"tw-data-text tw-text-large XcVN5d tw-ta\" dir=\"ltr\" data-placeholder=\"Traducci\u00f3n\"><span class=\"Y2IQFc\" lang=\"fr\">Macarena partagera la sc\u00e8ne, avec deux grands danseurs : Miguel El Rubio (1-3) et avec Yiyo (4-6).<\/span><\/p>\n<p class=\"tw-data-text tw-text-large XcVN5d tw-ta\" dir=\"ltr\" data-placeholder=\"Traducci\u00f3n\"><span class=\"Y2IQFc\" lang=\"fr\">Nous t&rsquo;attendons!<\/span><\/p>\n<p><\/p>","protected":false},"excerpt":{"rendered":"Macarena Ramirez du 1er au 6 Octobre, \u00e0 ne pas manquer! Elle a commenc\u00e9 \u00e0 danser \u00e0 l&rsquo;\u00e2ge de 4 ans aux acad\u00e9mies de Chiclana. \u00c0 l&rsquo;\u00e2ge de 6 ans, il se rend \u00e0 Jerez avec Mar\u00eda del Mar Moreno, se produit dans divers clubs de flamenco et aux \u00ab\u00a0F\u00eates d&rsquo;automne\u00a0\u00bb de Jerez avec le&#8230;","protected":false},"author":1,"featured_media":86854,"comment_status":"closed","ping_status":"open","sticky":false,"template":"","format":"standard","meta":{"_acf_changed":false,"inline_featured_image":false,"footnotes":""},"categories":[6],"tags":[],"class_list":["post-86853","post","type-post","status-publish","format-standard","has-post-thumbnail","hentry","category-artistas-cardamomo"],"acf":[],"yoast_head":"<!-- This site is optimized with the Yoast SEO plugin v27.4 - https:\/\/yoast.com\/product\/yoast-seo-wordpress\/ -->\n<title>Macarena Ramirez - Cardamomo Flamenco Madrid<\/title>\n<meta name=\"robots\" content=\"index, follow, max-snippet:-1, max-image-preview:large, max-video-preview:-1\" \/>\n<link rel=\"canonical\" href=\"\/\" \/>\n<meta property=\"og:locale\" content=\"fr_FR\" \/>\n<meta property=\"og:type\" content=\"article\" \/>\n<meta property=\"og:title\" content=\"Macarena Ramirez - Cardamomo Flamenco Madrid\" \/>\n<meta property=\"og:description\" content=\"Macarena Ramirez du 1er au 6 Octobre, \u00e0 ne pas manquer! Elle a commenc\u00e9 \u00e0 danser \u00e0 l&rsquo;\u00e2ge de 4 ans aux acad\u00e9mies de Chiclana. \u00c0 l&rsquo;\u00e2ge de 6 ans, il se rend \u00e0 Jerez avec Mar\u00eda del Mar Moreno, se produit dans divers clubs de flamenco et aux \u00ab\u00a0F\u00eates d&rsquo;automne\u00a0\u00bb de Jerez avec le...\" \/>\n<meta property=\"og:url\" content=\"https:\/\/cardamomo.com\/fr\/macarena-ramirez\/\" \/>\n<meta property=\"og:site_name\" content=\"Cardamomo Flamenco Madrid\" \/>\n<meta property=\"article:published_time\" content=\"2021-09-30T11:02:29+00:00\" \/>\n<meta property=\"article:modified_time\" content=\"2025-12-03T14:58:12+00:00\" \/>\n<meta property=\"og:image\" content=\"https:\/\/cardamomo.ams3.digitaloceanspaces.com\/wp-content\/uploads\/2021\/09\/15115928\/macarena-ramirez-octubre.jpg\" \/>\n\t<meta property=\"og:image:width\" content=\"2480\" \/>\n\t<meta property=\"og:image:height\" content=\"2480\" \/>\n\t<meta property=\"og:image:type\" content=\"image\/jpeg\" \/>\n<meta name=\"author\" content=\"admin_cardamomo\" \/>\n<meta name=\"twitter:card\" content=\"summary_large_image\" \/>\n<meta name=\"twitter:label1\" content=\"\u00c9crit par\" \/>\n\t<meta name=\"twitter:data1\" content=\"admin_cardamomo\" \/>\n\t<meta name=\"twitter:label2\" content=\"Dur\u00e9e de lecture estim\u00e9e\" \/>\n\t<meta name=\"twitter:data2\" content=\"1 minute\" \/>\n<script type=\"application\/ld+json\" class=\"yoast-schema-graph\">{\"@context\":\"https:\\\/\\\/schema.org\",\"@graph\":[{\"@type\":\"Article\",\"@id\":\"https:\\\/\\\/cardamomo.com\\\/es\\\/macarena-ramirez\\\/#article\",\"isPartOf\":{\"@id\":\"https:\\\/\\\/cardamomo.com\\\/es\\\/macarena-ramirez\\\/\"},\"author\":{\"name\":\"admin_cardamomo\",\"@id\":\"https:\\\/\\\/cardamomo.com\\\/es\\\/#\\\/schema\\\/person\\\/abfbca965cbb188c4c46a0520d55dbaf\"},\"headline\":\"Macarena Ramirez\",\"datePublished\":\"2021-09-30T11:02:29+00:00\",\"dateModified\":\"2025-12-03T14:58:12+00:00\",\"mainEntityOfPage\":{\"@id\":\"https:\\\/\\\/cardamomo.com\\\/es\\\/macarena-ramirez\\\/\"},\"wordCount\":1636,\"image\":{\"@id\":\"https:\\\/\\\/cardamomo.com\\\/es\\\/macarena-ramirez\\\/#primaryimage\"},\"thumbnailUrl\":\"https:\\\/\\\/cardamomo.ams3.digitaloceanspaces.com\\\/wp-content\\\/uploads\\\/2021\\\/09\\\/15115928\\\/macarena-ramirez-octubre.jpg\",\"articleSection\":[\"Artistas Cardamomo\"],\"inLanguage\":\"fr-FR\"},{\"@type\":\"WebPage\",\"@id\":\"https:\\\/\\\/cardamomo.com\\\/fr\\\/macarena-ramirez\\\/\",\"url\":\"https:\\\/\\\/cardamomo.com\\\/fr\\\/macarena-ramirez\\\/\",\"name\":\"Macarena Ramirez - Cardamomo Flamenco Madrid\",\"isPartOf\":{\"@id\":\"https:\\\/\\\/cardamomo.com\\\/fr\\\/#website\"},\"primaryImageOfPage\":{\"@id\":\"https:\\\/\\\/cardamomo.com\\\/fr\\\/macarena-ramirez\\\/#primaryimage\"},\"image\":{\"@id\":\"https:\\\/\\\/cardamomo.com\\\/es\\\/macarena-ramirez\\\/#primaryimage\"},\"thumbnailUrl\":\"https:\\\/\\\/cardamomo.ams3.digitaloceanspaces.com\\\/wp-content\\\/uploads\\\/2021\\\/09\\\/15115928\\\/macarena-ramirez-octubre.jpg\",\"datePublished\":\"2021-09-30T11:02:29+00:00\",\"dateModified\":\"2025-12-03T14:58:12+00:00\",\"author\":{\"@id\":\"https:\\\/\\\/cardamomo.com\\\/es\\\/#\\\/schema\\\/person\\\/abfbca965cbb188c4c46a0520d55dbaf\"},\"breadcrumb\":{\"@id\":\"https:\\\/\\\/cardamomo.com\\\/fr\\\/macarena-ramirez\\\/#breadcrumb\"},\"inLanguage\":\"fr-FR\",\"potentialAction\":[{\"@type\":\"ReadAction\",\"target\":[[\"https:\\\/\\\/cardamomo.com\\\/fr\\\/macarena-ramirez\\\/\"]]}]},{\"@type\":\"ImageObject\",\"inLanguage\":\"fr-FR\",\"@id\":\"https:\\\/\\\/cardamomo.com\\\/fr\\\/macarena-ramirez\\\/#primaryimage\",\"url\":\"https:\\\/\\\/cardamomo.ams3.digitaloceanspaces.com\\\/wp-content\\\/uploads\\\/2021\\\/09\\\/15115928\\\/macarena-ramirez-octubre.jpg\",\"contentUrl\":\"https:\\\/\\\/cardamomo.ams3.digitaloceanspaces.com\\\/wp-content\\\/uploads\\\/2021\\\/09\\\/15115928\\\/macarena-ramirez-octubre.jpg\",\"width\":2480,\"height\":2480,\"caption\":\"Bailaora Macarena Ramirez Ganadora Programa The Dancer en Cardamomo tablao flamenco madrid\"},{\"@type\":\"BreadcrumbList\",\"@id\":\"https:\\\/\\\/cardamomo.com\\\/fr\\\/macarena-ramirez\\\/#breadcrumb\",\"itemListElement\":[{\"@type\":\"ListItem\",\"position\":1,\"name\":\"Cardamomo\",\"item\":\"https:\\\/\\\/cardamomo.com\\\/fr\\\/\"},{\"@type\":\"ListItem\",\"position\":2,\"name\":\"Macarena Ramirez\"}]},{\"@type\":\"WebSite\",\"@id\":\"https:\\\/\\\/cardamomo.com\\\/fr\\\/#website\",\"url\":\"https:\\\/\\\/cardamomo.com\\\/fr\\\/\",\"name\":\"Cardamomo Flamenco Madrid\",\"description\":\"\",\"potentialAction\":[{\"@type\":\"SearchAction\",\"target\":{\"@type\":\"EntryPoint\",\"urlTemplate\":\"https:\\\/\\\/cardamomo.com\\\/fr\\\/?s={search_term_string}\"},\"query-input\":{\"@type\":\"PropertyValueSpecification\",\"valueRequired\":true,\"valueName\":\"search_term_string\"}}],\"inLanguage\":\"fr-FR\"},{\"@type\":\"Person\",\"@id\":\"https:\\\/\\\/cardamomo.com\\\/es\\\/#\\\/schema\\\/person\\\/abfbca965cbb188c4c46a0520d55dbaf\",\"name\":\"admin_cardamomo\",\"image\":{\"@type\":\"ImageObject\",\"inLanguage\":\"fr-FR\",\"@id\":\"https:\\\/\\\/secure.gravatar.com\\\/avatar\\\/74390b26a5e2b464e9c76f16c1e1a834a96863be28dd8c65644a4f9d210168b3?s=96&d=mm&r=g\",\"url\":\"https:\\\/\\\/secure.gravatar.com\\\/avatar\\\/74390b26a5e2b464e9c76f16c1e1a834a96863be28dd8c65644a4f9d210168b3?s=96&d=mm&r=g\",\"contentUrl\":\"https:\\\/\\\/secure.gravatar.com\\\/avatar\\\/74390b26a5e2b464e9c76f16c1e1a834a96863be28dd8c65644a4f9d210168b3?s=96&d=mm&r=g\",\"caption\":\"admin_cardamomo\"},\"sameAs\":[\"http:\\\/\\\/pro.cardamomo.com\"],\"url\":\"https:\\\/\\\/cardamomo.com\\\/fr\\\/author\\\/admin_cardamomo\\\/\"}]}<\/script>\n<!-- \/ Yoast SEO plugin. -->","yoast_head_json":{"title":"Macarena Ramirez - Cardamomo Flamenco Madrid","robots":{"index":"index","follow":"follow","max-snippet":"max-snippet:-1","max-image-preview":"max-image-preview:large","max-video-preview":"max-video-preview:-1"},"canonical":"\/","og_locale":"fr_FR","og_type":"article","og_title":"Macarena Ramirez - Cardamomo Flamenco Madrid","og_description":"Macarena Ramirez du 1er au 6 Octobre, \u00e0 ne pas manquer! Elle a commenc\u00e9 \u00e0 danser \u00e0 l&rsquo;\u00e2ge de 4 ans aux acad\u00e9mies de Chiclana. \u00c0 l&rsquo;\u00e2ge de 6 ans, il se rend \u00e0 Jerez avec Mar\u00eda del Mar Moreno, se produit dans divers clubs de flamenco et aux \u00ab\u00a0F\u00eates d&rsquo;automne\u00a0\u00bb de Jerez avec le...","og_url":"https:\/\/cardamomo.com\/fr\/macarena-ramirez\/","og_site_name":"Cardamomo Flamenco Madrid","article_published_time":"2021-09-30T11:02:29+00:00","article_modified_time":"2025-12-03T14:58:12+00:00","og_image":[{"width":2480,"height":2480,"url":"https:\/\/cardamomo.ams3.digitaloceanspaces.com\/wp-content\/uploads\/2021\/09\/15115928\/macarena-ramirez-octubre.jpg","type":"image\/jpeg"}],"author":"admin_cardamomo","twitter_card":"summary_large_image","twitter_misc":{"\u00c9crit par":"admin_cardamomo","Dur\u00e9e de lecture estim\u00e9e":"1 minute"},"schema":{"@context":"https:\/\/schema.org","@graph":[{"@type":"Article","@id":"https:\/\/cardamomo.com\/es\/macarena-ramirez\/#article","isPartOf":{"@id":"https:\/\/cardamomo.com\/es\/macarena-ramirez\/"},"author":{"name":"admin_cardamomo","@id":"https:\/\/cardamomo.com\/es\/#\/schema\/person\/abfbca965cbb188c4c46a0520d55dbaf"},"headline":"Macarena Ramirez","datePublished":"2021-09-30T11:02:29+00:00","dateModified":"2025-12-03T14:58:12+00:00","mainEntityOfPage":{"@id":"https:\/\/cardamomo.com\/es\/macarena-ramirez\/"},"wordCount":1636,"image":{"@id":"https:\/\/cardamomo.com\/es\/macarena-ramirez\/#primaryimage"},"thumbnailUrl":"https:\/\/cardamomo.ams3.digitaloceanspaces.com\/wp-content\/uploads\/2021\/09\/15115928\/macarena-ramirez-octubre.jpg","articleSection":["Artistas Cardamomo"],"inLanguage":"fr-FR"},{"@type":"WebPage","@id":"https:\/\/cardamomo.com\/fr\/macarena-ramirez\/","url":"https:\/\/cardamomo.com\/fr\/macarena-ramirez\/","name":"Macarena Ramirez - Cardamomo Flamenco Madrid","isPartOf":{"@id":"https:\/\/cardamomo.com\/fr\/#website"},"primaryImageOfPage":{"@id":"https:\/\/cardamomo.com\/fr\/macarena-ramirez\/#primaryimage"},"image":{"@id":"https:\/\/cardamomo.com\/es\/macarena-ramirez\/#primaryimage"},"thumbnailUrl":"https:\/\/cardamomo.ams3.digitaloceanspaces.com\/wp-content\/uploads\/2021\/09\/15115928\/macarena-ramirez-octubre.jpg","datePublished":"2021-09-30T11:02:29+00:00","dateModified":"2025-12-03T14:58:12+00:00","author":{"@id":"https:\/\/cardamomo.com\/es\/#\/schema\/person\/abfbca965cbb188c4c46a0520d55dbaf"},"breadcrumb":{"@id":"https:\/\/cardamomo.com\/fr\/macarena-ramirez\/#breadcrumb"},"inLanguage":"fr-FR","potentialAction":[{"@type":"ReadAction","target":[["https:\/\/cardamomo.com\/fr\/macarena-ramirez\/"]]}]},{"@type":"ImageObject","inLanguage":"fr-FR","@id":"https:\/\/cardamomo.com\/fr\/macarena-ramirez\/#primaryimage","url":"https:\/\/cardamomo.ams3.digitaloceanspaces.com\/wp-content\/uploads\/2021\/09\/15115928\/macarena-ramirez-octubre.jpg","contentUrl":"https:\/\/cardamomo.ams3.digitaloceanspaces.com\/wp-content\/uploads\/2021\/09\/15115928\/macarena-ramirez-octubre.jpg","width":2480,"height":2480,"caption":"Bailaora Macarena Ramirez Ganadora Programa The Dancer en Cardamomo tablao flamenco madrid"},{"@type":"BreadcrumbList","@id":"https:\/\/cardamomo.com\/fr\/macarena-ramirez\/#breadcrumb","itemListElement":[{"@type":"ListItem","position":1,"name":"Cardamomo","item":"https:\/\/cardamomo.com\/fr\/"},{"@type":"ListItem","position":2,"name":"Macarena Ramirez"}]},{"@type":"WebSite","@id":"https:\/\/cardamomo.com\/fr\/#website","url":"https:\/\/cardamomo.com\/fr\/","name":"Cardamomo Flamenco Madrid","description":"","potentialAction":[{"@type":"SearchAction","target":{"@type":"EntryPoint","urlTemplate":"https:\/\/cardamomo.com\/fr\/?s={search_term_string}"},"query-input":{"@type":"PropertyValueSpecification","valueRequired":true,"valueName":"search_term_string"}}],"inLanguage":"fr-FR"},{"@type":"Person","@id":"https:\/\/cardamomo.com\/es\/#\/schema\/person\/abfbca965cbb188c4c46a0520d55dbaf","name":"admin_cardamomo","image":{"@type":"ImageObject","inLanguage":"fr-FR","@id":"https:\/\/secure.gravatar.com\/avatar\/74390b26a5e2b464e9c76f16c1e1a834a96863be28dd8c65644a4f9d210168b3?s=96&d=mm&r=g","url":"https:\/\/secure.gravatar.com\/avatar\/74390b26a5e2b464e9c76f16c1e1a834a96863be28dd8c65644a4f9d210168b3?s=96&d=mm&r=g","contentUrl":"https:\/\/secure.gravatar.com\/avatar\/74390b26a5e2b464e9c76f16c1e1a834a96863be28dd8c65644a4f9d210168b3?s=96&d=mm&r=g","caption":"admin_cardamomo"},"sameAs":["http:\/\/pro.cardamomo.com"],"url":"https:\/\/cardamomo.com\/fr\/author\/admin_cardamomo\/"}]}},"_links":{"self":[{"href":"https:\/\/cardamomo.com\/fr\/wp-json\/wp\/v2\/posts\/86853","targetHints":{"allow":["GET"]}}],"collection":[{"href":"https:\/\/cardamomo.com\/fr\/wp-json\/wp\/v2\/posts"}],"about":[{"href":"https:\/\/cardamomo.com\/fr\/wp-json\/wp\/v2\/types\/post"}],"author":[{"embeddable":true,"href":"https:\/\/cardamomo.com\/fr\/wp-json\/wp\/v2\/users\/1"}],"replies":[{"embeddable":true,"href":"https:\/\/cardamomo.com\/fr\/wp-json\/wp\/v2\/comments?post=86853"}],"version-history":[{"count":1,"href":"https:\/\/cardamomo.com\/fr\/wp-json\/wp\/v2\/posts\/86853\/revisions"}],"predecessor-version":[{"id":158023,"href":"https:\/\/cardamomo.com\/fr\/wp-json\/wp\/v2\/posts\/86853\/revisions\/158023"}],"wp:featuredmedia":[{"embeddable":true,"href":"https:\/\/cardamomo.com\/fr\/wp-json\/wp\/v2\/media\/86854"}],"wp:attachment":[{"href":"https:\/\/cardamomo.com\/fr\/wp-json\/wp\/v2\/media?parent=86853"}],"wp:term":[{"taxonomy":"category","embeddable":true,"href":"https:\/\/cardamomo.com\/fr\/wp-json\/wp\/v2\/categories?post=86853"},{"taxonomy":"post_tag","embeddable":true,"href":"https:\/\/cardamomo.com\/fr\/wp-json\/wp\/v2\/tags?post=86853"}],"curies":[{"name":"wp","href":"https:\/\/api.w.org\/{rel}","templated":true}]}}