{"id":158964,"date":"2026-04-29T10:00:36","date_gmt":"2026-04-29T08:00:36","guid":{"rendered":"https:\/\/cardamomo.com\/es\/?p=158964"},"modified":"2026-04-29T12:35:07","modified_gmt":"2026-04-29T10:35:07","slug":"mayo-en-madrid-el-mes-de-los-planes-la-fiesta-y-la-cultura","status":"publish","type":"post","link":"https:\/\/cardamomo.com\/fr\/que-faire-madrid-mai\/","title":{"rendered":"Mai \u00e0 Madrid : Le mois des projets, de la f\u00eate et de la culture"},"content":{"rendered":"<p><\/p>\n<p data-path-to-node=\"19\">En mai, Madrid quitte son costume de bureau et descend dans la rue. <b data-path-to-node=\"19\" data-index-in-node=\"68\">C&rsquo;est ce moment de l&rsquo;ann\u00e9e o\u00f9 la ville cesse d&rsquo;\u00eatre une destination de passage pour devenir une f\u00eate<\/b> qui ne tient pas dans les b\u00e2timents et d\u00e9borde sur les places, les terrasses et les tablaos. Si vous passez par ici, oubliez les guides typiques : nous vous racontons comment vous d\u00e9placer dans la capitale comme quelqu&rsquo;un qui sait vraiment o\u00f9 bat son pouls le plus authentique.<\/p>\n<h2 data-path-to-node=\"20\"><b data-path-to-node=\"20\" data-index-in-node=\"0\">Madrid en mai : l&rsquo;un des mois les plus actifs de l&rsquo;ann\u00e9e<\/b><\/h2>\n<p data-path-to-node=\"21\"><b data-path-to-node=\"21\" data-index-in-node=\"0\">Ce n&rsquo;est pas par hasard si mai est le mois pr\u00e9f\u00e9r\u00e9 des Madril\u00e8nes, c&rsquo;est que la m\u00e9t\u00e9o nous accorde un r\u00e9pit.<\/b> Les apr\u00e8s-midi s&rsquo;allongent de cette fa\u00e7on si sp\u00e9ciale o\u00f9 il semble que le soleil ne se couchera jamais, et la chaleur, encore douce, vous pousse presque involontairement vers la premi\u00e8re terrasse libre que vous trouvez. De l&rsquo;ap\u00e9ritif jusqu&rsquo;\u00e0 l&rsquo;aube, la vie \u00e0 Madrid se passe dehors.<\/p>\n<p data-path-to-node=\"22\">L&rsquo;activit\u00e9 culturelle atteint son apog\u00e9e. Tandis que les mus\u00e9es du Paseo del Arte inaugurent leurs grandes expositions de saison, les quartiers se remplissent de foires aux livres, de march\u00e9s aux fleurs et de festivals de musique. En mai, Madrid ne se repose pas car la ville elle-m\u00eame semble c\u00e9l\u00e9brer que l&rsquo;hiver est d\u00e9finitivement derri\u00e8re nous.<\/p>\n<h2 data-path-to-node=\"23\"><b data-path-to-node=\"23\" data-index-in-node=\"0\">Que faire pendant le pont de mai \u00e0 Madrid<\/b><\/h2>\n<p data-path-to-node=\"24\">Tout commence par le Pont de Mai. <b data-path-to-node=\"24\" data-index-in-node=\"34\">C&rsquo;est un d\u00e9but de mois intense o\u00f9 l&rsquo;envie de faire la f\u00eate se m\u00eale \u00e0 la fiert\u00e9 de la ville.<\/b> Le 2 mai, Malasa\u00f1a devient le centre de la carte ; c&rsquo;est le jour o\u00f9 l&rsquo;on comm\u00e9more le soul\u00e8vement de 1808, mais en pratique, cela se traduit par les places de las Comendadoras ou du Dos de Mayo remplies de monde, de musique et de cette ambiance de quartier que nous aimons tant.<\/p>\n<p data-path-to-node=\"25\"><b data-path-to-node=\"25\" data-index-in-node=\"0\">Le pont de mai est l&rsquo;occasion id\u00e9ale de voir le Madrid le plus historique et traditionnel, avec des reconstitutions d&rsquo;\u00e9poque et des concerts de rue.<\/b> C&rsquo;est une date de grande affluence, donc si vous cherchez un plan qui combine qualit\u00e9 artistique et refuge loin de la foule, r\u00e9server l&rsquo;un de nos <a class=\"ng-star-inserted\" href=\"https:\/\/cardamomo.com\/fr\/show\/spectacle-flamenco-en-mai\/\" target=\"_blank\" rel=\"noopener\">spectacles de flamenco en mai<\/a> est la d\u00e9cision la plus intelligente pour clore la journ\u00e9e avec l&rsquo;intensit\u00e9 que m\u00e9rite la capitale.<\/p>\n<h2 data-path-to-node=\"26\"><b data-path-to-node=\"26\" data-index-in-node=\"0\">San Isidro \u00e0 Madrid : tradition, culture et f\u00eate<\/b><\/h2>\n<p data-path-to-node=\"27\"><b data-path-to-node=\"27\" data-index-in-node=\"0\">Au milieu du mois arrive San Isidro Labrador, le saint patron de la ville.<\/b> Madrid retrouve ses traditions les plus pures. Vous verrez les \u00ab chulapos \u00bb et \u00ab chulapas \u00bb dans la Pradera de San Isidro manger des beignets \u00ab tontas y listas \u00bb et danser au rythme de l&rsquo;organillo.<\/p>\n<p data-path-to-node=\"28\">Cependant, San Isidro est aussi un festival de musique et d&rsquo;art qui envahit toute la ville. <b data-path-to-node=\"28\" data-index-in-node=\"92\">Il est fascinant d&rsquo;observer comment le chotis madril\u00e8ne coexiste avec la force du flamenco, qui pendant ces jours s&#8217;empare de places embl\u00e9matiques comme la Plaza Mayor ou les Vistillas.<\/b> \u00c0 cette \u00e9poque, de nombreux visiteurs s&rsquo;int\u00e9ressent aux racines de notre danse ; comprendre, par exemple, l&rsquo;<a class=\"ng-star-inserted\" href=\"https:\/\/cardamomo.com\/fr\/origine-des-sevillanas\/\" target=\"_blank\" rel=\"noopener\">origine des sevillanas<\/a> aide \u00e0 comprendre pourquoi la danse est l&rsquo;axe autour duquel tournent toutes nos f\u00eates de printemps.<\/p>\n<h2 data-path-to-node=\"29\"><b data-path-to-node=\"29\" data-index-in-node=\"0\">Plans \u00e0 Madrid en mai au-del\u00e0 des f\u00eates<\/b><\/h2>\n<p data-path-to-node=\"30\">Si vous pr\u00e9f\u00e9rez des plans qui s&rsquo;\u00e9loignent des kermesses populaires, mai continue d&rsquo;offrir des options qui n&rsquo;arrivent que maintenant :<\/p>\n<ul data-path-to-node=\"31\">\n<li>\n<p data-path-to-node=\"31,0,0\"><b data-path-to-node=\"31,0,0\" data-index-in-node=\"0\">La Rosaleda du Retiro :<\/b> Peu de choses sont aussi belles que de voir les milliers de roses du Retiro au moment de leur floraison maximale. C&rsquo;est un spectacle visuel qui ne dure que quelques semaines.<\/p>\n<\/li>\n<li>\n<p data-path-to-node=\"31,1,0\"><b data-path-to-node=\"31,1,0\" data-index-in-node=\"0\">Toits et ciels de Madrid :<\/b> Avec l&rsquo;air pur du printemps, les couchers de soleil depuis les toits de la Gran V\u00eda ou du C\u00edrculo de Bellas Artes sont imbattables.<\/p>\n<\/li>\n<li>\n<p data-path-to-node=\"31,2,0\"><b data-path-to-node=\"31,2,0\" data-index-in-node=\"0\">Gastronomie de saison :<\/b> C&rsquo;est le moment des terrasses du Barrio de las Letras, o\u00f9 la cuisine madril\u00e8ne s&rsquo;appr\u00e9cie mieux avec la brise de mai.<\/p>\n<\/li>\n<\/ul>\n<p data-path-to-node=\"32\"><b data-path-to-node=\"32\" data-index-in-node=\"0\">Madrid en mai vous offre sa version la plus g\u00e9n\u00e9reuse.<\/b> C&rsquo;est une ville qui s&rsquo;ouvre toute grande pour qui recherche culture, soleil et cette sensation qu&rsquo;il se passe toujours quelque chose d&rsquo;int\u00e9ressant au coin de la rue.<\/p>\n<p><\/p>","protected":false},"excerpt":{"rendered":"En mai, Madrid quitte son costume de bureau et descend dans la rue. C&rsquo;est ce moment de l&rsquo;ann\u00e9e o\u00f9 la ville cesse d&rsquo;\u00eatre une destination de passage pour devenir une f\u00eate qui ne tient pas dans les b\u00e2timents et d\u00e9borde sur les places, les terrasses et les tablaos. Si vous passez par ici, oubliez les&#8230;","protected":false},"author":7,"featured_media":158969,"comment_status":"closed","ping_status":"closed","sticky":false,"template":"","format":"standard","meta":{"_acf_changed":false,"inline_featured_image":false,"footnotes":""},"categories":[7],"tags":[],"class_list":["post-158964","post","type-post","status-publish","format-standard","has-post-thumbnail","hentry","category-avance-de-espectaculos"],"acf":[],"yoast_head":"<!-- This site is optimized with the Yoast SEO plugin v27.4 - https:\/\/yoast.com\/product\/yoast-seo-wordpress\/ -->\n<title>Que faire \u00e0 Madrid en mai : Plans et \u00e9v\u00e9nements<\/title>\n<meta name=\"description\" content=\"D\u00e9couvrez ce qu&#039;il faut faire \u00e0 Madrid en mai : San Isidro, le pont de mai et les meilleurs plans culturels. Vivez le flamenco et la f\u00eate.\" \/>\n<meta name=\"robots\" content=\"index, follow, max-snippet:-1, max-image-preview:large, max-video-preview:-1\" \/>\n<link rel=\"canonical\" href=\"\/\" \/>\n<meta property=\"og:locale\" content=\"fr_FR\" \/>\n<meta property=\"og:type\" content=\"article\" \/>\n<meta property=\"og:title\" content=\"Que faire \u00e0 Madrid en mai : Plans et \u00e9v\u00e9nements\" \/>\n<meta property=\"og:description\" content=\"D\u00e9couvrez ce qu&#039;il faut faire \u00e0 Madrid en mai : San Isidro, le pont de mai et les meilleurs plans culturels. Vivez le flamenco et la f\u00eate.\" \/>\n<meta property=\"og:url\" content=\"https:\/\/cardamomo.com\/fr\/planes-madrid-mayo\/\" \/>\n<meta property=\"og:site_name\" content=\"Cardamomo Flamenco Madrid\" \/>\n<meta property=\"article:published_time\" content=\"2026-04-29T08:00:36+00:00\" \/>\n<meta property=\"article:modified_time\" content=\"2026-04-29T10:35:07+00:00\" \/>\n<meta property=\"og:image\" content=\"https:\/\/cardamomo.ams3.digitaloceanspaces.com\/wp-content\/uploads\/2026\/04\/23115940\/gemini_generated_image_258ddu258ddu258d.webp\" \/>\n\t<meta property=\"og:image:width\" content=\"1408\" \/>\n\t<meta property=\"og:image:height\" content=\"768\" \/>\n\t<meta property=\"og:image:type\" content=\"image\/webp\" \/>\n<meta name=\"author\" content=\"Miguel Blanco\" \/>\n<meta name=\"twitter:card\" content=\"summary_large_image\" \/>\n<meta name=\"twitter:label1\" content=\"\u00c9crit par\" \/>\n\t<meta name=\"twitter:data1\" content=\"Miguel Blanco\" \/>\n\t<meta name=\"twitter:label2\" content=\"Dur\u00e9e de lecture estim\u00e9e\" \/>\n\t<meta name=\"twitter:data2\" content=\"4 minutes\" \/>\n<script type=\"application\/ld+json\" class=\"yoast-schema-graph\">{\"@context\":\"https:\\\/\\\/schema.org\",\"@graph\":[{\"@type\":\"Article\",\"@id\":\"https:\\\/\\\/cardamomo.com\\\/es\\\/planes-madrid-mayo\\\/#article\",\"isPartOf\":{\"@id\":\"https:\\\/\\\/cardamomo.com\\\/es\\\/planes-madrid-mayo\\\/\"},\"author\":{\"name\":\"Miguel Blanco\",\"@id\":\"https:\\\/\\\/cardamomo.com\\\/es\\\/#\\\/schema\\\/person\\\/e0d7e554980e9e4c3891b69734cf9df9\"},\"headline\":\"Mai \u00e0 Madrid : Le mois des projets, de la f\u00eate et de la culture\",\"datePublished\":\"2026-04-29T08:00:36+00:00\",\"dateModified\":\"2026-04-29T10:35:07+00:00\",\"mainEntityOfPage\":{\"@id\":\"https:\\\/\\\/cardamomo.com\\\/es\\\/planes-madrid-mayo\\\/\"},\"wordCount\":7216,\"image\":{\"@id\":\"https:\\\/\\\/cardamomo.com\\\/es\\\/planes-madrid-mayo\\\/#primaryimage\"},\"thumbnailUrl\":\"https:\\\/\\\/cardamomo.ams3.digitaloceanspaces.com\\\/wp-content\\\/uploads\\\/2026\\\/04\\\/23115940\\\/gemini_generated_image_258ddu258ddu258d.webp\",\"articleSection\":[\"Avance de espect\u00e1culos\"],\"inLanguage\":\"fr-FR\"},{\"@type\":\"WebPage\",\"@id\":\"https:\\\/\\\/cardamomo.com\\\/fr\\\/planes-madrid-mayo\\\/\",\"url\":\"https:\\\/\\\/cardamomo.com\\\/fr\\\/planes-madrid-mayo\\\/\",\"name\":\"Que faire \u00e0 Madrid en mai : Plans et \u00e9v\u00e9nements\",\"isPartOf\":{\"@id\":\"https:\\\/\\\/cardamomo.com\\\/fr\\\/#website\"},\"primaryImageOfPage\":{\"@id\":\"https:\\\/\\\/cardamomo.com\\\/fr\\\/planes-madrid-mayo\\\/#primaryimage\"},\"image\":{\"@id\":\"https:\\\/\\\/cardamomo.com\\\/es\\\/planes-madrid-mayo\\\/#primaryimage\"},\"thumbnailUrl\":\"https:\\\/\\\/cardamomo.ams3.digitaloceanspaces.com\\\/wp-content\\\/uploads\\\/2026\\\/04\\\/23115940\\\/gemini_generated_image_258ddu258ddu258d.webp\",\"datePublished\":\"2026-04-29T08:00:36+00:00\",\"dateModified\":\"2026-04-29T10:35:07+00:00\",\"author\":{\"@id\":\"https:\\\/\\\/cardamomo.com\\\/es\\\/#\\\/schema\\\/person\\\/e0d7e554980e9e4c3891b69734cf9df9\"},\"description\":\"D\u00e9couvrez ce qu'il faut faire \u00e0 Madrid en mai : San Isidro, le pont de mai et les meilleurs plans culturels. Vivez le flamenco et la f\u00eate.\",\"breadcrumb\":{\"@id\":\"https:\\\/\\\/cardamomo.com\\\/fr\\\/planes-madrid-mayo\\\/#breadcrumb\"},\"inLanguage\":\"fr-FR\",\"potentialAction\":[{\"@type\":\"ReadAction\",\"target\":[[\"https:\\\/\\\/cardamomo.com\\\/fr\\\/planes-madrid-mayo\\\/\"]]}]},{\"@type\":\"ImageObject\",\"inLanguage\":\"fr-FR\",\"@id\":\"https:\\\/\\\/cardamomo.com\\\/fr\\\/planes-madrid-mayo\\\/#primaryimage\",\"url\":\"https:\\\/\\\/cardamomo.ams3.digitaloceanspaces.com\\\/wp-content\\\/uploads\\\/2026\\\/04\\\/23115940\\\/gemini_generated_image_258ddu258ddu258d.webp\",\"contentUrl\":\"https:\\\/\\\/cardamomo.ams3.digitaloceanspaces.com\\\/wp-content\\\/uploads\\\/2026\\\/04\\\/23115940\\\/gemini_generated_image_258ddu258ddu258d.webp\",\"width\":1408,\"height\":768,\"caption\":\"Bailarines de chulapos bailando chotis en una calle de Madrid durante las Fiestas de San Isidro en mayo. La escena muestra una taberna tradicional, una terraza animada, un puesto de rosquillas y tranv\u00eda antiguo, con edificios hist\u00f3ricos y el Arco de la Victoria al fondo. Una celebraci\u00f3n vibrante de la cultura y tradici\u00f3n madrile\u00f1a en primavera.\"},{\"@type\":\"BreadcrumbList\",\"@id\":\"https:\\\/\\\/cardamomo.com\\\/fr\\\/planes-madrid-mayo\\\/#breadcrumb\",\"itemListElement\":[{\"@type\":\"ListItem\",\"position\":1,\"name\":\"Cardamomo\",\"item\":\"https:\\\/\\\/cardamomo.com\\\/fr\\\/\"},{\"@type\":\"ListItem\",\"position\":2,\"name\":\"Plans \u00e0 Madrid en Mai\"}]},{\"@type\":\"WebSite\",\"@id\":\"https:\\\/\\\/cardamomo.com\\\/fr\\\/#website\",\"url\":\"https:\\\/\\\/cardamomo.com\\\/fr\\\/\",\"name\":\"Cardamomo Flamenco Madrid\",\"description\":\"\",\"potentialAction\":[{\"@type\":\"SearchAction\",\"target\":{\"@type\":\"EntryPoint\",\"urlTemplate\":\"https:\\\/\\\/cardamomo.com\\\/fr\\\/?s={search_term_string}\"},\"query-input\":{\"@type\":\"PropertyValueSpecification\",\"valueRequired\":true,\"valueName\":\"search_term_string\"}}],\"inLanguage\":\"fr-FR\"},{\"@type\":\"Person\",\"@id\":\"https:\\\/\\\/cardamomo.com\\\/es\\\/#\\\/schema\\\/person\\\/e0d7e554980e9e4c3891b69734cf9df9\",\"name\":\"Miguel Blanco\",\"image\":{\"@type\":\"ImageObject\",\"inLanguage\":\"fr-FR\",\"@id\":\"https:\\\/\\\/secure.gravatar.com\\\/avatar\\\/3a4fd323466f9b49f157b5319a986d31f99b5aaa4c36c56dc42e1153ae2c11da?s=96&d=mm&r=g\",\"url\":\"https:\\\/\\\/secure.gravatar.com\\\/avatar\\\/3a4fd323466f9b49f157b5319a986d31f99b5aaa4c36c56dc42e1153ae2c11da?s=96&d=mm&r=g\",\"contentUrl\":\"https:\\\/\\\/secure.gravatar.com\\\/avatar\\\/3a4fd323466f9b49f157b5319a986d31f99b5aaa4c36c56dc42e1153ae2c11da?s=96&d=mm&r=g\",\"caption\":\"Miguel Blanco\"},\"url\":\"https:\\\/\\\/cardamomo.com\\\/fr\\\/author\\\/miguel\\\/\"}]}<\/script>\n<!-- \/ Yoast SEO plugin. -->","yoast_head_json":{"title":"Que faire \u00e0 Madrid en mai : Plans et \u00e9v\u00e9nements","description":"D\u00e9couvrez ce qu'il faut faire \u00e0 Madrid en mai : San Isidro, le pont de mai et les meilleurs plans culturels. Vivez le flamenco et la f\u00eate.","robots":{"index":"index","follow":"follow","max-snippet":"max-snippet:-1","max-image-preview":"max-image-preview:large","max-video-preview":"max-video-preview:-1"},"canonical":"\/","og_locale":"fr_FR","og_type":"article","og_title":"Que faire \u00e0 Madrid en mai : Plans et \u00e9v\u00e9nements","og_description":"D\u00e9couvrez ce qu'il faut faire \u00e0 Madrid en mai : San Isidro, le pont de mai et les meilleurs plans culturels. Vivez le flamenco et la f\u00eate.","og_url":"https:\/\/cardamomo.com\/fr\/planes-madrid-mayo\/","og_site_name":"Cardamomo Flamenco Madrid","article_published_time":"2026-04-29T08:00:36+00:00","article_modified_time":"2026-04-29T10:35:07+00:00","og_image":[{"width":1408,"height":768,"url":"https:\/\/cardamomo.ams3.digitaloceanspaces.com\/wp-content\/uploads\/2026\/04\/23115940\/gemini_generated_image_258ddu258ddu258d.webp","type":"image\/webp"}],"author":"Miguel Blanco","twitter_card":"summary_large_image","twitter_misc":{"\u00c9crit par":"Miguel Blanco","Dur\u00e9e de lecture estim\u00e9e":"4 minutes"},"schema":{"@context":"https:\/\/schema.org","@graph":[{"@type":"Article","@id":"https:\/\/cardamomo.com\/es\/planes-madrid-mayo\/#article","isPartOf":{"@id":"https:\/\/cardamomo.com\/es\/planes-madrid-mayo\/"},"author":{"name":"Miguel Blanco","@id":"https:\/\/cardamomo.com\/es\/#\/schema\/person\/e0d7e554980e9e4c3891b69734cf9df9"},"headline":"Mai \u00e0 Madrid : Le mois des projets, de la f\u00eate et de la culture","datePublished":"2026-04-29T08:00:36+00:00","dateModified":"2026-04-29T10:35:07+00:00","mainEntityOfPage":{"@id":"https:\/\/cardamomo.com\/es\/planes-madrid-mayo\/"},"wordCount":7216,"image":{"@id":"https:\/\/cardamomo.com\/es\/planes-madrid-mayo\/#primaryimage"},"thumbnailUrl":"https:\/\/cardamomo.ams3.digitaloceanspaces.com\/wp-content\/uploads\/2026\/04\/23115940\/gemini_generated_image_258ddu258ddu258d.webp","articleSection":["Avance de espect\u00e1culos"],"inLanguage":"fr-FR"},{"@type":"WebPage","@id":"https:\/\/cardamomo.com\/fr\/planes-madrid-mayo\/","url":"https:\/\/cardamomo.com\/fr\/planes-madrid-mayo\/","name":"Que faire \u00e0 Madrid en mai : Plans et \u00e9v\u00e9nements","isPartOf":{"@id":"https:\/\/cardamomo.com\/fr\/#website"},"primaryImageOfPage":{"@id":"https:\/\/cardamomo.com\/fr\/planes-madrid-mayo\/#primaryimage"},"image":{"@id":"https:\/\/cardamomo.com\/es\/planes-madrid-mayo\/#primaryimage"},"thumbnailUrl":"https:\/\/cardamomo.ams3.digitaloceanspaces.com\/wp-content\/uploads\/2026\/04\/23115940\/gemini_generated_image_258ddu258ddu258d.webp","datePublished":"2026-04-29T08:00:36+00:00","dateModified":"2026-04-29T10:35:07+00:00","author":{"@id":"https:\/\/cardamomo.com\/es\/#\/schema\/person\/e0d7e554980e9e4c3891b69734cf9df9"},"description":"D\u00e9couvrez ce qu'il faut faire \u00e0 Madrid en mai : San Isidro, le pont de mai et les meilleurs plans culturels. Vivez le flamenco et la f\u00eate.","breadcrumb":{"@id":"https:\/\/cardamomo.com\/fr\/planes-madrid-mayo\/#breadcrumb"},"inLanguage":"fr-FR","potentialAction":[{"@type":"ReadAction","target":[["https:\/\/cardamomo.com\/fr\/planes-madrid-mayo\/"]]}]},{"@type":"ImageObject","inLanguage":"fr-FR","@id":"https:\/\/cardamomo.com\/fr\/planes-madrid-mayo\/#primaryimage","url":"https:\/\/cardamomo.ams3.digitaloceanspaces.com\/wp-content\/uploads\/2026\/04\/23115940\/gemini_generated_image_258ddu258ddu258d.webp","contentUrl":"https:\/\/cardamomo.ams3.digitaloceanspaces.com\/wp-content\/uploads\/2026\/04\/23115940\/gemini_generated_image_258ddu258ddu258d.webp","width":1408,"height":768,"caption":"Bailarines de chulapos bailando chotis en una calle de Madrid durante las Fiestas de San Isidro en mayo. La escena muestra una taberna tradicional, una terraza animada, un puesto de rosquillas y tranv\u00eda antiguo, con edificios hist\u00f3ricos y el Arco de la Victoria al fondo. Una celebraci\u00f3n vibrante de la cultura y tradici\u00f3n madrile\u00f1a en primavera."},{"@type":"BreadcrumbList","@id":"https:\/\/cardamomo.com\/fr\/planes-madrid-mayo\/#breadcrumb","itemListElement":[{"@type":"ListItem","position":1,"name":"Cardamomo","item":"https:\/\/cardamomo.com\/fr\/"},{"@type":"ListItem","position":2,"name":"Plans \u00e0 Madrid en Mai"}]},{"@type":"WebSite","@id":"https:\/\/cardamomo.com\/fr\/#website","url":"https:\/\/cardamomo.com\/fr\/","name":"Cardamomo Flamenco Madrid","description":"","potentialAction":[{"@type":"SearchAction","target":{"@type":"EntryPoint","urlTemplate":"https:\/\/cardamomo.com\/fr\/?s={search_term_string}"},"query-input":{"@type":"PropertyValueSpecification","valueRequired":true,"valueName":"search_term_string"}}],"inLanguage":"fr-FR"},{"@type":"Person","@id":"https:\/\/cardamomo.com\/es\/#\/schema\/person\/e0d7e554980e9e4c3891b69734cf9df9","name":"Miguel Blanco","image":{"@type":"ImageObject","inLanguage":"fr-FR","@id":"https:\/\/secure.gravatar.com\/avatar\/3a4fd323466f9b49f157b5319a986d31f99b5aaa4c36c56dc42e1153ae2c11da?s=96&d=mm&r=g","url":"https:\/\/secure.gravatar.com\/avatar\/3a4fd323466f9b49f157b5319a986d31f99b5aaa4c36c56dc42e1153ae2c11da?s=96&d=mm&r=g","contentUrl":"https:\/\/secure.gravatar.com\/avatar\/3a4fd323466f9b49f157b5319a986d31f99b5aaa4c36c56dc42e1153ae2c11da?s=96&d=mm&r=g","caption":"Miguel Blanco"},"url":"https:\/\/cardamomo.com\/fr\/author\/miguel\/"}]}},"_links":{"self":[{"href":"https:\/\/cardamomo.com\/fr\/wp-json\/wp\/v2\/posts\/158964","targetHints":{"allow":["GET"]}}],"collection":[{"href":"https:\/\/cardamomo.com\/fr\/wp-json\/wp\/v2\/posts"}],"about":[{"href":"https:\/\/cardamomo.com\/fr\/wp-json\/wp\/v2\/types\/post"}],"author":[{"embeddable":true,"href":"https:\/\/cardamomo.com\/fr\/wp-json\/wp\/v2\/users\/7"}],"replies":[{"embeddable":true,"href":"https:\/\/cardamomo.com\/fr\/wp-json\/wp\/v2\/comments?post=158964"}],"version-history":[{"count":5,"href":"https:\/\/cardamomo.com\/fr\/wp-json\/wp\/v2\/posts\/158964\/revisions"}],"predecessor-version":[{"id":158991,"href":"https:\/\/cardamomo.com\/fr\/wp-json\/wp\/v2\/posts\/158964\/revisions\/158991"}],"wp:featuredmedia":[{"embeddable":true,"href":"https:\/\/cardamomo.com\/fr\/wp-json\/wp\/v2\/media\/158969"}],"wp:attachment":[{"href":"https:\/\/cardamomo.com\/fr\/wp-json\/wp\/v2\/media?parent=158964"}],"wp:term":[{"taxonomy":"category","embeddable":true,"href":"https:\/\/cardamomo.com\/fr\/wp-json\/wp\/v2\/categories?post=158964"},{"taxonomy":"post_tag","embeddable":true,"href":"https:\/\/cardamomo.com\/fr\/wp-json\/wp\/v2\/tags?post=158964"}],"curies":[{"name":"wp","href":"https:\/\/api.w.org\/{rel}","templated":true}]}}