{"id":158622,"date":"2026-03-16T10:08:45","date_gmt":"2026-03-16T09:08:45","guid":{"rendered":"https:\/\/cardamomo.com\/es\/?p=158622"},"modified":"2026-03-16T11:44:15","modified_gmt":"2026-03-16T10:44:15","slug":"las-palmas-en-el-flamenco-tipos-compas-y-su-papel-en-el-tablao","status":"publish","type":"post","link":"https:\/\/cardamomo.com\/fr\/palmas-flamencas\/","title":{"rendered":"Les palmas dans le flamenco : types, comp\u00e1s et leur r\u00f4le dans le tablao"},"content":{"rendered":"<p><\/p>\n<p data-path-to-node=\"17\">Fermez les yeux et pensez \u00e0 un spectacle de flamenco. Vous imaginez s\u00fbrement la complainte d&rsquo;un <i data-path-to-node=\"17\" data-index-in-node=\"96\">cantaor<\/i>, les pleurs de la guitare ou la furie du <i data-path-to-node=\"17\" data-index-in-node=\"145\">zapateado<\/i>. Mais vous vous trompez si vous croyez que c&rsquo;est l\u00e0 la base. Le v\u00e9ritable moteur, le battement de c\u0153ur qui soutient toute cette magie, est presque invisible : <b data-path-to-node=\"17\" data-index-in-node=\"314\">les palmas dans le flamenco<\/b>.<\/p>\n<p data-path-to-node=\"18\">Elles ne sont pas un simple ornement. Elles sont le squelette de l&rsquo;<i data-path-to-node=\"18\" data-index-in-node=\"67\">arte jondo<\/i>. Continuez \u00e0 lire et d\u00e9couvrez pourquoi ce \u00ab m\u00e9tronome humain \u00bb d\u00e9cide si une performance \u00e9choue ou entre dans l&rsquo;histoire.<\/p>\n<h2 data-path-to-node=\"19\">Que sont les palmas dans le flamenco<\/h2>\n<p data-path-to-node=\"20\">Oubliez tout ce que vous savez sur les applaudissements. Les <b data-path-to-node=\"20\" data-index-in-node=\"61\">battements de mains flamenco<\/b> ne sont pas une c\u00e9l\u00e9bration al\u00e9atoire ; ils sont l&rsquo;instrument de percussion le plus complexe et le plus pr\u00e9cis de cet art.<\/p>\n<p data-path-to-node=\"21\">Les <i data-path-to-node=\"21\" data-index-in-node=\"4\">palmeros<\/i> transforment leurs propres mains en une caisse de r\u00e9sonance parfaite. Leur mission est vitale : ils marquent le rythme, poussent le chanteur et enveloppent le danseur. Dans le flamenco, les mains parlent. Elles dictent les silences. Et, surtout, elles d\u00e9clenchent l&rsquo;\u00e9nergie de toute la troupe.<\/p>\n<h2 data-path-to-node=\"22\">Types de Palmas<\/h2>\n<p data-path-to-node=\"23\">Toutes les mains ne sonnent pas de la m\u00eame fa\u00e7on. Elles ne sont pas non plus utilis\u00e9es pour la m\u00eame chose. Conna\u00eetre les <b data-path-to-node=\"23\" data-index-in-node=\"121\">types de palmas flamencas<\/b> et les ma\u00eetriser exige des ann\u00e9es de discipline. Un mauvais <i data-path-to-node=\"23\" data-index-in-node=\"207\">palmero<\/i> peut ruiner un g\u00e9nie ; un bon l&rsquo;\u00e9l\u00e8ve au ciel. Elles se divisent en trois armes fondamentales :<\/p>\n<h3 data-path-to-node=\"24\">Palmas sordas (Palmas sourdes)<\/h3>\n<p data-path-to-node=\"25\">L&rsquo;art d&rsquo;accompagner sans d\u00e9ranger. On creuse les mains pour emprisonner l&rsquo;air, obtenant un <b data-path-to-node=\"25\" data-index-in-node=\"91\">son grave, profond et respectueux<\/b>. Leur moment exact ? Quand le chanteur se d\u00e9chire ou que la guitare cherche l&rsquo;intimit\u00e9. Elles maintiennent le pouls vivant, mais n&rsquo;\u00e9clipsent jamais la voix.<\/p>\n<h3 data-path-to-node=\"26\">Palmas abiertas (Palmas ouvertes)<\/h3>\n<p data-path-to-node=\"27\">Le tonnerre du <i data-path-to-node=\"27\" data-index-in-node=\"15\">tablao<\/i>. Aussi appel\u00e9es <i data-path-to-node=\"27\" data-index-in-node=\"38\">palmas claras<\/i>. On frappe la paume avec les doigts de l&rsquo;autre main bien tendus. Le r\u00e9sultat est un <b data-path-to-node=\"27\" data-index-in-node=\"136\">son aigu, brillant et capable de traverser la salle<\/b>. Elles ne se d\u00e9cha\u00eenent qu&rsquo;au point culminant : pendant la furie du <i data-path-to-node=\"27\" data-index-in-node=\"256\">zapateado<\/i> ou lors des finales de la chanson. Elles sont, litt\u00e9ralement, le feu du spectacle.<\/p>\n<h3 data-path-to-node=\"28\">Contratiempos (Contretemps)<\/h3>\n<p data-path-to-node=\"29\">C&rsquo;est ici que l&rsquo;on s\u00e9pare les amateurs des ma\u00eetres. Ce n&rsquo;est pas un son, c&rsquo;est de la pure math\u00e9matique rythmique. Cela consiste \u00e0 <b data-path-to-node=\"29\" data-index-in-node=\"130\">frapper juste sur le temps faible<\/b>, en remplissant les vides entre le temps principal. Quand un <i data-path-to-node=\"29\" data-index-in-node=\"225\">palmero<\/i> tient la base et qu&rsquo;un autre croise les contretemps, la tension est \u00e9lectrique. C&rsquo;est ce son fr\u00e9n\u00e9tique qui vous donne, in\u00e9vitablement, la chair de poule.<\/p>\n<div id=\"attachment_158524\" style=\"width: 910px\" class=\"wp-caption aligncenter\"><img loading=\"lazy\" decoding=\"async\" aria-describedby=\"caption-attachment-158524\" class=\"wp-image-158524 size-full\" src=\"https:\/\/cardamomo.ams3.digitaloceanspaces.com\/wp-content\/uploads\/2026\/01\/29122338\/cantaores-flamencos.jpg\" alt=\"Grupo de 3 hombres tocando las palmas, el caj\u00f3n y cantando\" width=\"900\" height=\"600\" \/><p id=\"caption-attachment-158524\" class=\"wp-caption-text\">Jos\u00e9 del Calli et Antonio de Manuela marquant le comp\u00e1s avec les palmas au Cardamomo Flamenco Madrid<\/p><\/div>\n<h2 data-path-to-node=\"11\">Les palmas et le comp\u00e1s flamenco<\/h2>\n<p data-path-to-node=\"12\">Dans un tablao, vous ne verrez pas un seul pupitre ni une seule partition. La seule loi est le comp\u00e1s, et les palmas sont charg\u00e9es de la dicter.<\/p>\n<p data-path-to-node=\"13\">Pour ne pas \u00e9chouer, le palmero doit ma\u00eetriser l&rsquo;anatomie des <a class=\"ng-star-inserted\" href=\"https:\/\/cardamomo.com\/fr\/styles-de-flamenco-quels-sont-ils\/\" target=\"_blank\" rel=\"noopener\" data-hveid=\"0\" data-ved=\"0CAAQ_4QMahgKEwjBka3NmKSTAxUAAAAAHQAAAAAQvgM\">principaux styles de flamenco<\/a>. Soutenir le rythme binaire de certains tangos n&rsquo;a rien \u00e0 voir avec le fait de dompter l&rsquo;horloge \u00e0 12 temps d&rsquo;une buler\u00eda ou d&rsquo;une sole\u00e1. <b data-path-to-node=\"13\" data-index-in-node=\"230\">Le palmero est le chef d&rsquo;orchestre. Il veille \u00e0 ce que personne, jamais, ne tombe dans le vide.<\/b><\/p>\n<h2 data-path-to-node=\"14\">Pourquoi les palmas sont essentielles dans un tablao flamenco<\/h2>\n<p data-path-to-node=\"15\">Une danse sans sol. Une guitare sans cordes. C&rsquo;est \u00e0 quel point le flamenco serait inutile sans palmas.<\/p>\n<p data-path-to-node=\"16\">En direct, les palmeros sont le filet de s\u00e9curit\u00e9 de toute la troupe. Ils injectent le \u00ab jaleo \u00bb, font monter l&rsquo;adr\u00e9naline quand le danseur l&rsquo;exige et s&rsquo;arr\u00eatent net pour laisser respirer le chant. Ils sont le fil invisible qui relie tous les artistes.<\/p>\n<p data-path-to-node=\"17\">Ne vous contentez pas de le lire. Si vous voulez que ce rythme mill\u00e9naire vous frappe la poitrine, venez d\u00e9couvrir le <a class=\"ng-star-inserted\" href=\"https:\/\/cardamomo.com\/fr\/tablao-flamenco\/\" target=\"_blank\" rel=\"noopener\" data-hveid=\"0\" data-ved=\"0CAAQ_4QMahgKEwjBka3NmKSTAxUAAAAAHQAAAAAQvwM\">meilleur tablao flamenco \u00e0 Madrid<\/a>. \u00c9coutez, ressentez et vivez comment les mains de nos ma\u00eetres enflamment la nuit.<\/p>\n<p><\/p>","protected":false},"excerpt":{"rendered":"Fermez les yeux et pensez \u00e0 un spectacle de flamenco. Vous imaginez s\u00fbrement la complainte d&rsquo;un cantaor, les pleurs de la guitare ou la furie du zapateado. Mais vous vous trompez si vous croyez que c&rsquo;est l\u00e0 la base. Le v\u00e9ritable moteur, le battement de c\u0153ur qui soutient toute cette magie, est presque invisible :&#8230;","protected":false},"author":7,"featured_media":158643,"comment_status":"closed","ping_status":"closed","sticky":false,"template":"","format":"standard","meta":{"_acf_changed":false,"inline_featured_image":false,"footnotes":""},"categories":[8],"tags":[],"class_list":["post-158622","post","type-post","status-publish","format-standard","has-post-thumbnail","hentry","category-flamenco"],"acf":[],"yoast_head":"<!-- This site is optimized with the Yoast SEO plugin v27.4 - https:\/\/yoast.com\/product\/yoast-seo-wordpress\/ -->\n<title>Les palmas flamencas : leurs types et tradition<\/title>\n<meta name=\"description\" content=\"D\u00e9couvrez ce que sont les palmas flamencas, leurs types et leur importance dans le comp\u00e1s. Un guide clair pour comprendre leur r\u00f4le dans le flamenco.\" \/>\n<meta name=\"robots\" content=\"index, follow, max-snippet:-1, max-image-preview:large, max-video-preview:-1\" \/>\n<link rel=\"canonical\" href=\"\/\" \/>\n<meta property=\"og:locale\" content=\"fr_FR\" \/>\n<meta property=\"og:type\" content=\"article\" \/>\n<meta property=\"og:title\" content=\"Les palmas flamencas : leurs types et tradition\" \/>\n<meta property=\"og:description\" content=\"D\u00e9couvrez ce que sont les palmas flamencas, leurs types et leur importance dans le comp\u00e1s. Un guide clair pour comprendre leur r\u00f4le dans le flamenco.\" \/>\n<meta property=\"og:url\" content=\"https:\/\/cardamomo.com\/fr\/palmas-flamencas\/\" \/>\n<meta property=\"og:site_name\" content=\"Cardamomo Flamenco Madrid\" \/>\n<meta property=\"article:published_time\" content=\"2026-03-16T09:08:45+00:00\" \/>\n<meta property=\"article:modified_time\" content=\"2026-03-16T10:44:15+00:00\" \/>\n<meta property=\"og:image\" content=\"https:\/\/cardamomo.ams3.digitaloceanspaces.com\/wp-content\/uploads\/2026\/03\/16110027\/cm-410-scaled.webp\" \/>\n\t<meta property=\"og:image:width\" content=\"1707\" \/>\n\t<meta property=\"og:image:height\" content=\"2560\" \/>\n\t<meta property=\"og:image:type\" content=\"image\/webp\" \/>\n<meta name=\"author\" content=\"Miguel Blanco\" \/>\n<meta name=\"twitter:card\" content=\"summary_large_image\" \/>\n<meta name=\"twitter:label1\" content=\"\u00c9crit par\" \/>\n\t<meta name=\"twitter:data1\" content=\"Miguel Blanco\" \/>\n\t<meta name=\"twitter:label2\" content=\"Dur\u00e9e de lecture estim\u00e9e\" \/>\n\t<meta name=\"twitter:data2\" content=\"3 minutes\" \/>\n<script type=\"application\/ld+json\" class=\"yoast-schema-graph\">{\"@context\":\"https:\\\/\\\/schema.org\",\"@graph\":[{\"@type\":\"Article\",\"@id\":\"https:\\\/\\\/cardamomo.com\\\/es\\\/palmas-flamencas\\\/#article\",\"isPartOf\":{\"@id\":\"https:\\\/\\\/cardamomo.com\\\/es\\\/palmas-flamencas\\\/\"},\"author\":{\"name\":\"Miguel Blanco\",\"@id\":\"https:\\\/\\\/cardamomo.com\\\/es\\\/#\\\/schema\\\/person\\\/e0d7e554980e9e4c3891b69734cf9df9\"},\"headline\":\"Les palmas dans le flamenco : types, comp\u00e1s et leur r\u00f4le dans le tablao\",\"datePublished\":\"2026-03-16T09:08:45+00:00\",\"dateModified\":\"2026-03-16T10:44:15+00:00\",\"mainEntityOfPage\":{\"@id\":\"https:\\\/\\\/cardamomo.com\\\/es\\\/palmas-flamencas\\\/\"},\"wordCount\":7087,\"image\":{\"@id\":\"https:\\\/\\\/cardamomo.com\\\/es\\\/palmas-flamencas\\\/#primaryimage\"},\"thumbnailUrl\":\"https:\\\/\\\/cardamomo.ams3.digitaloceanspaces.com\\\/wp-content\\\/uploads\\\/2026\\\/03\\\/16110027\\\/cm-410-scaled.webp\",\"articleSection\":[\"Flamenco\"],\"inLanguage\":\"fr-FR\"},{\"@type\":\"WebPage\",\"@id\":\"https:\\\/\\\/cardamomo.com\\\/fr\\\/palmas-flamencas\\\/\",\"url\":\"https:\\\/\\\/cardamomo.com\\\/fr\\\/palmas-flamencas\\\/\",\"name\":\"Les palmas flamencas : leurs types et tradition\",\"isPartOf\":{\"@id\":\"https:\\\/\\\/cardamomo.com\\\/fr\\\/#website\"},\"primaryImageOfPage\":{\"@id\":\"https:\\\/\\\/cardamomo.com\\\/fr\\\/palmas-flamencas\\\/#primaryimage\"},\"image\":{\"@id\":\"https:\\\/\\\/cardamomo.com\\\/es\\\/palmas-flamencas\\\/#primaryimage\"},\"thumbnailUrl\":\"https:\\\/\\\/cardamomo.ams3.digitaloceanspaces.com\\\/wp-content\\\/uploads\\\/2026\\\/03\\\/16110027\\\/cm-410-scaled.webp\",\"datePublished\":\"2026-03-16T09:08:45+00:00\",\"dateModified\":\"2026-03-16T10:44:15+00:00\",\"author\":{\"@id\":\"https:\\\/\\\/cardamomo.com\\\/es\\\/#\\\/schema\\\/person\\\/e0d7e554980e9e4c3891b69734cf9df9\"},\"description\":\"D\u00e9couvrez ce que sont les palmas flamencas, leurs types et leur importance dans le comp\u00e1s. Un guide clair pour comprendre leur r\u00f4le dans le flamenco.\",\"breadcrumb\":{\"@id\":\"https:\\\/\\\/cardamomo.com\\\/fr\\\/palmas-flamencas\\\/#breadcrumb\"},\"inLanguage\":\"fr-FR\",\"potentialAction\":[{\"@type\":\"ReadAction\",\"target\":[[\"https:\\\/\\\/cardamomo.com\\\/fr\\\/palmas-flamencas\\\/\"]]}]},{\"@type\":\"ImageObject\",\"inLanguage\":\"fr-FR\",\"@id\":\"https:\\\/\\\/cardamomo.com\\\/fr\\\/palmas-flamencas\\\/#primaryimage\",\"url\":\"https:\\\/\\\/cardamomo.ams3.digitaloceanspaces.com\\\/wp-content\\\/uploads\\\/2026\\\/03\\\/16110027\\\/cm-410-scaled.webp\",\"contentUrl\":\"https:\\\/\\\/cardamomo.ams3.digitaloceanspaces.com\\\/wp-content\\\/uploads\\\/2026\\\/03\\\/16110027\\\/cm-410-scaled.webp\",\"width\":1707,\"height\":2560},{\"@type\":\"BreadcrumbList\",\"@id\":\"https:\\\/\\\/cardamomo.com\\\/fr\\\/palmas-flamencas\\\/#breadcrumb\",\"itemListElement\":[{\"@type\":\"ListItem\",\"position\":1,\"name\":\"Cardamomo\",\"item\":\"https:\\\/\\\/cardamomo.com\\\/fr\\\/\"},{\"@type\":\"ListItem\",\"position\":2,\"name\":\"Palmas flamencas\"}]},{\"@type\":\"WebSite\",\"@id\":\"https:\\\/\\\/cardamomo.com\\\/fr\\\/#website\",\"url\":\"https:\\\/\\\/cardamomo.com\\\/fr\\\/\",\"name\":\"Cardamomo Flamenco Madrid\",\"description\":\"\",\"potentialAction\":[{\"@type\":\"SearchAction\",\"target\":{\"@type\":\"EntryPoint\",\"urlTemplate\":\"https:\\\/\\\/cardamomo.com\\\/fr\\\/?s={search_term_string}\"},\"query-input\":{\"@type\":\"PropertyValueSpecification\",\"valueRequired\":true,\"valueName\":\"search_term_string\"}}],\"inLanguage\":\"fr-FR\"},{\"@type\":\"Person\",\"@id\":\"https:\\\/\\\/cardamomo.com\\\/es\\\/#\\\/schema\\\/person\\\/e0d7e554980e9e4c3891b69734cf9df9\",\"name\":\"Miguel Blanco\",\"image\":{\"@type\":\"ImageObject\",\"inLanguage\":\"fr-FR\",\"@id\":\"https:\\\/\\\/secure.gravatar.com\\\/avatar\\\/3a4fd323466f9b49f157b5319a986d31f99b5aaa4c36c56dc42e1153ae2c11da?s=96&d=mm&r=g\",\"url\":\"https:\\\/\\\/secure.gravatar.com\\\/avatar\\\/3a4fd323466f9b49f157b5319a986d31f99b5aaa4c36c56dc42e1153ae2c11da?s=96&d=mm&r=g\",\"contentUrl\":\"https:\\\/\\\/secure.gravatar.com\\\/avatar\\\/3a4fd323466f9b49f157b5319a986d31f99b5aaa4c36c56dc42e1153ae2c11da?s=96&d=mm&r=g\",\"caption\":\"Miguel Blanco\"},\"url\":\"https:\\\/\\\/cardamomo.com\\\/fr\\\/author\\\/miguel\\\/\"}]}<\/script>\n<!-- \/ Yoast SEO plugin. -->","yoast_head_json":{"title":"Les palmas flamencas : leurs types et tradition","description":"D\u00e9couvrez ce que sont les palmas flamencas, leurs types et leur importance dans le comp\u00e1s. Un guide clair pour comprendre leur r\u00f4le dans le flamenco.","robots":{"index":"index","follow":"follow","max-snippet":"max-snippet:-1","max-image-preview":"max-image-preview:large","max-video-preview":"max-video-preview:-1"},"canonical":"\/","og_locale":"fr_FR","og_type":"article","og_title":"Les palmas flamencas : leurs types et tradition","og_description":"D\u00e9couvrez ce que sont les palmas flamencas, leurs types et leur importance dans le comp\u00e1s. Un guide clair pour comprendre leur r\u00f4le dans le flamenco.","og_url":"https:\/\/cardamomo.com\/fr\/palmas-flamencas\/","og_site_name":"Cardamomo Flamenco Madrid","article_published_time":"2026-03-16T09:08:45+00:00","article_modified_time":"2026-03-16T10:44:15+00:00","og_image":[{"width":1707,"height":2560,"url":"https:\/\/cardamomo.ams3.digitaloceanspaces.com\/wp-content\/uploads\/2026\/03\/16110027\/cm-410-scaled.webp","type":"image\/webp"}],"author":"Miguel Blanco","twitter_card":"summary_large_image","twitter_misc":{"\u00c9crit par":"Miguel Blanco","Dur\u00e9e de lecture estim\u00e9e":"3 minutes"},"schema":{"@context":"https:\/\/schema.org","@graph":[{"@type":"Article","@id":"https:\/\/cardamomo.com\/es\/palmas-flamencas\/#article","isPartOf":{"@id":"https:\/\/cardamomo.com\/es\/palmas-flamencas\/"},"author":{"name":"Miguel Blanco","@id":"https:\/\/cardamomo.com\/es\/#\/schema\/person\/e0d7e554980e9e4c3891b69734cf9df9"},"headline":"Les palmas dans le flamenco : types, comp\u00e1s et leur r\u00f4le dans le tablao","datePublished":"2026-03-16T09:08:45+00:00","dateModified":"2026-03-16T10:44:15+00:00","mainEntityOfPage":{"@id":"https:\/\/cardamomo.com\/es\/palmas-flamencas\/"},"wordCount":7087,"image":{"@id":"https:\/\/cardamomo.com\/es\/palmas-flamencas\/#primaryimage"},"thumbnailUrl":"https:\/\/cardamomo.ams3.digitaloceanspaces.com\/wp-content\/uploads\/2026\/03\/16110027\/cm-410-scaled.webp","articleSection":["Flamenco"],"inLanguage":"fr-FR"},{"@type":"WebPage","@id":"https:\/\/cardamomo.com\/fr\/palmas-flamencas\/","url":"https:\/\/cardamomo.com\/fr\/palmas-flamencas\/","name":"Les palmas flamencas : leurs types et tradition","isPartOf":{"@id":"https:\/\/cardamomo.com\/fr\/#website"},"primaryImageOfPage":{"@id":"https:\/\/cardamomo.com\/fr\/palmas-flamencas\/#primaryimage"},"image":{"@id":"https:\/\/cardamomo.com\/es\/palmas-flamencas\/#primaryimage"},"thumbnailUrl":"https:\/\/cardamomo.ams3.digitaloceanspaces.com\/wp-content\/uploads\/2026\/03\/16110027\/cm-410-scaled.webp","datePublished":"2026-03-16T09:08:45+00:00","dateModified":"2026-03-16T10:44:15+00:00","author":{"@id":"https:\/\/cardamomo.com\/es\/#\/schema\/person\/e0d7e554980e9e4c3891b69734cf9df9"},"description":"D\u00e9couvrez ce que sont les palmas flamencas, leurs types et leur importance dans le comp\u00e1s. Un guide clair pour comprendre leur r\u00f4le dans le flamenco.","breadcrumb":{"@id":"https:\/\/cardamomo.com\/fr\/palmas-flamencas\/#breadcrumb"},"inLanguage":"fr-FR","potentialAction":[{"@type":"ReadAction","target":[["https:\/\/cardamomo.com\/fr\/palmas-flamencas\/"]]}]},{"@type":"ImageObject","inLanguage":"fr-FR","@id":"https:\/\/cardamomo.com\/fr\/palmas-flamencas\/#primaryimage","url":"https:\/\/cardamomo.ams3.digitaloceanspaces.com\/wp-content\/uploads\/2026\/03\/16110027\/cm-410-scaled.webp","contentUrl":"https:\/\/cardamomo.ams3.digitaloceanspaces.com\/wp-content\/uploads\/2026\/03\/16110027\/cm-410-scaled.webp","width":1707,"height":2560},{"@type":"BreadcrumbList","@id":"https:\/\/cardamomo.com\/fr\/palmas-flamencas\/#breadcrumb","itemListElement":[{"@type":"ListItem","position":1,"name":"Cardamomo","item":"https:\/\/cardamomo.com\/fr\/"},{"@type":"ListItem","position":2,"name":"Palmas flamencas"}]},{"@type":"WebSite","@id":"https:\/\/cardamomo.com\/fr\/#website","url":"https:\/\/cardamomo.com\/fr\/","name":"Cardamomo Flamenco Madrid","description":"","potentialAction":[{"@type":"SearchAction","target":{"@type":"EntryPoint","urlTemplate":"https:\/\/cardamomo.com\/fr\/?s={search_term_string}"},"query-input":{"@type":"PropertyValueSpecification","valueRequired":true,"valueName":"search_term_string"}}],"inLanguage":"fr-FR"},{"@type":"Person","@id":"https:\/\/cardamomo.com\/es\/#\/schema\/person\/e0d7e554980e9e4c3891b69734cf9df9","name":"Miguel Blanco","image":{"@type":"ImageObject","inLanguage":"fr-FR","@id":"https:\/\/secure.gravatar.com\/avatar\/3a4fd323466f9b49f157b5319a986d31f99b5aaa4c36c56dc42e1153ae2c11da?s=96&d=mm&r=g","url":"https:\/\/secure.gravatar.com\/avatar\/3a4fd323466f9b49f157b5319a986d31f99b5aaa4c36c56dc42e1153ae2c11da?s=96&d=mm&r=g","contentUrl":"https:\/\/secure.gravatar.com\/avatar\/3a4fd323466f9b49f157b5319a986d31f99b5aaa4c36c56dc42e1153ae2c11da?s=96&d=mm&r=g","caption":"Miguel Blanco"},"url":"https:\/\/cardamomo.com\/fr\/author\/miguel\/"}]}},"_links":{"self":[{"href":"https:\/\/cardamomo.com\/fr\/wp-json\/wp\/v2\/posts\/158622","targetHints":{"allow":["GET"]}}],"collection":[{"href":"https:\/\/cardamomo.com\/fr\/wp-json\/wp\/v2\/posts"}],"about":[{"href":"https:\/\/cardamomo.com\/fr\/wp-json\/wp\/v2\/types\/post"}],"author":[{"embeddable":true,"href":"https:\/\/cardamomo.com\/fr\/wp-json\/wp\/v2\/users\/7"}],"replies":[{"embeddable":true,"href":"https:\/\/cardamomo.com\/fr\/wp-json\/wp\/v2\/comments?post=158622"}],"version-history":[{"count":5,"href":"https:\/\/cardamomo.com\/fr\/wp-json\/wp\/v2\/posts\/158622\/revisions"}],"predecessor-version":[{"id":158646,"href":"https:\/\/cardamomo.com\/fr\/wp-json\/wp\/v2\/posts\/158622\/revisions\/158646"}],"wp:featuredmedia":[{"embeddable":true,"href":"https:\/\/cardamomo.com\/fr\/wp-json\/wp\/v2\/media\/158643"}],"wp:attachment":[{"href":"https:\/\/cardamomo.com\/fr\/wp-json\/wp\/v2\/media?parent=158622"}],"wp:term":[{"taxonomy":"category","embeddable":true,"href":"https:\/\/cardamomo.com\/fr\/wp-json\/wp\/v2\/categories?post=158622"},{"taxonomy":"post_tag","embeddable":true,"href":"https:\/\/cardamomo.com\/fr\/wp-json\/wp\/v2\/tags?post=158622"}],"curies":[{"name":"wp","href":"https:\/\/api.w.org\/{rel}","templated":true}]}}