{"id":158615,"date":"2026-03-23T12:19:28","date_gmt":"2026-03-23T11:19:28","guid":{"rendered":"https:\/\/cardamomo.com\/es\/?p=158615"},"modified":"2026-03-23T12:19:28","modified_gmt":"2026-03-23T11:19:28","slug":"cantaores-flamencos-clave-de-los-anos-70","status":"publish","type":"post","link":"https:\/\/cardamomo.com\/fr\/cantaores-flamencos-annees-70\/","title":{"rendered":"Cantaores flamencos cl\u00e9s des ann\u00e9es 70"},"content":{"rendered":"<p><\/p>\n<p data-path-to-node=\"18\">Mettez-vous en situation. Pantalons \u00e0 pattes d&rsquo;\u00e9l\u00e9phant, un pays sur le point de changer son histoire et une jeunesse qui r\u00e9clamait \u00e0 cor et \u00e0 cri de briser les r\u00e8gles. Au milieu de cette \u00e9bullition culturelle, l&rsquo;art jondo ne s&rsquo;est pas content\u00e9 de regarder. Il a explos\u00e9.<\/p>\n<p data-path-to-node=\"19\"><b data-path-to-node=\"19\" data-index-in-node=\"0\">La d\u00e9cennie des ann\u00e9es 70 a \u00e9t\u00e9 le Big Bang de notre musique flamenca. C&rsquo;\u00e9tait l&rsquo;\u00e9poque o\u00f9 les cantaores ont cess\u00e9 d&rsquo;\u00eatre vus comme de simples animateurs de f\u00eates priv\u00e9es pour devenir de v\u00e9ritables \u00e9toiles<\/b> du rock, remplissant les places et les th\u00e9\u00e2tres \u00e0 ras bord.<\/p>\n<p data-path-to-node=\"20\">Mais, soyons honn\u00eates, que serait un g\u00e9nie du chant sans les six cordes qui lui donnent la r\u00e9plique ? Une voix a cappella \u00e9meut, mais quand elle s&rsquo;unit aux <a class=\"ng-star-inserted\" href=\"https:\/\/cardamomo.com\/fr\/meilleurs-guitaristes-flamenco\/\" target=\"_blank\" rel=\"noopener\">meilleurs guitaristes de flamenco<\/a> de l&rsquo;\u00e9poque, l&rsquo;histoire de la musique s&rsquo;\u00e9crit \u00e0 nouveau. Dans cette d\u00e9cennie magique, la voix et les cordes ont cr\u00e9\u00e9 une alliance invincible.<\/p>\n<h2 data-path-to-node=\"21\"><b data-path-to-node=\"21\" data-index-in-node=\"0\">Le contexte du flamenco dans les ann\u00e9es 70<\/b><\/h2>\n<p data-path-to-node=\"22\">Pour comprendre l&rsquo;ampleur de ce qui s&rsquo;est pass\u00e9, il faut regarder le contexte de l&rsquo;\u00e9poque.<\/p>\n<p data-path-to-node=\"23\"><b data-path-to-node=\"23\" data-index-in-node=\"0\">L&rsquo;Espagne ouvrait ses portes au monde. Les tourne-disques apportaient des sons de jazz, de rock et de musique latine. Au lieu de prendre peur et de se cacher, les cantaores flamencos des ann\u00e9es 70 ont d\u00e9cid\u00e9 de tout absorber.<\/b><\/p>\n<p data-path-to-node=\"24\"><b data-path-to-node=\"24\" data-index-in-node=\"0\">Les grands festivals andalous ont v\u00e9cu leur \u00e2ge d&rsquo;or.<\/b> Les petits matins devenaient \u00e9ternels. Le chant est descendu dans la rue, est devenu massif et, pour la premi\u00e8re fois, les paroles ont commenc\u00e9 \u00e0 parler de libert\u00e9, de po\u00e8tes interdits et des vrais probl\u00e8mes de la rue.<\/p>\n<h2 data-path-to-node=\"25\"><b data-path-to-node=\"25\" data-index-in-node=\"0\">Cantaores flamencos des ann\u00e9es 70 qui ont marqu\u00e9 une \u00e9poque<\/b><\/h2>\n<p data-path-to-node=\"26\">Il y a eu beaucoup de noms, mais seuls quelques \u00e9lus ont eu la force de changer le cours de l&rsquo;histoire. Ils \u00e9taient pionniers, rebelles et, par-dessus tout, des g\u00e9nies absolus.<\/p>\n<h3 data-path-to-node=\"27\"><b data-path-to-node=\"27\" data-index-in-node=\"0\">Camar\u00f3n de la Isla<\/b><\/h3>\n<p data-path-to-node=\"28\"><b data-path-to-node=\"28\" data-index-in-node=\"0\">Si les ann\u00e9es 70 ont un visage, c&rsquo;est le sien.<\/b> Jos\u00e9 Monje Cruz <b data-path-to-node=\"28\" data-index-in-node=\"63\">ne se contentait pas de chanter ; il d\u00e9chirait l&rsquo;\u00e2me.<\/b> Avec ses cheveux longs et sa voix incomparable, <b data-path-to-node=\"28\" data-index-in-node=\"165\">il a rapproch\u00e9 le chant de toute une nouvelle g\u00e9n\u00e9ration.<\/b> Son album \u00ab La leyenda del tiempo \u00bb, publi\u00e9 juste \u00e0 la fin de la d\u00e9cennie (1979), a scandalis\u00e9 les puristes, mais aujourd&rsquo;hui il est consid\u00e9r\u00e9 comme la Bible de la musique moderne espagnole.<\/p>\n<h3 data-path-to-node=\"29\"><b data-path-to-node=\"29\" data-index-in-node=\"0\">Enrique Morente<\/b><\/h3>\n<p data-path-to-node=\"30\"><b data-path-to-node=\"30\" data-index-in-node=\"0\">L&rsquo;intellectuel, le chercheur infatigable.<\/b> Alors que d&rsquo;autres r\u00e9p\u00e9taient les formules habituelles, Morente a os\u00e9 chanter des po\u00e8tes comme Miguel Hern\u00e1ndez ou Federico Garc\u00eda Lorca. <b data-path-to-node=\"30\" data-index-in-node=\"180\">Sa capacit\u00e9 \u00e0 innover sans perdre le respect des racines a fait de lui le grand architecte du chant contemporain.<\/b><\/p>\n<div id=\"attachment_158632\" style=\"width: 1034px\" class=\"wp-caption aligncenter\"><img loading=\"lazy\" decoding=\"async\" aria-describedby=\"caption-attachment-158632\" class=\"wp-image-158632 size-large\" src=\"https:\/\/cardamomo.ams3.digitaloceanspaces.com\/wp-content\/uploads\/2026\/03\/13152159\/cantaor-1024x682.jpeg\" alt=\"Retrato de Enrique Morente cantando en directo, capturando la intensidad y el sentimiento del arte jondo.\" width=\"1024\" height=\"682\" \/><p id=\"caption-attachment-158632\" class=\"wp-caption-text\">Morente : l&rsquo;\u00e9cho qui a uni puret\u00e9 et avant-garde.<\/p><\/div>\n<h3 data-path-to-node=\"16\"><b data-path-to-node=\"16\" data-index-in-node=\"0\">Antonio Mairena<\/b><\/h3>\n<p data-path-to-node=\"17\">Au milieu de tant de r\u00e9volution, il fallait un <b data-path-to-node=\"17\" data-index-in-node=\"47\">gardien de la puret\u00e9.<\/b> Mairena \u00e9tait la grande figure d&rsquo;autorit\u00e9. <b data-path-to-node=\"17\" data-index-in-node=\"112\">Il a consacr\u00e9 sa vie \u00e0 sauver des styles anciens qui \u00e9taient sur le point de se perdre<\/b> et a d\u00e9montr\u00e9 que la tradition la plus stricte pouvait aussi arracher des ovations assourdissantes.<\/p>\n<h3 data-path-to-node=\"18\"><b data-path-to-node=\"18\" data-index-in-node=\"0\">La Paquera de Jerez<\/b><\/h3>\n<p data-path-to-node=\"19\"><b data-path-to-node=\"19\" data-index-in-node=\"0\">De la pure dynamite.<\/b> Quand Francisca M\u00e9ndez Garrido ouvrait la bouche, les micros n&rsquo;\u00e9taient pas n\u00e9cessaires. Elle a \u00e9t\u00e9 <b data-path-to-node=\"19\" data-index-in-node=\"120\">la reine incontest\u00e9e des buler\u00edas et la voix la plus sauvage de Jerez.<\/b> Sa pr\u00e9sence sur sc\u00e8ne \u00e9tait un ouragan qui ravageait toutes les sc\u00e8nes qu&rsquo;elle foulait.<\/p>\n<h3 data-path-to-node=\"20\"><b data-path-to-node=\"20\" data-index-in-node=\"0\">El Lebrijano<\/b><\/h3>\n<p data-path-to-node=\"21\">Juan Pe\u00f1a \u00ab El Lebrijano \u00bb <b data-path-to-node=\"21\" data-index-in-node=\"27\">a d\u00e9montr\u00e9 que le chant n&rsquo;avait pas de fronti\u00e8res.<\/b> Dans les ann\u00e9es 70, il a commenc\u00e9 \u00e0 exp\u00e9rimenter, rapprochant ses racines gitanes des sons arabes et andalous, cr\u00e9ant des ponts musicaux que personne n&rsquo;avait os\u00e9 franchir jusqu&rsquo;alors.<\/p>\n<h3 data-path-to-node=\"22\"><b data-path-to-node=\"22\" data-index-in-node=\"0\">Fosforito<\/b><\/h3>\n<p data-path-to-node=\"23\"><b data-path-to-node=\"23\" data-index-in-node=\"0\">Le passe-partout de tous les styles.<\/b> Apr\u00e8s avoir triomph\u00e9 dans les concours les plus exigeants, dans les ann\u00e9es 70 il <b data-path-to-node=\"23\" data-index-in-node=\"118\">s&rsquo;est consacr\u00e9 comme un cantaor encyclop\u00e9dique<\/b>, capable d&rsquo;ex\u00e9cuter n&rsquo;importe quel rythme avec une perfection et une jondura qui laissaient ses confr\u00e8res sans voix.<\/p>\n<h3 data-path-to-node=\"24\"><b data-path-to-node=\"24\" data-index-in-node=\"0\">Terremoto de Jerez<\/b><\/h3>\n<p data-path-to-node=\"25\">Il ne cherchait pas la justesse parfaite, il cherchait la transe. Fernando Fern\u00e1ndez Monje \u00e9tait le \u00ab duende \u00bb \u00e0 l&rsquo;\u00e9tat pur. <b data-path-to-node=\"25\" data-index-in-node=\"125\">Sa fa\u00e7on de chanter \u00e9tait si visc\u00e9rale et si improvis\u00e9e que chacune de ses performances au cours de cette d\u00e9cennie devenait un rite irrempla\u00e7able.<\/b><\/p>\n<h2 data-path-to-node=\"12\"><b data-path-to-node=\"12\" data-index-in-node=\"0\">Comment le flamenco a chang\u00e9 au cours de cette d\u00e9cennie<\/b><\/h2>\n<p data-path-to-node=\"13\">Le changement a \u00e9t\u00e9 radical. <b data-path-to-node=\"13\" data-index-in-node=\"29\">Les disques ont commenc\u00e9 \u00e0 sonner diff\u00e9remment. De nouveaux instruments ont \u00e9t\u00e9 introduits, comme la basse \u00e9lectrique et les premiers cajones p\u00e9ruviens, qui allaient changer la base rythmique pour toujours.<\/b><\/p>\n<p data-path-to-node=\"14\">De plus, les pochettes de disques se sont remplies d&rsquo;art et de couleur. Les cantaores flamencos de 1970 ont d\u00e9montr\u00e9 que leur musique n&rsquo;\u00e9tait pas un simple souvenir du pass\u00e9, mais un art farouchement vivant et moderne.<\/p>\n<h2 data-path-to-node=\"15\"><b data-path-to-node=\"15\" data-index-in-node=\"0\">L&rsquo;h\u00e9ritage des cantaores flamencos des ann\u00e9es 70<\/b><\/h2>\n<p data-path-to-node=\"16\">Aujourd&rsquo;hui, tout ce que nous \u00e9coutons boit \u00e0 cette source. <b data-path-to-node=\"16\" data-index-in-node=\"60\">Chaque fois qu&rsquo;un jeune artiste monte sur sc\u00e8ne, il porte dans sa gorge un morceau du courage de Camar\u00f3n, de la sagesse de Mairena et de la r\u00e9bellion de Morente.<\/b><\/p>\n<p data-path-to-node=\"17\">La bonne nouvelle est que ce feu ne s&rsquo;est pas \u00e9teint. Cette m\u00eame force brute et sans filtres est celle que nous d\u00e9fendons chaque nuit dans le <a class=\"ng-star-inserted\" href=\"https:\/\/cardamomo.com\/fr\/tablao-flamenco\/\" target=\"_blank\" rel=\"noopener\">tablao flamenco<\/a>.<\/p>\n<p><\/p>","protected":false},"excerpt":{"rendered":"Mettez-vous en situation. Pantalons \u00e0 pattes d&rsquo;\u00e9l\u00e9phant, un pays sur le point de changer son histoire et une jeunesse qui r\u00e9clamait \u00e0 cor et \u00e0 cri de briser les r\u00e8gles. Au milieu de cette \u00e9bullition culturelle, l&rsquo;art jondo ne s&rsquo;est pas content\u00e9 de regarder. Il a explos\u00e9. La d\u00e9cennie des ann\u00e9es 70 a \u00e9t\u00e9 le&#8230;","protected":false},"author":7,"featured_media":158629,"comment_status":"closed","ping_status":"closed","sticky":false,"template":"","format":"standard","meta":{"_acf_changed":false,"inline_featured_image":false,"footnotes":""},"categories":[6],"tags":[],"class_list":["post-158615","post","type-post","status-publish","format-standard","has-post-thumbnail","hentry","category-artistas-cardamomo"],"acf":[],"yoast_head":"<!-- This site is optimized with the Yoast SEO plugin v27.4 - https:\/\/yoast.com\/product\/yoast-seo-wordpress\/ -->\n<title>Cantaores flamencos cl\u00e9s des ann\u00e9es 70<\/title>\n<meta name=\"description\" content=\"D\u00e9couvrez les cantaores flamencos des ann\u00e9es 70 qui ont transform\u00e9 le genre et marqu\u00e9 l&#039;une des d\u00e9cennies les plus d\u00e9cisives du flamenco.\" \/>\n<meta name=\"robots\" content=\"index, follow, max-snippet:-1, max-image-preview:large, max-video-preview:-1\" \/>\n<link rel=\"canonical\" href=\"\/\" \/>\n<meta property=\"og:locale\" content=\"fr_FR\" \/>\n<meta property=\"og:type\" content=\"article\" \/>\n<meta property=\"og:title\" content=\"Cantaores flamencos cl\u00e9s des ann\u00e9es 70\" \/>\n<meta property=\"og:description\" content=\"D\u00e9couvrez les cantaores flamencos des ann\u00e9es 70 qui ont transform\u00e9 le genre et marqu\u00e9 l&#039;une des d\u00e9cennies les plus d\u00e9cisives du flamenco.\" \/>\n<meta property=\"og:url\" content=\"https:\/\/cardamomo.com\/fr\/cantaores-flamencos-anos-70\/\" \/>\n<meta property=\"og:site_name\" content=\"Cardamomo Flamenco Madrid\" \/>\n<meta property=\"article:published_time\" content=\"2026-03-23T11:19:28+00:00\" \/>\n<meta property=\"og:image\" content=\"https:\/\/cardamomo.ams3.digitaloceanspaces.com\/wp-content\/uploads\/2026\/03\/13151030\/cantaor-weno.jpeg\" \/>\n\t<meta property=\"og:image:width\" content=\"1024\" \/>\n\t<meta property=\"og:image:height\" content=\"576\" \/>\n\t<meta property=\"og:image:type\" content=\"image\/jpeg\" \/>\n<meta name=\"author\" content=\"Miguel Blanco\" \/>\n<meta name=\"twitter:card\" content=\"summary_large_image\" \/>\n<meta name=\"twitter:label1\" content=\"\u00c9crit par\" \/>\n\t<meta name=\"twitter:data1\" content=\"Miguel Blanco\" \/>\n\t<meta name=\"twitter:label2\" content=\"Dur\u00e9e de lecture estim\u00e9e\" \/>\n\t<meta name=\"twitter:data2\" content=\"4 minutes\" \/>\n<script type=\"application\/ld+json\" class=\"yoast-schema-graph\">{\"@context\":\"https:\\\/\\\/schema.org\",\"@graph\":[{\"@type\":\"Article\",\"@id\":\"https:\\\/\\\/cardamomo.com\\\/es\\\/cantaores-flamencos-anos-70\\\/#article\",\"isPartOf\":{\"@id\":\"https:\\\/\\\/cardamomo.com\\\/es\\\/cantaores-flamencos-anos-70\\\/\"},\"author\":{\"name\":\"Miguel Blanco\",\"@id\":\"https:\\\/\\\/cardamomo.com\\\/es\\\/#\\\/schema\\\/person\\\/e0d7e554980e9e4c3891b69734cf9df9\"},\"headline\":\"Cantaores flamencos cl\u00e9s des ann\u00e9es 70\",\"datePublished\":\"2026-03-23T11:19:28+00:00\",\"mainEntityOfPage\":{\"@id\":\"https:\\\/\\\/cardamomo.com\\\/es\\\/cantaores-flamencos-anos-70\\\/\"},\"wordCount\":9187,\"image\":{\"@id\":\"https:\\\/\\\/cardamomo.com\\\/es\\\/cantaores-flamencos-anos-70\\\/#primaryimage\"},\"thumbnailUrl\":\"https:\\\/\\\/cardamomo.ams3.digitaloceanspaces.com\\\/wp-content\\\/uploads\\\/2026\\\/03\\\/13151030\\\/cantaor-weno.jpeg\",\"articleSection\":[\"Artistas Cardamomo\"],\"inLanguage\":\"fr-FR\"},{\"@type\":\"WebPage\",\"@id\":\"https:\\\/\\\/cardamomo.com\\\/fr\\\/cantaores-flamencos-anos-70\\\/\",\"url\":\"https:\\\/\\\/cardamomo.com\\\/fr\\\/cantaores-flamencos-anos-70\\\/\",\"name\":\"Cantaores flamencos cl\u00e9s des ann\u00e9es 70\",\"isPartOf\":{\"@id\":\"https:\\\/\\\/cardamomo.com\\\/fr\\\/#website\"},\"primaryImageOfPage\":{\"@id\":\"https:\\\/\\\/cardamomo.com\\\/fr\\\/cantaores-flamencos-anos-70\\\/#primaryimage\"},\"image\":{\"@id\":\"https:\\\/\\\/cardamomo.com\\\/es\\\/cantaores-flamencos-anos-70\\\/#primaryimage\"},\"thumbnailUrl\":\"https:\\\/\\\/cardamomo.ams3.digitaloceanspaces.com\\\/wp-content\\\/uploads\\\/2026\\\/03\\\/13151030\\\/cantaor-weno.jpeg\",\"datePublished\":\"2026-03-23T11:19:28+00:00\",\"author\":{\"@id\":\"https:\\\/\\\/cardamomo.com\\\/es\\\/#\\\/schema\\\/person\\\/e0d7e554980e9e4c3891b69734cf9df9\"},\"description\":\"D\u00e9couvrez les cantaores flamencos des ann\u00e9es 70 qui ont transform\u00e9 le genre et marqu\u00e9 l'une des d\u00e9cennies les plus d\u00e9cisives du flamenco.\",\"breadcrumb\":{\"@id\":\"https:\\\/\\\/cardamomo.com\\\/fr\\\/cantaores-flamencos-anos-70\\\/#breadcrumb\"},\"inLanguage\":\"fr-FR\",\"potentialAction\":[{\"@type\":\"ReadAction\",\"target\":[[\"https:\\\/\\\/cardamomo.com\\\/fr\\\/cantaores-flamencos-anos-70\\\/\"]]}]},{\"@type\":\"ImageObject\",\"inLanguage\":\"fr-FR\",\"@id\":\"https:\\\/\\\/cardamomo.com\\\/fr\\\/cantaores-flamencos-anos-70\\\/#primaryimage\",\"url\":\"https:\\\/\\\/cardamomo.ams3.digitaloceanspaces.com\\\/wp-content\\\/uploads\\\/2026\\\/03\\\/13151030\\\/cantaor-weno.jpeg\",\"contentUrl\":\"https:\\\/\\\/cardamomo.ams3.digitaloceanspaces.com\\\/wp-content\\\/uploads\\\/2026\\\/03\\\/13151030\\\/cantaor-weno.jpeg\",\"width\":1024,\"height\":576,\"caption\":\"Camar\u00f3n de la Isla cantando con entrega junto a Tomatito a la guitarra flamenca durante una actuaci\u00f3n en los a\u00f1os 70.\"},{\"@type\":\"BreadcrumbList\",\"@id\":\"https:\\\/\\\/cardamomo.com\\\/fr\\\/cantaores-flamencos-anos-70\\\/#breadcrumb\",\"itemListElement\":[{\"@type\":\"ListItem\",\"position\":1,\"name\":\"Cardamomo\",\"item\":\"https:\\\/\\\/cardamomo.com\\\/fr\\\/\"},{\"@type\":\"ListItem\",\"position\":2,\"name\":\"Cantaores flamencos cl\u00e9s des ann\u00e9es 70\"}]},{\"@type\":\"WebSite\",\"@id\":\"https:\\\/\\\/cardamomo.com\\\/fr\\\/#website\",\"url\":\"https:\\\/\\\/cardamomo.com\\\/fr\\\/\",\"name\":\"Cardamomo Flamenco Madrid\",\"description\":\"\",\"potentialAction\":[{\"@type\":\"SearchAction\",\"target\":{\"@type\":\"EntryPoint\",\"urlTemplate\":\"https:\\\/\\\/cardamomo.com\\\/fr\\\/?s={search_term_string}\"},\"query-input\":{\"@type\":\"PropertyValueSpecification\",\"valueRequired\":true,\"valueName\":\"search_term_string\"}}],\"inLanguage\":\"fr-FR\"},{\"@type\":\"Person\",\"@id\":\"https:\\\/\\\/cardamomo.com\\\/es\\\/#\\\/schema\\\/person\\\/e0d7e554980e9e4c3891b69734cf9df9\",\"name\":\"Miguel Blanco\",\"image\":{\"@type\":\"ImageObject\",\"inLanguage\":\"fr-FR\",\"@id\":\"https:\\\/\\\/secure.gravatar.com\\\/avatar\\\/3a4fd323466f9b49f157b5319a986d31f99b5aaa4c36c56dc42e1153ae2c11da?s=96&d=mm&r=g\",\"url\":\"https:\\\/\\\/secure.gravatar.com\\\/avatar\\\/3a4fd323466f9b49f157b5319a986d31f99b5aaa4c36c56dc42e1153ae2c11da?s=96&d=mm&r=g\",\"contentUrl\":\"https:\\\/\\\/secure.gravatar.com\\\/avatar\\\/3a4fd323466f9b49f157b5319a986d31f99b5aaa4c36c56dc42e1153ae2c11da?s=96&d=mm&r=g\",\"caption\":\"Miguel Blanco\"},\"url\":\"https:\\\/\\\/cardamomo.com\\\/fr\\\/author\\\/miguel\\\/\"}]}<\/script>\n<!-- \/ Yoast SEO plugin. -->","yoast_head_json":{"title":"Cantaores flamencos cl\u00e9s des ann\u00e9es 70","description":"D\u00e9couvrez les cantaores flamencos des ann\u00e9es 70 qui ont transform\u00e9 le genre et marqu\u00e9 l'une des d\u00e9cennies les plus d\u00e9cisives du flamenco.","robots":{"index":"index","follow":"follow","max-snippet":"max-snippet:-1","max-image-preview":"max-image-preview:large","max-video-preview":"max-video-preview:-1"},"canonical":"\/","og_locale":"fr_FR","og_type":"article","og_title":"Cantaores flamencos cl\u00e9s des ann\u00e9es 70","og_description":"D\u00e9couvrez les cantaores flamencos des ann\u00e9es 70 qui ont transform\u00e9 le genre et marqu\u00e9 l'une des d\u00e9cennies les plus d\u00e9cisives du flamenco.","og_url":"https:\/\/cardamomo.com\/fr\/cantaores-flamencos-anos-70\/","og_site_name":"Cardamomo Flamenco Madrid","article_published_time":"2026-03-23T11:19:28+00:00","og_image":[{"width":1024,"height":576,"url":"https:\/\/cardamomo.ams3.digitaloceanspaces.com\/wp-content\/uploads\/2026\/03\/13151030\/cantaor-weno.jpeg","type":"image\/jpeg"}],"author":"Miguel Blanco","twitter_card":"summary_large_image","twitter_misc":{"\u00c9crit par":"Miguel Blanco","Dur\u00e9e de lecture estim\u00e9e":"4 minutes"},"schema":{"@context":"https:\/\/schema.org","@graph":[{"@type":"Article","@id":"https:\/\/cardamomo.com\/es\/cantaores-flamencos-anos-70\/#article","isPartOf":{"@id":"https:\/\/cardamomo.com\/es\/cantaores-flamencos-anos-70\/"},"author":{"name":"Miguel Blanco","@id":"https:\/\/cardamomo.com\/es\/#\/schema\/person\/e0d7e554980e9e4c3891b69734cf9df9"},"headline":"Cantaores flamencos cl\u00e9s des ann\u00e9es 70","datePublished":"2026-03-23T11:19:28+00:00","mainEntityOfPage":{"@id":"https:\/\/cardamomo.com\/es\/cantaores-flamencos-anos-70\/"},"wordCount":9187,"image":{"@id":"https:\/\/cardamomo.com\/es\/cantaores-flamencos-anos-70\/#primaryimage"},"thumbnailUrl":"https:\/\/cardamomo.ams3.digitaloceanspaces.com\/wp-content\/uploads\/2026\/03\/13151030\/cantaor-weno.jpeg","articleSection":["Artistas Cardamomo"],"inLanguage":"fr-FR"},{"@type":"WebPage","@id":"https:\/\/cardamomo.com\/fr\/cantaores-flamencos-anos-70\/","url":"https:\/\/cardamomo.com\/fr\/cantaores-flamencos-anos-70\/","name":"Cantaores flamencos cl\u00e9s des ann\u00e9es 70","isPartOf":{"@id":"https:\/\/cardamomo.com\/fr\/#website"},"primaryImageOfPage":{"@id":"https:\/\/cardamomo.com\/fr\/cantaores-flamencos-anos-70\/#primaryimage"},"image":{"@id":"https:\/\/cardamomo.com\/es\/cantaores-flamencos-anos-70\/#primaryimage"},"thumbnailUrl":"https:\/\/cardamomo.ams3.digitaloceanspaces.com\/wp-content\/uploads\/2026\/03\/13151030\/cantaor-weno.jpeg","datePublished":"2026-03-23T11:19:28+00:00","author":{"@id":"https:\/\/cardamomo.com\/es\/#\/schema\/person\/e0d7e554980e9e4c3891b69734cf9df9"},"description":"D\u00e9couvrez les cantaores flamencos des ann\u00e9es 70 qui ont transform\u00e9 le genre et marqu\u00e9 l'une des d\u00e9cennies les plus d\u00e9cisives du flamenco.","breadcrumb":{"@id":"https:\/\/cardamomo.com\/fr\/cantaores-flamencos-anos-70\/#breadcrumb"},"inLanguage":"fr-FR","potentialAction":[{"@type":"ReadAction","target":[["https:\/\/cardamomo.com\/fr\/cantaores-flamencos-anos-70\/"]]}]},{"@type":"ImageObject","inLanguage":"fr-FR","@id":"https:\/\/cardamomo.com\/fr\/cantaores-flamencos-anos-70\/#primaryimage","url":"https:\/\/cardamomo.ams3.digitaloceanspaces.com\/wp-content\/uploads\/2026\/03\/13151030\/cantaor-weno.jpeg","contentUrl":"https:\/\/cardamomo.ams3.digitaloceanspaces.com\/wp-content\/uploads\/2026\/03\/13151030\/cantaor-weno.jpeg","width":1024,"height":576,"caption":"Camar\u00f3n de la Isla cantando con entrega junto a Tomatito a la guitarra flamenca durante una actuaci\u00f3n en los a\u00f1os 70."},{"@type":"BreadcrumbList","@id":"https:\/\/cardamomo.com\/fr\/cantaores-flamencos-anos-70\/#breadcrumb","itemListElement":[{"@type":"ListItem","position":1,"name":"Cardamomo","item":"https:\/\/cardamomo.com\/fr\/"},{"@type":"ListItem","position":2,"name":"Cantaores flamencos cl\u00e9s des ann\u00e9es 70"}]},{"@type":"WebSite","@id":"https:\/\/cardamomo.com\/fr\/#website","url":"https:\/\/cardamomo.com\/fr\/","name":"Cardamomo Flamenco Madrid","description":"","potentialAction":[{"@type":"SearchAction","target":{"@type":"EntryPoint","urlTemplate":"https:\/\/cardamomo.com\/fr\/?s={search_term_string}"},"query-input":{"@type":"PropertyValueSpecification","valueRequired":true,"valueName":"search_term_string"}}],"inLanguage":"fr-FR"},{"@type":"Person","@id":"https:\/\/cardamomo.com\/es\/#\/schema\/person\/e0d7e554980e9e4c3891b69734cf9df9","name":"Miguel Blanco","image":{"@type":"ImageObject","inLanguage":"fr-FR","@id":"https:\/\/secure.gravatar.com\/avatar\/3a4fd323466f9b49f157b5319a986d31f99b5aaa4c36c56dc42e1153ae2c11da?s=96&d=mm&r=g","url":"https:\/\/secure.gravatar.com\/avatar\/3a4fd323466f9b49f157b5319a986d31f99b5aaa4c36c56dc42e1153ae2c11da?s=96&d=mm&r=g","contentUrl":"https:\/\/secure.gravatar.com\/avatar\/3a4fd323466f9b49f157b5319a986d31f99b5aaa4c36c56dc42e1153ae2c11da?s=96&d=mm&r=g","caption":"Miguel Blanco"},"url":"https:\/\/cardamomo.com\/fr\/author\/miguel\/"}]}},"_links":{"self":[{"href":"https:\/\/cardamomo.com\/fr\/wp-json\/wp\/v2\/posts\/158615","targetHints":{"allow":["GET"]}}],"collection":[{"href":"https:\/\/cardamomo.com\/fr\/wp-json\/wp\/v2\/posts"}],"about":[{"href":"https:\/\/cardamomo.com\/fr\/wp-json\/wp\/v2\/types\/post"}],"author":[{"embeddable":true,"href":"https:\/\/cardamomo.com\/fr\/wp-json\/wp\/v2\/users\/7"}],"replies":[{"embeddable":true,"href":"https:\/\/cardamomo.com\/fr\/wp-json\/wp\/v2\/comments?post=158615"}],"version-history":[{"count":7,"href":"https:\/\/cardamomo.com\/fr\/wp-json\/wp\/v2\/posts\/158615\/revisions"}],"predecessor-version":[{"id":158633,"href":"https:\/\/cardamomo.com\/fr\/wp-json\/wp\/v2\/posts\/158615\/revisions\/158633"}],"wp:featuredmedia":[{"embeddable":true,"href":"https:\/\/cardamomo.com\/fr\/wp-json\/wp\/v2\/media\/158629"}],"wp:attachment":[{"href":"https:\/\/cardamomo.com\/fr\/wp-json\/wp\/v2\/media?parent=158615"}],"wp:term":[{"taxonomy":"category","embeddable":true,"href":"https:\/\/cardamomo.com\/fr\/wp-json\/wp\/v2\/categories?post=158615"},{"taxonomy":"post_tag","embeddable":true,"href":"https:\/\/cardamomo.com\/fr\/wp-json\/wp\/v2\/tags?post=158615"}],"curies":[{"name":"wp","href":"https:\/\/api.w.org\/{rel}","templated":true}]}}