{"id":157620,"date":"2025-08-04T11:24:10","date_gmt":"2025-08-04T11:24:10","guid":{"rendered":"https:\/\/cardamomo.com\/es\/?p=157620"},"modified":"2025-12-03T15:56:33","modified_gmt":"2025-12-03T14:56:33","slug":"tato-el-artista-invisible-nuestro-tecnico-de-sonido-y-luz-en-cardamomo","status":"publish","type":"post","link":"https:\/\/cardamomo.com\/fr\/technicien-lumiere-son\/","title":{"rendered":"Tato, l\u2019Artiste Invisible : Notre Technicien Son et Lumi\u00e8re chez Cardamomo"},"content":{"rendered":"<p><\/p>\n<p data-start=\"156\" data-end=\"598\">Dans la p\u00e9nombre de la salle, loin des projecteurs qui couronnent les artistes, se trouve la cabine technique de Cardamomo. C\u2019est un sanctuaire de lumi\u00e8res tamis\u00e9es et de commandes silencieuses, d\u2019o\u00f9 se dirige la temp\u00eate \u00e9motionnelle de la sc\u00e8ne.<br data-start=\"402\" data-end=\"405\" \/>L\u00e0 travaille Tato, le technicien lumi\u00e8re et son, le gardien de l\u2019atmosph\u00e8re du tablao. Aujourd\u2019hui, nous ne parlons pas au technicien, mais \u00e0 l\u2019artiste qui se cache derri\u00e8re la table de mixage.<\/p>\n<h2 data-start=\"600\" data-end=\"769\">Nous nous sommes assis avec Tato dans la cabine technique, juste avant le d\u00e9but du spectacle. L\u2019ambiance est calme, berc\u00e9e par le l\u00e9ger bourdonnement des \u00e9quipements.<\/h2>\n<h3 data-start=\"771\" data-end=\"824\">Peindre avec la lumi\u00e8re, ressentir avec le regard<\/h3>\n<p data-start=\"826\" data-end=\"1141\"><strong data-start=\"826\" data-end=\"1141\">INTERVIEWEUR : Parlons de ta premi\u00e8re toile : la lumi\u00e8re. Pour beaucoup, la lumi\u00e8re sert simplement \u00e0 voir. Mais dans un tablao comme celui-ci, on sent que sa fonction est toute autre. Pour toi, quelle est la v\u00e9ritable mission de la lumi\u00e8re dans un spectacle de flamenco ? Que cherches-tu \u00e0 exprimer avec elle ?<\/strong><\/p>\n<p data-start=\"1143\" data-end=\"1474\"><strong data-start=\"1143\" data-end=\"1153\">TATO :<\/strong> \u00ab\u00a0<em data-start=\"1154\" data-end=\"1474\">Pour moi, la vraie mission de la lumi\u00e8re est de cr\u00e9er des sensations en colorant la sc\u00e8ne et l\u2019artiste, en amplifiant ses intentions lorsqu\u2019il danse. J\u2019essaie d\u2019atteindre ce point o\u00f9 l\u2019on a l\u2019impression de contempler une peinture de mus\u00e9e : ombres, \u00e9clats, brillances, clair-obscur, p\u00e9nombre, profondeur\u2026 l\u2019impression.\u00a0\u00bb<\/em><\/p>\n<p data-start=\"1476\" data-end=\"1847\"><strong data-start=\"1476\" data-end=\"1847\">INTERVIEWEUR : Parlons maintenant d\u2019un outil tr\u00e8s puissant : la poursuite. Cette lumi\u00e8re unique qui tombe d\u2019en haut et isole compl\u00e8tement l\u2019artiste. Dans un art aussi collectif que le flamenco, comment d\u00e9cides-tu qu\u2019il est temps d\u2019\u201c\u00e9teindre le monde\u201d et de laisser seul un chanteur ou un danseur dans cette solitude lumineuse ? Qu\u2019aimerais-tu que le public ressente ?<\/strong><\/p>\n<p data-start=\"1849\" data-end=\"2453\"><strong data-start=\"1849\" data-end=\"1859\">TATO :<\/strong> \u00ab\u00a0<em data-start=\"1860\" data-end=\"2453\">La poursuite, c\u2019est l\u2019outil magique ou secret. C\u2019est le plus pr\u00e9cis, mais il faut que l\u2019artiste soit bien positionn\u00e9 (rires). Je dis \u00e7a parce que dans les moments spontan\u00e9s, il est difficile de deviner o\u00f9 il va se placer, et \u00e7a compte beaucoup.<br data-start=\"2105\" data-end=\"2108\" \/>Sa principale fonction pour moi, c\u2019est d\u2019\u00e9clairer le visage et le torse, pour cr\u00e9er une sensation de flottement ou d\u2019\u00e9l\u00e9vation, comme s\u2019il \u00e9tait divin. Utilis\u00e9e seule, elle permet d\u2019atteindre le point le plus intime possible, et donc, elle capte au maximum l\u2019attention du public. Ensuite vient la couleur : chaque fr\u00e9quence est un monde en soi.\u00a0\u00bb<\/em><\/p>\n<p data-start=\"1849\" data-end=\"2453\"><img loading=\"lazy\" decoding=\"async\" class=\"aligncenter wp-image-157657 size-large\" src=\"https:\/\/cardamomo.ams3.digitaloceanspaces.com\/wp-content\/uploads\/2025\/08\/21140002\/cardamomo-josue-nerea-cynthia-5001-1024x683.jpg\" alt=\"Diego Amador, iluminado por el foto cenital en el escenario de Cardamomo\" width=\"1024\" height=\"683\" \/><\/p>\n<p data-start=\"239\" data-end=\"553\"><strong data-start=\"239\" data-end=\"257\">INTERVIEWEUR :<\/strong> <strong data-start=\"258\" data-end=\"553\">Et puis il y a le contre-jour, qui est presque une audace dans le flamenco. C\u2019est un art qui vit de l\u2019expression du visage, et cette technique le cache compl\u00e8tement. Quel pouvoir a une silhouette pour toi ? \u00c0 quels moments du spectacle une ombre peut-elle en dire plus qu\u2019un visage visible ?<\/strong><\/p>\n<p data-start=\"555\" data-end=\"1074\"><strong data-start=\"555\" data-end=\"565\">TATO :<\/strong> <em data-start=\"566\" data-end=\"1074\">\u00ab Le contre-jour est un alli\u00e9 pour cr\u00e9er de l\u2019incertitude, du doute, pour provoquer la peur de l\u2019inconnu \u2014 cette peur humaine de ne pas voir le visage. Mais en m\u00eame temps, il d\u00e9finit artistiquement la silhouette ou le corps humain, il dessine chaque courbe. Visuellement, c\u2019est particulier parce qu\u2019il trace le contour du corps. L\u2019utiliser au d\u00e9but, lors d\u2019un balayage ou d\u2019un arr\u00eat, et \u00e0 la fin de la danse, peut \u00eatre tr\u00e8s efficace. Il permet aussi une progression artistique ou rythmique dans la danse. \u00bb<\/em><\/p>\n<p data-start=\"1076\" data-end=\"1378\"><strong data-start=\"1076\" data-end=\"1094\">INTERVIEWEUR :<\/strong> <strong data-start=\"1095\" data-end=\"1378\">Au-del\u00e0 du blanc de la lumi\u00e8re et de l\u2019obscurit\u00e9 de l\u2019ombre, il y a la couleur. Le rouge est presque synonyme de passion flamenca. Comment d\u00e9cides-tu d\u2019utiliser la couleur ? Comment ta palette change-t-elle pour accompagner la joie d\u2019une buler\u00eda face \u00e0 la solennit\u00e9 d\u2019une sole\u00e1 ?<\/strong><\/p>\n<p data-start=\"1380\" data-end=\"2293\"><strong data-start=\"1380\" data-end=\"1390\">TATO :<\/strong> <em data-start=\"1391\" data-end=\"2293\">\u00ab Le rouge \u2014 un classique du genre. Je l\u2019utilise dans la sole\u00e1 por buler\u00eda, la seguiriya, et parfois aussi dans la sole\u00e1. Pour moi, ce rouge colle \u00e0 ces styles. C\u2019est quelque chose de synesth\u00e9sique ou d\u2019ind\u00e9finissable et, en m\u00eame temps, je ne saurais l\u2019expliquer. D\u2019une certaine mani\u00e8re, je pense que nous associons cette couleur au flamenco presque instinctivement ou inconsciemment \u2014 peut-\u00eatre aussi \u00e0 cause de la rose.<br data-start=\"1813\" data-end=\"1816\" \/>Pour une sole\u00e1 por buler\u00eda, j\u2019utiliserais du rouge-bleu ou du rouge-vert, toujours avec une certaine progression, mais en recherchant beaucoup d\u2019ombre et de p\u00e9nombre. Pour l\u2019alegr\u00eda, c\u2019est l\u2019inverse : violet, cyan, bleu turquoise\u2026 de la vivacit\u00e9 en g\u00e9n\u00e9ral et beaucoup de luminosit\u00e9. Avec la sole\u00e1, je cherche aussi la p\u00e9nombre, mais avec une temp\u00e9rature tr\u00e8s chaude, ombr\u00e9e, comme si c\u2019\u00e9tait \u00e9clair\u00e9 \u00e0 la bougie, comme dans une maison ancienne du d\u00e9but du vingti\u00e8me si\u00e8cle. \u00bb<\/em><\/p>\n<p data-start=\"1380\" data-end=\"2293\"><img loading=\"lazy\" decoding=\"async\" class=\"aligncenter wp-image-157656 size-large\" src=\"https:\/\/cardamomo.ams3.digitaloceanspaces.com\/wp-content\/uploads\/2025\/08\/21125554\/nerea-fernandez-2963-1024x683.jpg\" alt=\"La silueta de una bailaora de flamenco a contraluz en el escenario de Cardamomo. Su figura se recorta sobre un intenso fondo rojo, mostrando el poder de la iluminaci\u00f3n art\u00edstica en el Cardamomo.\" width=\"1024\" height=\"683\" \/><\/p>\n<h3 data-start=\"248\" data-end=\"285\">Sculpter le Son, Tisser le Duende<\/h3>\n<p data-start=\"287\" data-end=\"1371\"><strong data-start=\"287\" data-end=\"610\">INTERVIEWEUR : Si la lumi\u00e8re guide le regard, le son va droit au c\u0153ur. Sur sc\u00e8ne, il y a du chant, de la guitare, des palmas, du caj\u00f3n, des frappes de pieds\u2026 un univers sonore qui pourrait \u00eatre chaotique. Quelle est ta philosophie pour que tout cela ne soit pas du bruit, mais une conversation parfaitement \u00e9quilibr\u00e9e ?<\/strong><br data-start=\"610\" data-end=\"613\" \/><strong data-start=\"613\" data-end=\"623\">TATO :<\/strong> <em data-start=\"624\" data-end=\"1371\">\u00ab La premi\u00e8re chose, c\u2019est d\u2019avoir de bons musiciens qui se comprennent entre eux (rires). On ne peut pas obtenir un bon son s\u2019il n\u2019y a pas de synergie ni d\u2019\u00e9quilibre entre eux. Ensuite, il faut une bonne acoustique, un bon mat\u00e9riel, et enfin un bon mixage entre le son et l\u2019audio. Bien s\u00fbr, on ne peut pas faire \u00e7a sans comprendre le genre \u2014 ici, le flamenco. Je doute que cela puisse \u00eatre fait math\u00e9matiquement. On essaie d\u2019amplifier la musique de l\u2019ensemble en jouant sur le son, y compris dans des zones cr\u00e9atives comme l\u2019utilisation de la reverb ou du delay. L\u2019\u00e9quilibre repose sur un bon contr\u00f4le technique \u2014 d\u2019abord de la sc\u00e8ne, puis du syst\u00e8me P.A. \u2014 ainsi que sur la cr\u00e9ativit\u00e9 dans les timbres, la dynamique, la st\u00e9r\u00e9o et les effets. \u00bb<\/em><\/p>\n<p data-start=\"1373\" data-end=\"2229\"><strong data-start=\"1373\" data-end=\"1632\">INTERVIEWEUR : Tu nous as r\u00e9v\u00e9l\u00e9 un secret : le sol de Cardamomo est sonoris\u00e9. Cette obsession du d\u00e9tail est impressionnante. Pourquoi ce besoin de capter le son du bois ? Que veux-tu que l\u2019on ressente avec les frappes de pieds, au-del\u00e0 du simple rythme ?<\/strong><br data-start=\"1632\" data-end=\"1635\" \/><strong data-start=\"1635\" data-end=\"1645\">TATO :<\/strong> <em data-start=\"1646\" data-end=\"2229\">\u00ab L\u2019approche acoustique que nous devrions adopter si le sol n\u2019\u00e9tait pas micro-sonoris\u00e9 reviendrait \u00e0 construire une pyramide (rires). Ce que je veux dire, c\u2019est que pour jouer devant un public, il faut d\u2019abord que le sol soit construit comme un instrument qui r\u00e9sonne naturellement. Ensuite seulement, on sonorise cet instrument. Ce que je cherche dans le d\u00e9tail du son, c\u2019est \u00e0 simuler ce que ressent un danseur ou une danseuse en frappant le sol \u2014 en captant m\u00eame les micro-d\u00e9tails pour que l\u2019on puisse les percevoir \u00e0 l\u2019oreille. C\u2019est ce qui cr\u00e9e cette sensation de proximit\u00e9. \u00bb<\/em><\/p>\n<p data-start=\"2231\" data-end=\"3207\"><strong data-start=\"2231\" data-end=\"2517\">INTERVIEWEUR : On dit qu\u2019un bon ing\u00e9nieur du son sculpte la mati\u00e8re sonore comme un sculpteur sa pierre. Peux-tu nous donner un exemple concret ? Que \u201cretires-tu\u201d ou \u201caccentues-tu\u201d dans le son d\u2019une guitare jou\u00e9e en douceur, ou dans la voix bris\u00e9e d\u2019un chanteur dans une seguiriya ?<\/strong><br data-start=\"2517\" data-end=\"2520\" \/><strong data-start=\"2520\" data-end=\"2530\">TATO :<\/strong> <em data-start=\"2531\" data-end=\"3207\">\u00ab L\u2019\u00e9galiseur est notre outil principal pour accentuer ou r\u00e9duire les fr\u00e9quences de chaque instrument. On pourrait parler de saturation tonale, mais cela n\u2019aurait pas de sens ici (rires). \u00c0 propos de la qualit\u00e9 de base du son en live, il faut comprendre qu\u2019on peut la modeler comme de l\u2019argile. Par exemple, chaque guitare, chaque voix, chaque artiste, chaque salle, chaque syst\u00e8me audio\u2026 chaque jour est diff\u00e9rent. La difficult\u00e9 en live, c\u2019est de savoir quoi faire \u00e0 chaque instant sans h\u00e9sitation. En g\u00e9n\u00e9ral, la premi\u00e8re chose que l\u2019on fait, c\u2019est de r\u00e9soudre les probl\u00e8mes de son \u00e9ventuels, puis d\u2019essayer de traduire au mieux les qualit\u00e9s et les nuances de l\u2019artiste. \u00bb<\/em><\/p>\n<p data-start=\"2231\" data-end=\"3207\"><img loading=\"lazy\" decoding=\"async\" class=\"aligncenter wp-image-157660 size-large\" src=\"https:\/\/cardamomo.ams3.digitaloceanspaces.com\/wp-content\/uploads\/2025\/08\/21150920\/mesa-de-sonido-cardamomo-1024x576.jpg\" alt=\"Equipo y mesa de sonido de Cardamomo Flamenco Madrid\" width=\"1024\" height=\"576\" \/><\/p>\n<h3 data-start=\"280\" data-end=\"308\">Le Musicien dans l\u2019Ombre<\/h3>\n<p data-start=\"310\" data-end=\"1706\"><strong data-start=\"310\" data-end=\"631\">INTERVIEWEUR : Tout cela prend vie sur sc\u00e8ne, o\u00f9 rien n\u2019est \u00e9crit. Le flamenco est une pure improvisation. Un chanteur se brise, une danseuse lance un zapateado inattendu\u2026 Tu ne peux pas suivre un script. Comment vis-tu cette tension depuis la r\u00e9gie ? Te sens-tu comme un artiste, improvisant avec eux en temps r\u00e9el ?<\/strong><br data-start=\"631\" data-end=\"634\" \/><strong data-start=\"634\" data-end=\"644\">TATO :<\/strong> <em data-start=\"645\" data-end=\"1706\">\u00ab La tension cr\u00e9\u00e9e par cette incertitude artistique, c\u2019est ce qui te garde en alerte \u2014 et cette adr\u00e9naline rend tout \u00e7a amusant. Je ne dis pas que le stress que cela g\u00e9n\u00e8re soit toujours agr\u00e9able (rires), mais le fait d\u2019\u00eatre pleinement pr\u00e9sent rend l\u2019exp\u00e9rience sp\u00e9ciale et plaisante.<br data-start=\"930\" data-end=\"933\" \/>Bien s\u00fbr que je me sens comme un autre artiste, m\u00eame si notre travail n\u2019est g\u00e9n\u00e9ralement ni reconnu ni valoris\u00e9. Le mixage sonore est un art tr\u00e8s complexe ; je dis toujours que le son ne se voit pas \u2014 c\u2019est donc forc\u00e9ment quelque chose d\u2019abstrait. Chaque fois que je travaille sur du flamenco, je me sens responsable de traduire les \u00e9motions en son, les lignes et l\u2019union entre les musiciens. Il faut une certaine forme de synesth\u00e9sie pour y parvenir. Par exemple, le mouvement d\u2019une danseuse ou l\u2019\u00e9motion qui na\u00eet \u00e0 un moment pr\u00e9cis du spectacle peut d\u00e9terminer combien de r\u00e9verb\u00e9ration appliquer \u00e0 une voix, ou si un \u00e9l\u00e9ment doit \u00eatre doux ou agressif. Je crois que tous ces choix se font selon ton intuition ou ta compr\u00e9hension du style, de l\u2019artiste et de l\u2019instant. \u00bb<\/em><\/p>\n<p data-start=\"1708\" data-end=\"2383\"><strong data-start=\"1708\" data-end=\"1934\">INTERVIEWEUR : Et ce lien avec les artistes, comment se construit-il ? Y a-t-il un plan chaque soir, des regards complices pendant le spectacle, ou est-ce une pure intuition forg\u00e9e \u00e0 travers de nombreuses nuits de duende ?<\/strong><br data-start=\"1934\" data-end=\"1937\" \/><strong data-start=\"1937\" data-end=\"1947\">TATO :<\/strong> <em data-start=\"1948\" data-end=\"2383\">\u00ab Cela se construit avec la certitude que le duende existe, et qu\u2019il nous relie \u2014 c\u2019est essentiel. Mais il faut aussi une exp\u00e9rience, une formation, une trajectoire, un style\u2026 En live, tout ce qui n\u2019est pas d\u00e9j\u00e0 pr\u00e9par\u00e9 d\u00e9pend du lien entre le mixeur et le musicien. Un simple regard devient un langage ; d\u2019o\u00f9 cette phrase : \u201con mixe avec les yeux\u201d. Mais tout cela ne s\u2019apprend qu\u2019en faisant. En faisant encore et encore des lives. \u00bb<\/em><\/p>\n<p data-start=\"1708\" data-end=\"2383\"><img loading=\"lazy\" decoding=\"async\" class=\"aligncenter wp-image-157672 size-large\" src=\"https:\/\/cardamomo.ams3.digitaloceanspaces.com\/wp-content\/uploads\/2025\/08\/24112034\/cardamomo_escenario_optimizado-1024x768.jpg\" alt=\"Sala de Cardamomo Flamenco desde la cabina del t\u00e9cnico de Sonido\" width=\"1024\" height=\"768\" \/><\/p>\n<h3 data-start=\"302\" data-end=\"330\">Final : La Magie R\u00e9v\u00e9l\u00e9e<\/h3>\n<p data-start=\"332\" data-end=\"1547\"><strong data-start=\"332\" data-end=\"546\">INTERVIEWEUR : \u00c0 la fin de la soir\u00e9e, lorsque le public explose en applaudissements pour les artistes sur sc\u00e8ne, \u00e0 quoi sais-tu que \u201cce soir, le travail est accompli\u201d ? Quel est ton applaudissement silencieux ?<\/strong><br data-start=\"546\" data-end=\"549\" \/><strong data-start=\"549\" data-end=\"559\">TATO :<\/strong> <em data-start=\"560\" data-end=\"1547\">\u00ab En g\u00e9n\u00e9ral, lorsque le public applaudit \u00e0 la fin ou m\u00eame apr\u00e8s une simple conclusion, cela confirme que le spectacle ou l\u2019action a bien \u00e9t\u00e9 transmise. Et cela nous indique d\u00e9j\u00e0 que cela a fonctionn\u00e9, et que notre objectif \u2014 dans un m\u00e9tier comme celui-ci, o\u00f9 le client doit repartir satisfait \u2014 a \u00e9t\u00e9 atteint.<br data-start=\"871\" data-end=\"874\" \/>Mais il y a un autre angle \u00e0 consid\u00e9rer : celui du niveau artistique ou disciplinaire. Je suppose que, nous les artistes qui travaillons avec la musique et la danse, plus le temps passe, plus nous voulons nous am\u00e9liorer. Cela veut dire que si un spectateur assiste au show sans avoir forc\u00e9ment de connaissances, est-ce plus facile de le surprendre parce que l\u2019art est subjectif ? Ce qui touche l\u2019un peut ne rien faire \u00e0 l\u2019autre. Donc, oui, le spectacle marche s\u00fbrement toujours, mais\u2026 peut-on vraiment se fier \u00e0 la r\u00e9action du public pour savoir s\u2019il y avait vraiment de l\u2019art ? Ou faut-il \u00e9couter notre propre impression pour comprendre \u00e0 quel point c\u2019\u00e9tait important ? \u00bb<\/em><\/p>\n<p data-start=\"1549\" data-end=\"2138\"><strong data-start=\"1549\" data-end=\"1807\">INTERVIEWEUR : Pour terminer, Tato. Imagine que tu puisses murmurer quelque chose \u00e0 chaque personne qui passe la porte de Cardamomo, pour qu\u2019elle ouvre non seulement les yeux et les oreilles, mais aussi l\u2019\u00e2me \u00e0 ton travail invisible. Que leur dirais-tu ?<\/strong><br data-start=\"1807\" data-end=\"1810\" \/><strong data-start=\"1810\" data-end=\"1820\">TATO :<\/strong> <em data-start=\"1821\" data-end=\"2138\">\u00ab Eh bien, sans plaisanter, je leur dirais que pendant le spectacle, ils ne parlent pas \u00e0 leurs voisins. Qu\u2019ils \u00e9teignent leurs t\u00e9l\u00e9phones pour regarder le show avec leurs yeux \u2014 c\u2019est ainsi qu\u2019ils comprendront la progression et l\u2019ensemble des danses. Et qu\u2019ils applaudissent s\u2019ils en ressentent l\u2019envie\u2026 (rires). \u00bb<\/em><\/p>\n<p data-start=\"2140\" data-end=\"2318\"><strong data-start=\"2140\" data-end=\"2318\">(L\u2019intervieweur remercie Tato. La conversation se termine juste au moment o\u00f9 les premiers accords de guitare r\u00e9sonnent pour la balance son, et la cabine de Tato reprend vie.)<\/strong><\/p>\n<p data-start=\"2320\" data-end=\"2501\">Tu connais maintenant le secret le mieux gard\u00e9 de Cardamomo : l\u2019artiste invisible qu\u2019est Tato. Sa lumi\u00e8re n\u2019\u00e9claire pas, elle raconte. Son son n\u2019amplifie pas, il tisse des \u00e9motions.<\/p>\n<p data-start=\"2503\" data-end=\"2587\">Ne viens pas seulement voir du flamenco. Viens le ressentir comme jamais auparavant.<\/p>\n<p data-start=\"2589\" data-end=\"2650\"><strong data-start=\"2589\" data-end=\"2650\">La magie t\u2019attend. La sc\u00e8ne est pr\u00eate. Et la r\u00e9gie aussi.<\/strong><\/p>\n<p data-start=\"2652\" data-end=\"2678\"><a href=\"https:\/\/cardamomo.com\/fr\/achat-de-billets\/\"><strong data-start=\"2652\" data-end=\"2678\">R\u00c9SERVE TA PLACE ICI<\/strong><\/a><\/p>\n<p><\/p>","protected":false},"excerpt":{"rendered":"Dans la p\u00e9nombre de la salle, loin des projecteurs qui couronnent les artistes, se trouve la cabine technique de Cardamomo. C\u2019est un sanctuaire de lumi\u00e8res tamis\u00e9es et de commandes silencieuses, d\u2019o\u00f9 se dirige la temp\u00eate \u00e9motionnelle de la sc\u00e8ne.L\u00e0 travaille Tato, le technicien lumi\u00e8re et son, le gardien de l\u2019atmosph\u00e8re du tablao. Aujourd\u2019hui, nous ne&#8230;","protected":false},"author":7,"featured_media":157670,"comment_status":"closed","ping_status":"closed","sticky":false,"template":"","format":"standard","meta":{"_acf_changed":false,"inline_featured_image":false,"footnotes":""},"categories":[6],"tags":[],"class_list":["post-157620","post","type-post","status-publish","format-standard","has-post-thumbnail","hentry","category-artistas-cardamomo"],"acf":[],"yoast_head":"<!-- This site is optimized with the Yoast SEO plugin v27.4 - https:\/\/yoast.com\/product\/yoast-seo-wordpress\/ -->\n<title>Tato, l\u2019Artiste Invisible : Notre Technicien Son et Lumi\u00e8re chez Cardamomo - Cardamomo Flamenco Madrid<\/title>\n<meta name=\"description\" content=\"D\u00e9couvrez Tato, l\u2019artiste invisible qui donne vie au flamenco dans l\u2019ombre. Technicien son et lumi\u00e8re chez Cardamomo, sa magie se ressent \u00e0 chaque repr\u00e9sentation.\" \/>\n<meta name=\"robots\" content=\"index, follow, max-snippet:-1, max-image-preview:large, max-video-preview:-1\" \/>\n<link rel=\"canonical\" href=\"\/\" \/>\n<meta property=\"og:locale\" content=\"fr_FR\" \/>\n<meta property=\"og:type\" content=\"article\" \/>\n<meta property=\"og:title\" content=\"Tato, l\u2019Artiste Invisible : Notre Technicien Son et Lumi\u00e8re chez Cardamomo - Cardamomo Flamenco Madrid\" \/>\n<meta property=\"og:description\" content=\"D\u00e9couvrez Tato, l\u2019artiste invisible qui donne vie au flamenco dans l\u2019ombre. Technicien son et lumi\u00e8re chez Cardamomo, sa magie se ressent \u00e0 chaque repr\u00e9sentation.\" \/>\n<meta property=\"og:url\" content=\"https:\/\/cardamomo.com\/fr\/tecnico-luz-sonido\/\" \/>\n<meta property=\"og:site_name\" content=\"Cardamomo Flamenco Madrid\" \/>\n<meta property=\"article:published_time\" content=\"2025-08-04T11:24:10+00:00\" \/>\n<meta property=\"article:modified_time\" content=\"2025-12-03T14:56:33+00:00\" \/>\n<meta property=\"og:image\" content=\"https:\/\/cardamomo.ams3.digitaloceanspaces.com\/wp-content\/uploads\/2025\/08\/24111149\/whatsapp-image-2025-07-23-at-23-55-00.jpeg\" \/>\n\t<meta property=\"og:image:width\" content=\"1600\" \/>\n\t<meta property=\"og:image:height\" content=\"1200\" \/>\n\t<meta property=\"og:image:type\" content=\"image\/jpeg\" \/>\n<meta name=\"author\" content=\"Miguel Blanco\" \/>\n<meta name=\"twitter:card\" content=\"summary_large_image\" \/>\n<meta name=\"twitter:label1\" content=\"\u00c9crit par\" \/>\n\t<meta name=\"twitter:data1\" content=\"Miguel Blanco\" \/>\n\t<meta name=\"twitter:label2\" content=\"Dur\u00e9e de lecture estim\u00e9e\" \/>\n\t<meta name=\"twitter:data2\" content=\"11 minutes\" \/>\n<script type=\"application\/ld+json\" class=\"yoast-schema-graph\">{\"@context\":\"https:\\\/\\\/schema.org\",\"@graph\":[{\"@type\":\"Article\",\"@id\":\"https:\\\/\\\/cardamomo.com\\\/es\\\/tecnico-luz-sonido\\\/#article\",\"isPartOf\":{\"@id\":\"https:\\\/\\\/cardamomo.com\\\/es\\\/tecnico-luz-sonido\\\/\"},\"author\":{\"name\":\"Miguel Blanco\",\"@id\":\"https:\\\/\\\/cardamomo.com\\\/es\\\/#\\\/schema\\\/person\\\/e0d7e554980e9e4c3891b69734cf9df9\"},\"headline\":\"Tato, l\u2019Artiste Invisible : Notre Technicien Son et Lumi\u00e8re chez Cardamomo\",\"datePublished\":\"2025-08-04T11:24:10+00:00\",\"dateModified\":\"2025-12-03T14:56:33+00:00\",\"mainEntityOfPage\":{\"@id\":\"https:\\\/\\\/cardamomo.com\\\/es\\\/tecnico-luz-sonido\\\/\"},\"wordCount\":21535,\"image\":{\"@id\":\"https:\\\/\\\/cardamomo.com\\\/es\\\/tecnico-luz-sonido\\\/#primaryimage\"},\"thumbnailUrl\":\"https:\\\/\\\/cardamomo.ams3.digitaloceanspaces.com\\\/wp-content\\\/uploads\\\/2025\\\/08\\\/24111149\\\/whatsapp-image-2025-07-23-at-23-55-00.jpeg\",\"articleSection\":[\"Artistas Cardamomo\"],\"inLanguage\":\"fr-FR\"},{\"@type\":\"WebPage\",\"@id\":\"https:\\\/\\\/cardamomo.com\\\/fr\\\/tecnico-luz-sonido\\\/\",\"url\":\"https:\\\/\\\/cardamomo.com\\\/fr\\\/tecnico-luz-sonido\\\/\",\"name\":\"Tato, l\u2019Artiste Invisible : Notre Technicien Son et Lumi\u00e8re chez Cardamomo - Cardamomo Flamenco Madrid\",\"isPartOf\":{\"@id\":\"https:\\\/\\\/cardamomo.com\\\/fr\\\/#website\"},\"primaryImageOfPage\":{\"@id\":\"https:\\\/\\\/cardamomo.com\\\/fr\\\/tecnico-luz-sonido\\\/#primaryimage\"},\"image\":{\"@id\":\"https:\\\/\\\/cardamomo.com\\\/es\\\/tecnico-luz-sonido\\\/#primaryimage\"},\"thumbnailUrl\":\"https:\\\/\\\/cardamomo.ams3.digitaloceanspaces.com\\\/wp-content\\\/uploads\\\/2025\\\/08\\\/24111149\\\/whatsapp-image-2025-07-23-at-23-55-00.jpeg\",\"datePublished\":\"2025-08-04T11:24:10+00:00\",\"dateModified\":\"2025-12-03T14:56:33+00:00\",\"author\":{\"@id\":\"https:\\\/\\\/cardamomo.com\\\/es\\\/#\\\/schema\\\/person\\\/e0d7e554980e9e4c3891b69734cf9df9\"},\"description\":\"D\u00e9couvrez Tato, l\u2019artiste invisible qui donne vie au flamenco dans l\u2019ombre. Technicien son et lumi\u00e8re chez Cardamomo, sa magie se ressent \u00e0 chaque repr\u00e9sentation.\",\"breadcrumb\":{\"@id\":\"https:\\\/\\\/cardamomo.com\\\/fr\\\/tecnico-luz-sonido\\\/#breadcrumb\"},\"inLanguage\":\"fr-FR\",\"potentialAction\":[{\"@type\":\"ReadAction\",\"target\":[[\"https:\\\/\\\/cardamomo.com\\\/fr\\\/tecnico-luz-sonido\\\/\"]]}]},{\"@type\":\"ImageObject\",\"inLanguage\":\"fr-FR\",\"@id\":\"https:\\\/\\\/cardamomo.com\\\/fr\\\/tecnico-luz-sonido\\\/#primaryimage\",\"url\":\"https:\\\/\\\/cardamomo.ams3.digitaloceanspaces.com\\\/wp-content\\\/uploads\\\/2025\\\/08\\\/24111149\\\/whatsapp-image-2025-07-23-at-23-55-00.jpeg\",\"contentUrl\":\"https:\\\/\\\/cardamomo.ams3.digitaloceanspaces.com\\\/wp-content\\\/uploads\\\/2025\\\/08\\\/24111149\\\/whatsapp-image-2025-07-23-at-23-55-00.jpeg\",\"width\":1600,\"height\":1200,\"caption\":\"Tato, tecnico de sonido de Cardamomo Flamenco Madrid en su cabina antes de comenzar el Show\"},{\"@type\":\"BreadcrumbList\",\"@id\":\"https:\\\/\\\/cardamomo.com\\\/fr\\\/tecnico-luz-sonido\\\/#breadcrumb\",\"itemListElement\":[{\"@type\":\"ListItem\",\"position\":1,\"name\":\"Cardamomo\",\"item\":\"https:\\\/\\\/cardamomo.com\\\/fr\\\/\"},{\"@type\":\"ListItem\",\"position\":2,\"name\":\"Tato, el Artista Invisible: Nuestro t\u00e9cnico de Sonido y Luz en Cardamomo\"}]},{\"@type\":\"WebSite\",\"@id\":\"https:\\\/\\\/cardamomo.com\\\/fr\\\/#website\",\"url\":\"https:\\\/\\\/cardamomo.com\\\/fr\\\/\",\"name\":\"Cardamomo Flamenco Madrid\",\"description\":\"\",\"potentialAction\":[{\"@type\":\"SearchAction\",\"target\":{\"@type\":\"EntryPoint\",\"urlTemplate\":\"https:\\\/\\\/cardamomo.com\\\/fr\\\/?s={search_term_string}\"},\"query-input\":{\"@type\":\"PropertyValueSpecification\",\"valueRequired\":true,\"valueName\":\"search_term_string\"}}],\"inLanguage\":\"fr-FR\"},{\"@type\":\"Person\",\"@id\":\"https:\\\/\\\/cardamomo.com\\\/es\\\/#\\\/schema\\\/person\\\/e0d7e554980e9e4c3891b69734cf9df9\",\"name\":\"Miguel Blanco\",\"image\":{\"@type\":\"ImageObject\",\"inLanguage\":\"fr-FR\",\"@id\":\"https:\\\/\\\/secure.gravatar.com\\\/avatar\\\/3a4fd323466f9b49f157b5319a986d31f99b5aaa4c36c56dc42e1153ae2c11da?s=96&d=mm&r=g\",\"url\":\"https:\\\/\\\/secure.gravatar.com\\\/avatar\\\/3a4fd323466f9b49f157b5319a986d31f99b5aaa4c36c56dc42e1153ae2c11da?s=96&d=mm&r=g\",\"contentUrl\":\"https:\\\/\\\/secure.gravatar.com\\\/avatar\\\/3a4fd323466f9b49f157b5319a986d31f99b5aaa4c36c56dc42e1153ae2c11da?s=96&d=mm&r=g\",\"caption\":\"Miguel Blanco\"},\"url\":\"https:\\\/\\\/cardamomo.com\\\/fr\\\/author\\\/miguel\\\/\"}]}<\/script>\n<!-- \/ Yoast SEO plugin. -->","yoast_head_json":{"title":"Tato, l\u2019Artiste Invisible : Notre Technicien Son et Lumi\u00e8re chez Cardamomo - Cardamomo Flamenco Madrid","description":"D\u00e9couvrez Tato, l\u2019artiste invisible qui donne vie au flamenco dans l\u2019ombre. Technicien son et lumi\u00e8re chez Cardamomo, sa magie se ressent \u00e0 chaque repr\u00e9sentation.","robots":{"index":"index","follow":"follow","max-snippet":"max-snippet:-1","max-image-preview":"max-image-preview:large","max-video-preview":"max-video-preview:-1"},"canonical":"\/","og_locale":"fr_FR","og_type":"article","og_title":"Tato, l\u2019Artiste Invisible : Notre Technicien Son et Lumi\u00e8re chez Cardamomo - Cardamomo Flamenco Madrid","og_description":"D\u00e9couvrez Tato, l\u2019artiste invisible qui donne vie au flamenco dans l\u2019ombre. Technicien son et lumi\u00e8re chez Cardamomo, sa magie se ressent \u00e0 chaque repr\u00e9sentation.","og_url":"https:\/\/cardamomo.com\/fr\/tecnico-luz-sonido\/","og_site_name":"Cardamomo Flamenco Madrid","article_published_time":"2025-08-04T11:24:10+00:00","article_modified_time":"2025-12-03T14:56:33+00:00","og_image":[{"width":1600,"height":1200,"url":"https:\/\/cardamomo.ams3.digitaloceanspaces.com\/wp-content\/uploads\/2025\/08\/24111149\/whatsapp-image-2025-07-23-at-23-55-00.jpeg","type":"image\/jpeg"}],"author":"Miguel Blanco","twitter_card":"summary_large_image","twitter_misc":{"\u00c9crit par":"Miguel Blanco","Dur\u00e9e de lecture estim\u00e9e":"11 minutes"},"schema":{"@context":"https:\/\/schema.org","@graph":[{"@type":"Article","@id":"https:\/\/cardamomo.com\/es\/tecnico-luz-sonido\/#article","isPartOf":{"@id":"https:\/\/cardamomo.com\/es\/tecnico-luz-sonido\/"},"author":{"name":"Miguel Blanco","@id":"https:\/\/cardamomo.com\/es\/#\/schema\/person\/e0d7e554980e9e4c3891b69734cf9df9"},"headline":"Tato, l\u2019Artiste Invisible : Notre Technicien Son et Lumi\u00e8re chez Cardamomo","datePublished":"2025-08-04T11:24:10+00:00","dateModified":"2025-12-03T14:56:33+00:00","mainEntityOfPage":{"@id":"https:\/\/cardamomo.com\/es\/tecnico-luz-sonido\/"},"wordCount":21535,"image":{"@id":"https:\/\/cardamomo.com\/es\/tecnico-luz-sonido\/#primaryimage"},"thumbnailUrl":"https:\/\/cardamomo.ams3.digitaloceanspaces.com\/wp-content\/uploads\/2025\/08\/24111149\/whatsapp-image-2025-07-23-at-23-55-00.jpeg","articleSection":["Artistas Cardamomo"],"inLanguage":"fr-FR"},{"@type":"WebPage","@id":"https:\/\/cardamomo.com\/fr\/tecnico-luz-sonido\/","url":"https:\/\/cardamomo.com\/fr\/tecnico-luz-sonido\/","name":"Tato, l\u2019Artiste Invisible : Notre Technicien Son et Lumi\u00e8re chez Cardamomo - Cardamomo Flamenco Madrid","isPartOf":{"@id":"https:\/\/cardamomo.com\/fr\/#website"},"primaryImageOfPage":{"@id":"https:\/\/cardamomo.com\/fr\/tecnico-luz-sonido\/#primaryimage"},"image":{"@id":"https:\/\/cardamomo.com\/es\/tecnico-luz-sonido\/#primaryimage"},"thumbnailUrl":"https:\/\/cardamomo.ams3.digitaloceanspaces.com\/wp-content\/uploads\/2025\/08\/24111149\/whatsapp-image-2025-07-23-at-23-55-00.jpeg","datePublished":"2025-08-04T11:24:10+00:00","dateModified":"2025-12-03T14:56:33+00:00","author":{"@id":"https:\/\/cardamomo.com\/es\/#\/schema\/person\/e0d7e554980e9e4c3891b69734cf9df9"},"description":"D\u00e9couvrez Tato, l\u2019artiste invisible qui donne vie au flamenco dans l\u2019ombre. Technicien son et lumi\u00e8re chez Cardamomo, sa magie se ressent \u00e0 chaque repr\u00e9sentation.","breadcrumb":{"@id":"https:\/\/cardamomo.com\/fr\/tecnico-luz-sonido\/#breadcrumb"},"inLanguage":"fr-FR","potentialAction":[{"@type":"ReadAction","target":[["https:\/\/cardamomo.com\/fr\/tecnico-luz-sonido\/"]]}]},{"@type":"ImageObject","inLanguage":"fr-FR","@id":"https:\/\/cardamomo.com\/fr\/tecnico-luz-sonido\/#primaryimage","url":"https:\/\/cardamomo.ams3.digitaloceanspaces.com\/wp-content\/uploads\/2025\/08\/24111149\/whatsapp-image-2025-07-23-at-23-55-00.jpeg","contentUrl":"https:\/\/cardamomo.ams3.digitaloceanspaces.com\/wp-content\/uploads\/2025\/08\/24111149\/whatsapp-image-2025-07-23-at-23-55-00.jpeg","width":1600,"height":1200,"caption":"Tato, tecnico de sonido de Cardamomo Flamenco Madrid en su cabina antes de comenzar el Show"},{"@type":"BreadcrumbList","@id":"https:\/\/cardamomo.com\/fr\/tecnico-luz-sonido\/#breadcrumb","itemListElement":[{"@type":"ListItem","position":1,"name":"Cardamomo","item":"https:\/\/cardamomo.com\/fr\/"},{"@type":"ListItem","position":2,"name":"Tato, el Artista Invisible: Nuestro t\u00e9cnico de Sonido y Luz en Cardamomo"}]},{"@type":"WebSite","@id":"https:\/\/cardamomo.com\/fr\/#website","url":"https:\/\/cardamomo.com\/fr\/","name":"Cardamomo Flamenco Madrid","description":"","potentialAction":[{"@type":"SearchAction","target":{"@type":"EntryPoint","urlTemplate":"https:\/\/cardamomo.com\/fr\/?s={search_term_string}"},"query-input":{"@type":"PropertyValueSpecification","valueRequired":true,"valueName":"search_term_string"}}],"inLanguage":"fr-FR"},{"@type":"Person","@id":"https:\/\/cardamomo.com\/es\/#\/schema\/person\/e0d7e554980e9e4c3891b69734cf9df9","name":"Miguel Blanco","image":{"@type":"ImageObject","inLanguage":"fr-FR","@id":"https:\/\/secure.gravatar.com\/avatar\/3a4fd323466f9b49f157b5319a986d31f99b5aaa4c36c56dc42e1153ae2c11da?s=96&d=mm&r=g","url":"https:\/\/secure.gravatar.com\/avatar\/3a4fd323466f9b49f157b5319a986d31f99b5aaa4c36c56dc42e1153ae2c11da?s=96&d=mm&r=g","contentUrl":"https:\/\/secure.gravatar.com\/avatar\/3a4fd323466f9b49f157b5319a986d31f99b5aaa4c36c56dc42e1153ae2c11da?s=96&d=mm&r=g","caption":"Miguel Blanco"},"url":"https:\/\/cardamomo.com\/fr\/author\/miguel\/"}]}},"_links":{"self":[{"href":"https:\/\/cardamomo.com\/fr\/wp-json\/wp\/v2\/posts\/157620","targetHints":{"allow":["GET"]}}],"collection":[{"href":"https:\/\/cardamomo.com\/fr\/wp-json\/wp\/v2\/posts"}],"about":[{"href":"https:\/\/cardamomo.com\/fr\/wp-json\/wp\/v2\/types\/post"}],"author":[{"embeddable":true,"href":"https:\/\/cardamomo.com\/fr\/wp-json\/wp\/v2\/users\/7"}],"replies":[{"embeddable":true,"href":"https:\/\/cardamomo.com\/fr\/wp-json\/wp\/v2\/comments?post=157620"}],"version-history":[{"count":11,"href":"https:\/\/cardamomo.com\/fr\/wp-json\/wp\/v2\/posts\/157620\/revisions"}],"predecessor-version":[{"id":157716,"href":"https:\/\/cardamomo.com\/fr\/wp-json\/wp\/v2\/posts\/157620\/revisions\/157716"}],"wp:featuredmedia":[{"embeddable":true,"href":"https:\/\/cardamomo.com\/fr\/wp-json\/wp\/v2\/media\/157670"}],"wp:attachment":[{"href":"https:\/\/cardamomo.com\/fr\/wp-json\/wp\/v2\/media?parent=157620"}],"wp:term":[{"taxonomy":"category","embeddable":true,"href":"https:\/\/cardamomo.com\/fr\/wp-json\/wp\/v2\/categories?post=157620"},{"taxonomy":"post_tag","embeddable":true,"href":"https:\/\/cardamomo.com\/fr\/wp-json\/wp\/v2\/tags?post=157620"}],"curies":[{"name":"wp","href":"https:\/\/api.w.org\/{rel}","templated":true}]}}