{"id":80724,"date":"2021-02-20T16:45:57","date_gmt":"2021-02-20T15:45:57","guid":{"rendered":"https:\/\/cardamomo.com\/es\/?p=80724"},"modified":"2025-12-11T13:17:58","modified_gmt":"2025-12-11T12:17:58","slug":"el-bailaor-mas-rapido-del-mundo-en-cardamomo","status":"publish","type":"post","link":"https:\/\/cardamomo.com\/es\/el-bailaor-mas-rapido-del-mundo-en-cardamomo\/","title":{"rendered":"Jos\u00e9 Escarp\u00edn &#8211; El bailaor M\u00e1s R\u00e1pido del Mundo en Cardamomo"},"content":{"rendered":"<p><\/p>\n<h2><strong>Jos\u00e9 Escarp\u00edn es el bailaor m\u00e1s r\u00e1pido del mundo.<\/strong><\/h2>\n<p>Y no lo decimos nosotros, lo dice el r\u00e9cord Guiness que ostenta actualmente.<\/p>\n<h2><strong>Talento exquisito.<\/strong><\/h2>\n<p>No obstante, este bailaor Murciano, posee mucho talento art\u00edstico que va m\u00e1s all\u00e1 de su rapidez. Su talento es fuera de serie y su delicadeza con algunos cierres o algunos silencios, contrastan muy elegantemente con su potencia y habilidad.<\/p>\n<p>Es propio de los artistas, no \u00fanicamente en el mundo del flamenco, explotar sus talentos hasta el exceso, sin embargo no es el caso de Jos\u00e9 Escarp\u00edn, quien sabe utilizar sus recursos y su velocidad en los momentos justos.<\/p>\n<h2><strong>Protocolos flamencos.<\/strong><\/h2>\n<p>Jos\u00e9 Escarp\u00edn transmite respetando los protocolos.<\/p>\n<p>Al buen flamenco le gusta, l\u00f3gicamente, la potencia de un bailaor joven, pero a\u00fan m\u00e1s le gusta su estilo lleno de raza y que exprese m\u00e1s en los silencios que en los alborotos. Las alegr\u00edas tienen sus protocolos, con sus ropajes vivos, su ritmo r\u00e1pido, etc, y las soleares los tienen tambi\u00e9n con sus vestimentas oscuras, su ritmo lento, etc. Y Jos\u00e9 Escarp\u00edn sabe menejarlos como se deben manejar y no cae en un mero acto de malabarismo.<\/p>\n<p>No hay duda que merece la pena disfrutar de su n\u00famero y que nunca defrauda.<\/p>\n<p>Un placer contar con \u00e9l en Cardamomo.<\/p>","protected":false},"excerpt":{"rendered":"Jos\u00e9 Escarp\u00edn es el bailaor m\u00e1s r\u00e1pido del mundo. Y no lo decimos nosotros, lo dice el r\u00e9cord Guiness que ostenta actualmente. Talento exquisito. No obstante, este bailaor Murciano, posee mucho talento art\u00edstico que va m\u00e1s all\u00e1 de su rapidez. Su talento es fuera de serie y su delicadeza con algunos cierres o algunos silencios,&#8230;","protected":false},"author":1,"featured_media":80733,"comment_status":"open","ping_status":"open","sticky":false,"template":"","format":"standard","meta":{"_acf_changed":false,"inline_featured_image":false,"footnotes":""},"categories":[6],"tags":[],"class_list":["post-80724","post","type-post","status-publish","format-standard","has-post-thumbnail","hentry","category-artistas-cardamomo"],"acf":[],"yoast_head":"<!-- This site is optimized with the Yoast SEO plugin v27.4 - https:\/\/yoast.com\/product\/yoast-seo-wordpress\/ -->\n<title>Jos\u00e9 Escarp\u00edn - El bailaor M\u00e1s R\u00e1pido del Mundo en Cardamomo - Cardamomo Flamenco Madrid<\/title>\n<meta name=\"robots\" content=\"index, follow, max-snippet:-1, max-image-preview:large, max-video-preview:-1\" \/>\n<link rel=\"canonical\" href=\"\/\" \/>\n<meta property=\"og:locale\" content=\"es_ES\" \/>\n<meta property=\"og:type\" content=\"article\" \/>\n<meta property=\"og:title\" content=\"Jos\u00e9 Escarp\u00edn - El bailaor M\u00e1s R\u00e1pido del Mundo en Cardamomo - Cardamomo Flamenco Madrid\" \/>\n<meta property=\"og:description\" content=\"Jos\u00e9 Escarp\u00edn es el bailaor m\u00e1s r\u00e1pido del mundo. Y no lo decimos nosotros, lo dice el r\u00e9cord Guiness que ostenta actualmente. Talento exquisito. No obstante, este bailaor Murciano, posee mucho talento art\u00edstico que va m\u00e1s all\u00e1 de su rapidez. Su talento es fuera de serie y su delicadeza con algunos cierres o algunos silencios,...\" \/>\n<meta property=\"og:url\" content=\"https:\/\/cardamomo.com\/es\/el-bailaor-mas-rapido-del-mundo-en-cardamomo\/\" \/>\n<meta property=\"og:site_name\" content=\"Cardamomo Flamenco Madrid\" \/>\n<meta property=\"article:published_time\" content=\"2021-02-20T15:45:57+00:00\" \/>\n<meta property=\"article:modified_time\" content=\"2025-12-11T12:17:58+00:00\" \/>\n<meta property=\"og:image\" content=\"https:\/\/cardamomo.ams3.digitaloceanspaces.com\/wp-content\/uploads\/2021\/02\/15115443\/jose-escarpin.jpeg\" \/>\n\t<meta property=\"og:image:width\" content=\"1024\" \/>\n\t<meta property=\"og:image:height\" content=\"683\" \/>\n\t<meta property=\"og:image:type\" content=\"image\/jpeg\" \/>\n<meta name=\"author\" content=\"admin_cardamomo\" \/>\n<meta name=\"twitter:card\" content=\"summary_large_image\" \/>\n<meta name=\"twitter:label1\" content=\"Escrito por\" \/>\n\t<meta name=\"twitter:data1\" content=\"admin_cardamomo\" \/>\n\t<meta name=\"twitter:label2\" content=\"Tiempo de lectura\" \/>\n\t<meta name=\"twitter:data2\" content=\"1 minuto\" \/>\n<script type=\"application\/ld+json\" class=\"yoast-schema-graph\">{\"@context\":\"https:\\\/\\\/schema.org\",\"@graph\":[{\"@type\":\"Article\",\"@id\":\"https:\\\/\\\/cardamomo.com\\\/es\\\/el-bailaor-mas-rapido-del-mundo-en-cardamomo\\\/#article\",\"isPartOf\":{\"@id\":\"https:\\\/\\\/cardamomo.com\\\/es\\\/el-bailaor-mas-rapido-del-mundo-en-cardamomo\\\/\"},\"author\":{\"name\":\"admin_cardamomo\",\"@id\":\"https:\\\/\\\/cardamomo.com\\\/es\\\/#\\\/schema\\\/person\\\/abfbca965cbb188c4c46a0520d55dbaf\"},\"headline\":\"Jos\u00e9 Escarp\u00edn &#8211; El bailaor M\u00e1s R\u00e1pido del Mundo en Cardamomo\",\"datePublished\":\"2021-02-20T15:45:57+00:00\",\"dateModified\":\"2025-12-11T12:17:58+00:00\",\"mainEntityOfPage\":{\"@id\":\"https:\\\/\\\/cardamomo.com\\\/es\\\/el-bailaor-mas-rapido-del-mundo-en-cardamomo\\\/\"},\"wordCount\":2147,\"commentCount\":0,\"image\":{\"@id\":\"https:\\\/\\\/cardamomo.com\\\/es\\\/el-bailaor-mas-rapido-del-mundo-en-cardamomo\\\/#primaryimage\"},\"thumbnailUrl\":\"https:\\\/\\\/cardamomo.ams3.digitaloceanspaces.com\\\/wp-content\\\/uploads\\\/2021\\\/02\\\/15115443\\\/jose-escarpin.jpeg\",\"articleSection\":[\"Voces del Flamenco\"],\"inLanguage\":\"es\",\"potentialAction\":[{\"@type\":\"CommentAction\",\"name\":\"Comment\",\"target\":[\"https:\\\/\\\/cardamomo.com\\\/es\\\/el-bailaor-mas-rapido-del-mundo-en-cardamomo\\\/#respond\"]}]},{\"@type\":\"WebPage\",\"@id\":\"https:\\\/\\\/cardamomo.com\\\/es\\\/el-bailaor-mas-rapido-del-mundo-en-cardamomo\\\/\",\"url\":\"https:\\\/\\\/cardamomo.com\\\/es\\\/el-bailaor-mas-rapido-del-mundo-en-cardamomo\\\/\",\"name\":\"Jos\u00e9 Escarp\u00edn - El bailaor M\u00e1s R\u00e1pido del Mundo en Cardamomo - Cardamomo Flamenco Madrid\",\"isPartOf\":{\"@id\":\"https:\\\/\\\/cardamomo.com\\\/es\\\/#website\"},\"primaryImageOfPage\":{\"@id\":\"https:\\\/\\\/cardamomo.com\\\/es\\\/el-bailaor-mas-rapido-del-mundo-en-cardamomo\\\/#primaryimage\"},\"image\":{\"@id\":\"https:\\\/\\\/cardamomo.com\\\/es\\\/el-bailaor-mas-rapido-del-mundo-en-cardamomo\\\/#primaryimage\"},\"thumbnailUrl\":\"https:\\\/\\\/cardamomo.ams3.digitaloceanspaces.com\\\/wp-content\\\/uploads\\\/2021\\\/02\\\/15115443\\\/jose-escarpin.jpeg\",\"datePublished\":\"2021-02-20T15:45:57+00:00\",\"dateModified\":\"2025-12-11T12:17:58+00:00\",\"author\":{\"@id\":\"https:\\\/\\\/cardamomo.com\\\/es\\\/#\\\/schema\\\/person\\\/abfbca965cbb188c4c46a0520d55dbaf\"},\"breadcrumb\":{\"@id\":\"https:\\\/\\\/cardamomo.com\\\/es\\\/el-bailaor-mas-rapido-del-mundo-en-cardamomo\\\/#breadcrumb\"},\"inLanguage\":\"es\",\"potentialAction\":[{\"@type\":\"ReadAction\",\"target\":[[\"https:\\\/\\\/cardamomo.com\\\/es\\\/el-bailaor-mas-rapido-del-mundo-en-cardamomo\\\/\"]]}]},{\"@type\":\"ImageObject\",\"inLanguage\":\"es\",\"@id\":\"https:\\\/\\\/cardamomo.com\\\/es\\\/el-bailaor-mas-rapido-del-mundo-en-cardamomo\\\/#primaryimage\",\"url\":\"https:\\\/\\\/cardamomo.ams3.digitaloceanspaces.com\\\/wp-content\\\/uploads\\\/2021\\\/02\\\/15115443\\\/jose-escarpin.jpeg\",\"contentUrl\":\"https:\\\/\\\/cardamomo.ams3.digitaloceanspaces.com\\\/wp-content\\\/uploads\\\/2021\\\/02\\\/15115443\\\/jose-escarpin.jpeg\",\"width\":1024,\"height\":683,\"caption\":\"Jos\u00e9 Escarp\u00edn en Cardamomo Flamenco Madrid\"},{\"@type\":\"BreadcrumbList\",\"@id\":\"https:\\\/\\\/cardamomo.com\\\/es\\\/el-bailaor-mas-rapido-del-mundo-en-cardamomo\\\/#breadcrumb\",\"itemListElement\":[{\"@type\":\"ListItem\",\"position\":1,\"name\":\"Cardamomo\",\"item\":\"https:\\\/\\\/cardamomo.com\\\/es\\\/\"},{\"@type\":\"ListItem\",\"position\":2,\"name\":\"Jos\u00e9 Escarp\u00edn &#8211; El bailaor M\u00e1s R\u00e1pido del Mundo en Cardamomo\"}]},{\"@type\":\"WebSite\",\"@id\":\"https:\\\/\\\/cardamomo.com\\\/es\\\/#website\",\"url\":\"https:\\\/\\\/cardamomo.com\\\/es\\\/\",\"name\":\"Cardamomo Flamenco Madrid\",\"description\":\"\",\"potentialAction\":[{\"@type\":\"SearchAction\",\"target\":{\"@type\":\"EntryPoint\",\"urlTemplate\":\"https:\\\/\\\/cardamomo.com\\\/es\\\/?s={search_term_string}\"},\"query-input\":{\"@type\":\"PropertyValueSpecification\",\"valueRequired\":true,\"valueName\":\"search_term_string\"}}],\"inLanguage\":\"es\"},{\"@type\":\"Person\",\"@id\":\"https:\\\/\\\/cardamomo.com\\\/es\\\/#\\\/schema\\\/person\\\/abfbca965cbb188c4c46a0520d55dbaf\",\"name\":\"admin_cardamomo\",\"image\":{\"@type\":\"ImageObject\",\"inLanguage\":\"es\",\"@id\":\"https:\\\/\\\/secure.gravatar.com\\\/avatar\\\/74390b26a5e2b464e9c76f16c1e1a834a96863be28dd8c65644a4f9d210168b3?s=96&d=mm&r=g\",\"url\":\"https:\\\/\\\/secure.gravatar.com\\\/avatar\\\/74390b26a5e2b464e9c76f16c1e1a834a96863be28dd8c65644a4f9d210168b3?s=96&d=mm&r=g\",\"contentUrl\":\"https:\\\/\\\/secure.gravatar.com\\\/avatar\\\/74390b26a5e2b464e9c76f16c1e1a834a96863be28dd8c65644a4f9d210168b3?s=96&d=mm&r=g\",\"caption\":\"admin_cardamomo\"},\"sameAs\":[\"http:\\\/\\\/pro.cardamomo.com\"],\"url\":\"https:\\\/\\\/cardamomo.com\\\/es\\\/author\\\/admin_cardamomo\\\/\"}]}<\/script>\n<!-- \/ Yoast SEO plugin. -->","yoast_head_json":{"title":"Jos\u00e9 Escarp\u00edn - El bailaor M\u00e1s R\u00e1pido del Mundo en Cardamomo - Cardamomo Flamenco Madrid","robots":{"index":"index","follow":"follow","max-snippet":"max-snippet:-1","max-image-preview":"max-image-preview:large","max-video-preview":"max-video-preview:-1"},"canonical":"\/","og_locale":"es_ES","og_type":"article","og_title":"Jos\u00e9 Escarp\u00edn - El bailaor M\u00e1s R\u00e1pido del Mundo en Cardamomo - Cardamomo Flamenco Madrid","og_description":"Jos\u00e9 Escarp\u00edn es el bailaor m\u00e1s r\u00e1pido del mundo. Y no lo decimos nosotros, lo dice el r\u00e9cord Guiness que ostenta actualmente. Talento exquisito. No obstante, este bailaor Murciano, posee mucho talento art\u00edstico que va m\u00e1s all\u00e1 de su rapidez. Su talento es fuera de serie y su delicadeza con algunos cierres o algunos silencios,...","og_url":"https:\/\/cardamomo.com\/es\/el-bailaor-mas-rapido-del-mundo-en-cardamomo\/","og_site_name":"Cardamomo Flamenco Madrid","article_published_time":"2021-02-20T15:45:57+00:00","article_modified_time":"2025-12-11T12:17:58+00:00","og_image":[{"width":1024,"height":683,"url":"https:\/\/cardamomo.ams3.digitaloceanspaces.com\/wp-content\/uploads\/2021\/02\/15115443\/jose-escarpin.jpeg","type":"image\/jpeg"}],"author":"admin_cardamomo","twitter_card":"summary_large_image","twitter_misc":{"Escrito por":"admin_cardamomo","Tiempo de lectura":"1 minuto"},"schema":{"@context":"https:\/\/schema.org","@graph":[{"@type":"Article","@id":"https:\/\/cardamomo.com\/es\/el-bailaor-mas-rapido-del-mundo-en-cardamomo\/#article","isPartOf":{"@id":"https:\/\/cardamomo.com\/es\/el-bailaor-mas-rapido-del-mundo-en-cardamomo\/"},"author":{"name":"admin_cardamomo","@id":"https:\/\/cardamomo.com\/es\/#\/schema\/person\/abfbca965cbb188c4c46a0520d55dbaf"},"headline":"Jos\u00e9 Escarp\u00edn &#8211; El bailaor M\u00e1s R\u00e1pido del Mundo en Cardamomo","datePublished":"2021-02-20T15:45:57+00:00","dateModified":"2025-12-11T12:17:58+00:00","mainEntityOfPage":{"@id":"https:\/\/cardamomo.com\/es\/el-bailaor-mas-rapido-del-mundo-en-cardamomo\/"},"wordCount":2147,"commentCount":0,"image":{"@id":"https:\/\/cardamomo.com\/es\/el-bailaor-mas-rapido-del-mundo-en-cardamomo\/#primaryimage"},"thumbnailUrl":"https:\/\/cardamomo.ams3.digitaloceanspaces.com\/wp-content\/uploads\/2021\/02\/15115443\/jose-escarpin.jpeg","articleSection":["Voces del Flamenco"],"inLanguage":"es","potentialAction":[{"@type":"CommentAction","name":"Comment","target":["https:\/\/cardamomo.com\/es\/el-bailaor-mas-rapido-del-mundo-en-cardamomo\/#respond"]}]},{"@type":"WebPage","@id":"https:\/\/cardamomo.com\/es\/el-bailaor-mas-rapido-del-mundo-en-cardamomo\/","url":"https:\/\/cardamomo.com\/es\/el-bailaor-mas-rapido-del-mundo-en-cardamomo\/","name":"Jos\u00e9 Escarp\u00edn - El bailaor M\u00e1s R\u00e1pido del Mundo en Cardamomo - Cardamomo Flamenco Madrid","isPartOf":{"@id":"https:\/\/cardamomo.com\/es\/#website"},"primaryImageOfPage":{"@id":"https:\/\/cardamomo.com\/es\/el-bailaor-mas-rapido-del-mundo-en-cardamomo\/#primaryimage"},"image":{"@id":"https:\/\/cardamomo.com\/es\/el-bailaor-mas-rapido-del-mundo-en-cardamomo\/#primaryimage"},"thumbnailUrl":"https:\/\/cardamomo.ams3.digitaloceanspaces.com\/wp-content\/uploads\/2021\/02\/15115443\/jose-escarpin.jpeg","datePublished":"2021-02-20T15:45:57+00:00","dateModified":"2025-12-11T12:17:58+00:00","author":{"@id":"https:\/\/cardamomo.com\/es\/#\/schema\/person\/abfbca965cbb188c4c46a0520d55dbaf"},"breadcrumb":{"@id":"https:\/\/cardamomo.com\/es\/el-bailaor-mas-rapido-del-mundo-en-cardamomo\/#breadcrumb"},"inLanguage":"es","potentialAction":[{"@type":"ReadAction","target":[["https:\/\/cardamomo.com\/es\/el-bailaor-mas-rapido-del-mundo-en-cardamomo\/"]]}]},{"@type":"ImageObject","inLanguage":"es","@id":"https:\/\/cardamomo.com\/es\/el-bailaor-mas-rapido-del-mundo-en-cardamomo\/#primaryimage","url":"https:\/\/cardamomo.ams3.digitaloceanspaces.com\/wp-content\/uploads\/2021\/02\/15115443\/jose-escarpin.jpeg","contentUrl":"https:\/\/cardamomo.ams3.digitaloceanspaces.com\/wp-content\/uploads\/2021\/02\/15115443\/jose-escarpin.jpeg","width":1024,"height":683,"caption":"Jos\u00e9 Escarp\u00edn en Cardamomo Flamenco Madrid"},{"@type":"BreadcrumbList","@id":"https:\/\/cardamomo.com\/es\/el-bailaor-mas-rapido-del-mundo-en-cardamomo\/#breadcrumb","itemListElement":[{"@type":"ListItem","position":1,"name":"Cardamomo","item":"https:\/\/cardamomo.com\/es\/"},{"@type":"ListItem","position":2,"name":"Jos\u00e9 Escarp\u00edn &#8211; El bailaor M\u00e1s R\u00e1pido del Mundo en Cardamomo"}]},{"@type":"WebSite","@id":"https:\/\/cardamomo.com\/es\/#website","url":"https:\/\/cardamomo.com\/es\/","name":"Cardamomo Flamenco Madrid","description":"","potentialAction":[{"@type":"SearchAction","target":{"@type":"EntryPoint","urlTemplate":"https:\/\/cardamomo.com\/es\/?s={search_term_string}"},"query-input":{"@type":"PropertyValueSpecification","valueRequired":true,"valueName":"search_term_string"}}],"inLanguage":"es"},{"@type":"Person","@id":"https:\/\/cardamomo.com\/es\/#\/schema\/person\/abfbca965cbb188c4c46a0520d55dbaf","name":"admin_cardamomo","image":{"@type":"ImageObject","inLanguage":"es","@id":"https:\/\/secure.gravatar.com\/avatar\/74390b26a5e2b464e9c76f16c1e1a834a96863be28dd8c65644a4f9d210168b3?s=96&d=mm&r=g","url":"https:\/\/secure.gravatar.com\/avatar\/74390b26a5e2b464e9c76f16c1e1a834a96863be28dd8c65644a4f9d210168b3?s=96&d=mm&r=g","contentUrl":"https:\/\/secure.gravatar.com\/avatar\/74390b26a5e2b464e9c76f16c1e1a834a96863be28dd8c65644a4f9d210168b3?s=96&d=mm&r=g","caption":"admin_cardamomo"},"sameAs":["http:\/\/pro.cardamomo.com"],"url":"https:\/\/cardamomo.com\/es\/author\/admin_cardamomo\/"}]}},"_links":{"self":[{"href":"https:\/\/cardamomo.com\/es\/wp-json\/wp\/v2\/posts\/80724","targetHints":{"allow":["GET"]}}],"collection":[{"href":"https:\/\/cardamomo.com\/es\/wp-json\/wp\/v2\/posts"}],"about":[{"href":"https:\/\/cardamomo.com\/es\/wp-json\/wp\/v2\/types\/post"}],"author":[{"embeddable":true,"href":"https:\/\/cardamomo.com\/es\/wp-json\/wp\/v2\/users\/1"}],"replies":[{"embeddable":true,"href":"https:\/\/cardamomo.com\/es\/wp-json\/wp\/v2\/comments?post=80724"}],"version-history":[{"count":1,"href":"https:\/\/cardamomo.com\/es\/wp-json\/wp\/v2\/posts\/80724\/revisions"}],"predecessor-version":[{"id":158123,"href":"https:\/\/cardamomo.com\/es\/wp-json\/wp\/v2\/posts\/80724\/revisions\/158123"}],"wp:featuredmedia":[{"embeddable":true,"href":"https:\/\/cardamomo.com\/es\/wp-json\/wp\/v2\/media\/80733"}],"wp:attachment":[{"href":"https:\/\/cardamomo.com\/es\/wp-json\/wp\/v2\/media?parent=80724"}],"wp:term":[{"taxonomy":"category","embeddable":true,"href":"https:\/\/cardamomo.com\/es\/wp-json\/wp\/v2\/categories?post=80724"},{"taxonomy":"post_tag","embeddable":true,"href":"https:\/\/cardamomo.com\/es\/wp-json\/wp\/v2\/tags?post=80724"}],"curies":[{"name":"wp","href":"https:\/\/api.w.org\/{rel}","templated":true}]}}