{"id":57470,"date":"2019-02-12T10:41:26","date_gmt":"2019-02-12T09:41:26","guid":{"rendered":"https:\/\/cardamomo.com\/es\/?p=57470"},"modified":"2025-12-11T13:19:08","modified_gmt":"2025-12-11T12:19:08","slug":"espectaculo-flamenco-invitado-especial-antonio-canales","status":"publish","type":"post","link":"https:\/\/cardamomo.com\/es\/espectaculo-flamenco-invitado-especial-antonio-canales\/","title":{"rendered":"Antonio Canales: Invitado de lujo en marzo."},"content":{"rendered":"<p><\/p>\n<h2 style=\"text-align: center;\"><strong>Uno de los mejores bailaores del mundo, s\u00edmbolo y representaci\u00f3n del Flamenco en Cardamomo tablao Flamenco.<\/strong><\/h2>\n<h2 style=\"text-align: center;\"><strong>Viernes 12 DE MARZO. (19:30)<\/strong><\/h2>\n<p>Cada vez que nos visita Antonio Canales deleita con su baile, arte \u00fanico.<\/p>\n<p>Una forma de bailar con la que ha adquirido el reconocimiento mundial como bailaor de flamenco. <strong>El cuadro flamenco de Cardamomo, el p\u00fablico entregado y el embrujo de Antonio Canales<\/strong> dieron como resultado una atm\u00f3sfera sobrecogedora y emocionante en el mejor tablao flamenco de Madrid.<\/p>\n<blockquote><p>Adem\u00e1s de ser un excelente bailaor de Flamenco. Antonio Canales es un ejemplo de superaci\u00f3n y honestidad.<\/p><\/blockquote>\n<p>Est\u00e1 colaborado, de forma totalmente desinteresada, con nuestro proyecto <a href=\"https:\/\/cardamomo.com\/es\/blog\/celebramos-25-anos-dedicados-al-flamenco-con-la-creacion-de-las-becas-cardamomo-para-la-formacion-de-futuros-artistas\/\">Becas Cardamomo<\/a> para celebrar <strong>veinticinco a\u00f1os dedicados al Flamenco<\/strong> desde el tablao.<\/p>\n<p><strong>Si amas el Flamenco, ver el espect\u00e1culo de Cardamomo, es una\u00a0 experiencia que mereces vivir.<\/strong><\/p>\n<p style=\"text-align: center;\">\u00a1No te quedes sin tu entrada!<\/p>\n<p style=\"text-align: center;\">\u00a1Que vuelan!<\/p>\n<p style=\"text-align: center;\"><a href=\"https:\/\/cardamomo.com\/es\/comprar-entradas-flamenco\/\">Ya puedes reservar.<\/a><\/p>\n<h3>\u00bfDeseas conocer m\u00e1s sobre Antonio Canales?<\/h3>\n<p>En Cardamomo, Antonio Canales se siente en familia. Algunos de los artistas del cuadro flamenco de Cardamomo, como <a href=\"https:\/\/cardamomo.com\/es\/artistas\/laura-abadia\/\">Laura Abad\u00eda<\/a> o<a href=\"https:\/\/cardamomo.com\/es\/artistas\/david-jimenez-abadia\/\"> David Jim\u00e9nez<\/a>, ya han compartido escenario con Antonio Canales trabajando en compa\u00f1\u00eda del artista (<strong>Ballet Flamenco Antonio Canales)<\/strong>, con espect\u00e1culos que promover el arte y la cultura flamenca como <strong><em>Torero, A cuerda y tac\u00f3n o Gitano,<\/em><\/strong> en el que tambi\u00e9n particip\u00f3 la gran<strong> Sara Baras.<\/strong><\/p>\n<p>Antonio canales desciende de una saga de artistas, y uno puede decir con certeza que lleva al Duende en las venas. <strong>Sevillano, bailar\u00edn, core\u00f3grafo y actor.<\/strong><\/p>\n<p>Comenz\u00f3 su carrera profesional en el mundo del baile flamenco en el <strong>Ballet Nacional<\/strong>, donde aprender\u00e1 t\u00e9cnica precisa, y destacar\u00e1 entre sus compa\u00f1eros durante varios a\u00f1os.<\/p>\n<p>Eventualmente, se convierte en bailar\u00edn solista y se muda a Par\u00eds para unirse al <strong>Ballet Maguy Mar\u00edn.<\/strong><\/p>\n<p>Ser\u00e1 despu\u00e9s de estas experiencias, cuando Antonio Canales adquirir\u00e1 la fama como uno de los mejores bailaores de flamenco del mundo, recibiendo numerosos reconocimientos internacionales.<\/p>\n<p>En el a\u00f1o 1992 crea su propia compa\u00f1\u00eda de baile flamenco y debuta con un incuestionable \u00e9xito gracias a coreograf\u00edas como siempre flamenco o <strong><em>A ti Carmen Amaya.<\/em><\/strong><\/p>\n<p>Un a\u00f1o despu\u00e9s, estrena <strong><em>Torero,<\/em><\/strong> un show flamenco con el que com una exitosa gira por Canada, y que ser\u00e1 representado posteriormente en Espa\u00f1a en <strong>m\u00e1s de 700 ocasiones.<\/strong> Es tal el triunfo que adquirir con este espect\u00e1culo, que en 1995 es nominado para los <strong>Premios Emmy.<\/strong> En el mismo a\u00f1o Antonio canales adquirir el <strong>Premio Nacional de danza en Espa\u00f1a.<\/strong><\/p>\n<p>Desde entonces Antonio canales no ha dejado de crear y bailar. Trayendo su particular y sentido de baile a todos los rincones del mundo.<\/p>\n<p style=\"text-align: center;\"><strong>Cardamomo tablao flamenco abre las puertas y el coraz\u00f3n para recibir a este maestro de la danza flamenca.<br \/>\n\u00bfTe lo vas a perder?<\/strong><\/p>\n<p><a href=\"https:\/\/cardamomo.com\/es\/comprar-entradas-flamenco\/\">Reserva ya tus entradas<\/a> y no pierdas la oportunidad de disfrutar de un espect\u00e1culo de flamenco inolvidable.<\/p>\n<p>&nbsp;<\/p>","protected":false},"excerpt":{"rendered":"Uno de los mejores bailaores del mundo, s\u00edmbolo y representaci\u00f3n del Flamenco en Cardamomo tablao Flamenco. Viernes 12 DE MARZO. (19:30) Cada vez que nos visita Antonio Canales deleita con su baile, arte \u00fanico. Una forma de bailar con la que ha adquirido el reconocimiento mundial como bailaor de flamenco. El cuadro flamenco de Cardamomo,&#8230;","protected":false},"author":1,"featured_media":76433,"comment_status":"open","ping_status":"open","sticky":false,"template":"","format":"standard","meta":{"_acf_changed":false,"inline_featured_image":false,"footnotes":""},"categories":[6],"tags":[],"class_list":["post-57470","post","type-post","status-publish","format-standard","has-post-thumbnail","hentry","category-artistas-cardamomo"],"acf":[],"yoast_head":"<!-- This site is optimized with the Yoast SEO plugin v27.4 - https:\/\/yoast.com\/product\/yoast-seo-wordpress\/ -->\n<title>Antonio Canales en Cardamomo tablao flamenco Madrid<\/title>\n<meta name=\"description\" content=\"El bailaor flamenco Antonio Canales, de reconocido prestigio internacional actuar\u00e1 en Cardamomo tablao flamenco Madrid los d\u00edas 3 y 4 de mayo\" \/>\n<meta name=\"robots\" content=\"index, follow, max-snippet:-1, max-image-preview:large, max-video-preview:-1\" \/>\n<link rel=\"canonical\" href=\"\/\" \/>\n<meta property=\"og:locale\" content=\"es_ES\" \/>\n<meta property=\"og:type\" content=\"article\" \/>\n<meta property=\"og:title\" content=\"Antonio Canales en Cardamomo tablao flamenco Madrid\" \/>\n<meta property=\"og:description\" content=\"El bailaor flamenco Antonio Canales, de reconocido prestigio internacional actuar\u00e1 en Cardamomo tablao flamenco Madrid los d\u00edas 3 y 4 de mayo\" \/>\n<meta property=\"og:url\" content=\"https:\/\/cardamomo.com\/es\/espectaculo-flamenco-invitado-especial-antonio-canales\/\" \/>\n<meta property=\"og:site_name\" content=\"Cardamomo Flamenco Madrid\" \/>\n<meta property=\"article:published_time\" content=\"2019-02-12T09:41:26+00:00\" \/>\n<meta property=\"article:modified_time\" content=\"2025-12-11T12:19:08+00:00\" \/>\n<meta property=\"og:image\" content=\"https:\/\/cardamomo.ams3.digitaloceanspaces.com\/wp-content\/uploads\/2019\/02\/15115051\/4820-1-scaled-1.jpg\" \/>\n\t<meta property=\"og:image:width\" content=\"2560\" \/>\n\t<meta property=\"og:image:height\" content=\"1438\" \/>\n\t<meta property=\"og:image:type\" content=\"image\/jpeg\" \/>\n<meta name=\"author\" content=\"admin_cardamomo\" \/>\n<meta name=\"twitter:card\" content=\"summary_large_image\" \/>\n<meta name=\"twitter:label1\" content=\"Escrito por\" \/>\n\t<meta name=\"twitter:data1\" content=\"admin_cardamomo\" \/>\n\t<meta name=\"twitter:label2\" content=\"Tiempo de lectura\" \/>\n\t<meta name=\"twitter:data2\" content=\"2 minutos\" \/>\n<script type=\"application\/ld+json\" class=\"yoast-schema-graph\">{\"@context\":\"https:\\\/\\\/schema.org\",\"@graph\":[{\"@type\":\"Article\",\"@id\":\"https:\\\/\\\/cardamomo.com\\\/es\\\/espectaculo-flamenco-invitado-especial-antonio-canales\\\/#article\",\"isPartOf\":{\"@id\":\"https:\\\/\\\/cardamomo.com\\\/es\\\/espectaculo-flamenco-invitado-especial-antonio-canales\\\/\"},\"author\":{\"name\":\"admin_cardamomo\",\"@id\":\"https:\\\/\\\/cardamomo.com\\\/es\\\/#\\\/schema\\\/person\\\/abfbca965cbb188c4c46a0520d55dbaf\"},\"headline\":\"Antonio Canales: Invitado de lujo en marzo.\",\"datePublished\":\"2019-02-12T09:41:26+00:00\",\"dateModified\":\"2025-12-11T12:19:08+00:00\",\"mainEntityOfPage\":{\"@id\":\"https:\\\/\\\/cardamomo.com\\\/es\\\/espectaculo-flamenco-invitado-especial-antonio-canales\\\/\"},\"wordCount\":3174,\"commentCount\":0,\"image\":{\"@id\":\"https:\\\/\\\/cardamomo.com\\\/es\\\/espectaculo-flamenco-invitado-especial-antonio-canales\\\/#primaryimage\"},\"thumbnailUrl\":\"https:\\\/\\\/cardamomo.ams3.digitaloceanspaces.com\\\/wp-content\\\/uploads\\\/2019\\\/02\\\/15115051\\\/4820-1-scaled-1.jpg\",\"articleSection\":[\"Voces del Flamenco\"],\"inLanguage\":\"es\",\"potentialAction\":[{\"@type\":\"CommentAction\",\"name\":\"Comment\",\"target\":[\"https:\\\/\\\/cardamomo.com\\\/es\\\/espectaculo-flamenco-invitado-especial-antonio-canales\\\/#respond\"]}]},{\"@type\":\"WebPage\",\"@id\":\"https:\\\/\\\/cardamomo.com\\\/es\\\/espectaculo-flamenco-invitado-especial-antonio-canales\\\/\",\"url\":\"https:\\\/\\\/cardamomo.com\\\/es\\\/espectaculo-flamenco-invitado-especial-antonio-canales\\\/\",\"name\":\"Antonio Canales en Cardamomo tablao flamenco Madrid\",\"isPartOf\":{\"@id\":\"https:\\\/\\\/cardamomo.com\\\/es\\\/#website\"},\"primaryImageOfPage\":{\"@id\":\"https:\\\/\\\/cardamomo.com\\\/es\\\/espectaculo-flamenco-invitado-especial-antonio-canales\\\/#primaryimage\"},\"image\":{\"@id\":\"https:\\\/\\\/cardamomo.com\\\/es\\\/espectaculo-flamenco-invitado-especial-antonio-canales\\\/#primaryimage\"},\"thumbnailUrl\":\"https:\\\/\\\/cardamomo.ams3.digitaloceanspaces.com\\\/wp-content\\\/uploads\\\/2019\\\/02\\\/15115051\\\/4820-1-scaled-1.jpg\",\"datePublished\":\"2019-02-12T09:41:26+00:00\",\"dateModified\":\"2025-12-11T12:19:08+00:00\",\"author\":{\"@id\":\"https:\\\/\\\/cardamomo.com\\\/es\\\/#\\\/schema\\\/person\\\/abfbca965cbb188c4c46a0520d55dbaf\"},\"description\":\"El bailaor flamenco Antonio Canales, de reconocido prestigio internacional actuar\u00e1 en Cardamomo tablao flamenco Madrid los d\u00edas 3 y 4 de mayo\",\"breadcrumb\":{\"@id\":\"https:\\\/\\\/cardamomo.com\\\/es\\\/espectaculo-flamenco-invitado-especial-antonio-canales\\\/#breadcrumb\"},\"inLanguage\":\"es\",\"potentialAction\":[{\"@type\":\"ReadAction\",\"target\":[[\"https:\\\/\\\/cardamomo.com\\\/es\\\/espectaculo-flamenco-invitado-especial-antonio-canales\\\/\"]]}]},{\"@type\":\"ImageObject\",\"inLanguage\":\"es\",\"@id\":\"https:\\\/\\\/cardamomo.com\\\/es\\\/espectaculo-flamenco-invitado-especial-antonio-canales\\\/#primaryimage\",\"url\":\"https:\\\/\\\/cardamomo.ams3.digitaloceanspaces.com\\\/wp-content\\\/uploads\\\/2019\\\/02\\\/15115051\\\/4820-1-scaled-1.jpg\",\"contentUrl\":\"https:\\\/\\\/cardamomo.ams3.digitaloceanspaces.com\\\/wp-content\\\/uploads\\\/2019\\\/02\\\/15115051\\\/4820-1-scaled-1.jpg\",\"width\":2560,\"height\":1438},{\"@type\":\"BreadcrumbList\",\"@id\":\"https:\\\/\\\/cardamomo.com\\\/es\\\/espectaculo-flamenco-invitado-especial-antonio-canales\\\/#breadcrumb\",\"itemListElement\":[{\"@type\":\"ListItem\",\"position\":1,\"name\":\"Cardamomo\",\"item\":\"https:\\\/\\\/cardamomo.com\\\/es\\\/\"},{\"@type\":\"ListItem\",\"position\":2,\"name\":\"Antonio Canales: Invitado de lujo en marzo.\"}]},{\"@type\":\"WebSite\",\"@id\":\"https:\\\/\\\/cardamomo.com\\\/es\\\/#website\",\"url\":\"https:\\\/\\\/cardamomo.com\\\/es\\\/\",\"name\":\"Cardamomo Flamenco Madrid\",\"description\":\"\",\"potentialAction\":[{\"@type\":\"SearchAction\",\"target\":{\"@type\":\"EntryPoint\",\"urlTemplate\":\"https:\\\/\\\/cardamomo.com\\\/es\\\/?s={search_term_string}\"},\"query-input\":{\"@type\":\"PropertyValueSpecification\",\"valueRequired\":true,\"valueName\":\"search_term_string\"}}],\"inLanguage\":\"es\"},{\"@type\":\"Person\",\"@id\":\"https:\\\/\\\/cardamomo.com\\\/es\\\/#\\\/schema\\\/person\\\/abfbca965cbb188c4c46a0520d55dbaf\",\"name\":\"admin_cardamomo\",\"image\":{\"@type\":\"ImageObject\",\"inLanguage\":\"es\",\"@id\":\"https:\\\/\\\/secure.gravatar.com\\\/avatar\\\/74390b26a5e2b464e9c76f16c1e1a834a96863be28dd8c65644a4f9d210168b3?s=96&d=mm&r=g\",\"url\":\"https:\\\/\\\/secure.gravatar.com\\\/avatar\\\/74390b26a5e2b464e9c76f16c1e1a834a96863be28dd8c65644a4f9d210168b3?s=96&d=mm&r=g\",\"contentUrl\":\"https:\\\/\\\/secure.gravatar.com\\\/avatar\\\/74390b26a5e2b464e9c76f16c1e1a834a96863be28dd8c65644a4f9d210168b3?s=96&d=mm&r=g\",\"caption\":\"admin_cardamomo\"},\"sameAs\":[\"http:\\\/\\\/pro.cardamomo.com\"],\"url\":\"https:\\\/\\\/cardamomo.com\\\/es\\\/author\\\/admin_cardamomo\\\/\"}]}<\/script>\n<!-- \/ Yoast SEO plugin. -->","yoast_head_json":{"title":"Antonio Canales en Cardamomo tablao flamenco Madrid","description":"El bailaor flamenco Antonio Canales, de reconocido prestigio internacional actuar\u00e1 en Cardamomo tablao flamenco Madrid los d\u00edas 3 y 4 de mayo","robots":{"index":"index","follow":"follow","max-snippet":"max-snippet:-1","max-image-preview":"max-image-preview:large","max-video-preview":"max-video-preview:-1"},"canonical":"\/","og_locale":"es_ES","og_type":"article","og_title":"Antonio Canales en Cardamomo tablao flamenco Madrid","og_description":"El bailaor flamenco Antonio Canales, de reconocido prestigio internacional actuar\u00e1 en Cardamomo tablao flamenco Madrid los d\u00edas 3 y 4 de mayo","og_url":"https:\/\/cardamomo.com\/es\/espectaculo-flamenco-invitado-especial-antonio-canales\/","og_site_name":"Cardamomo Flamenco Madrid","article_published_time":"2019-02-12T09:41:26+00:00","article_modified_time":"2025-12-11T12:19:08+00:00","og_image":[{"width":2560,"height":1438,"url":"https:\/\/cardamomo.ams3.digitaloceanspaces.com\/wp-content\/uploads\/2019\/02\/15115051\/4820-1-scaled-1.jpg","type":"image\/jpeg"}],"author":"admin_cardamomo","twitter_card":"summary_large_image","twitter_misc":{"Escrito por":"admin_cardamomo","Tiempo de lectura":"2 minutos"},"schema":{"@context":"https:\/\/schema.org","@graph":[{"@type":"Article","@id":"https:\/\/cardamomo.com\/es\/espectaculo-flamenco-invitado-especial-antonio-canales\/#article","isPartOf":{"@id":"https:\/\/cardamomo.com\/es\/espectaculo-flamenco-invitado-especial-antonio-canales\/"},"author":{"name":"admin_cardamomo","@id":"https:\/\/cardamomo.com\/es\/#\/schema\/person\/abfbca965cbb188c4c46a0520d55dbaf"},"headline":"Antonio Canales: Invitado de lujo en marzo.","datePublished":"2019-02-12T09:41:26+00:00","dateModified":"2025-12-11T12:19:08+00:00","mainEntityOfPage":{"@id":"https:\/\/cardamomo.com\/es\/espectaculo-flamenco-invitado-especial-antonio-canales\/"},"wordCount":3174,"commentCount":0,"image":{"@id":"https:\/\/cardamomo.com\/es\/espectaculo-flamenco-invitado-especial-antonio-canales\/#primaryimage"},"thumbnailUrl":"https:\/\/cardamomo.ams3.digitaloceanspaces.com\/wp-content\/uploads\/2019\/02\/15115051\/4820-1-scaled-1.jpg","articleSection":["Voces del Flamenco"],"inLanguage":"es","potentialAction":[{"@type":"CommentAction","name":"Comment","target":["https:\/\/cardamomo.com\/es\/espectaculo-flamenco-invitado-especial-antonio-canales\/#respond"]}]},{"@type":"WebPage","@id":"https:\/\/cardamomo.com\/es\/espectaculo-flamenco-invitado-especial-antonio-canales\/","url":"https:\/\/cardamomo.com\/es\/espectaculo-flamenco-invitado-especial-antonio-canales\/","name":"Antonio Canales en Cardamomo tablao flamenco Madrid","isPartOf":{"@id":"https:\/\/cardamomo.com\/es\/#website"},"primaryImageOfPage":{"@id":"https:\/\/cardamomo.com\/es\/espectaculo-flamenco-invitado-especial-antonio-canales\/#primaryimage"},"image":{"@id":"https:\/\/cardamomo.com\/es\/espectaculo-flamenco-invitado-especial-antonio-canales\/#primaryimage"},"thumbnailUrl":"https:\/\/cardamomo.ams3.digitaloceanspaces.com\/wp-content\/uploads\/2019\/02\/15115051\/4820-1-scaled-1.jpg","datePublished":"2019-02-12T09:41:26+00:00","dateModified":"2025-12-11T12:19:08+00:00","author":{"@id":"https:\/\/cardamomo.com\/es\/#\/schema\/person\/abfbca965cbb188c4c46a0520d55dbaf"},"description":"El bailaor flamenco Antonio Canales, de reconocido prestigio internacional actuar\u00e1 en Cardamomo tablao flamenco Madrid los d\u00edas 3 y 4 de mayo","breadcrumb":{"@id":"https:\/\/cardamomo.com\/es\/espectaculo-flamenco-invitado-especial-antonio-canales\/#breadcrumb"},"inLanguage":"es","potentialAction":[{"@type":"ReadAction","target":[["https:\/\/cardamomo.com\/es\/espectaculo-flamenco-invitado-especial-antonio-canales\/"]]}]},{"@type":"ImageObject","inLanguage":"es","@id":"https:\/\/cardamomo.com\/es\/espectaculo-flamenco-invitado-especial-antonio-canales\/#primaryimage","url":"https:\/\/cardamomo.ams3.digitaloceanspaces.com\/wp-content\/uploads\/2019\/02\/15115051\/4820-1-scaled-1.jpg","contentUrl":"https:\/\/cardamomo.ams3.digitaloceanspaces.com\/wp-content\/uploads\/2019\/02\/15115051\/4820-1-scaled-1.jpg","width":2560,"height":1438},{"@type":"BreadcrumbList","@id":"https:\/\/cardamomo.com\/es\/espectaculo-flamenco-invitado-especial-antonio-canales\/#breadcrumb","itemListElement":[{"@type":"ListItem","position":1,"name":"Cardamomo","item":"https:\/\/cardamomo.com\/es\/"},{"@type":"ListItem","position":2,"name":"Antonio Canales: Invitado de lujo en marzo."}]},{"@type":"WebSite","@id":"https:\/\/cardamomo.com\/es\/#website","url":"https:\/\/cardamomo.com\/es\/","name":"Cardamomo Flamenco Madrid","description":"","potentialAction":[{"@type":"SearchAction","target":{"@type":"EntryPoint","urlTemplate":"https:\/\/cardamomo.com\/es\/?s={search_term_string}"},"query-input":{"@type":"PropertyValueSpecification","valueRequired":true,"valueName":"search_term_string"}}],"inLanguage":"es"},{"@type":"Person","@id":"https:\/\/cardamomo.com\/es\/#\/schema\/person\/abfbca965cbb188c4c46a0520d55dbaf","name":"admin_cardamomo","image":{"@type":"ImageObject","inLanguage":"es","@id":"https:\/\/secure.gravatar.com\/avatar\/74390b26a5e2b464e9c76f16c1e1a834a96863be28dd8c65644a4f9d210168b3?s=96&d=mm&r=g","url":"https:\/\/secure.gravatar.com\/avatar\/74390b26a5e2b464e9c76f16c1e1a834a96863be28dd8c65644a4f9d210168b3?s=96&d=mm&r=g","contentUrl":"https:\/\/secure.gravatar.com\/avatar\/74390b26a5e2b464e9c76f16c1e1a834a96863be28dd8c65644a4f9d210168b3?s=96&d=mm&r=g","caption":"admin_cardamomo"},"sameAs":["http:\/\/pro.cardamomo.com"],"url":"https:\/\/cardamomo.com\/es\/author\/admin_cardamomo\/"}]}},"_links":{"self":[{"href":"https:\/\/cardamomo.com\/es\/wp-json\/wp\/v2\/posts\/57470","targetHints":{"allow":["GET"]}}],"collection":[{"href":"https:\/\/cardamomo.com\/es\/wp-json\/wp\/v2\/posts"}],"about":[{"href":"https:\/\/cardamomo.com\/es\/wp-json\/wp\/v2\/types\/post"}],"author":[{"embeddable":true,"href":"https:\/\/cardamomo.com\/es\/wp-json\/wp\/v2\/users\/1"}],"replies":[{"embeddable":true,"href":"https:\/\/cardamomo.com\/es\/wp-json\/wp\/v2\/comments?post=57470"}],"version-history":[{"count":1,"href":"https:\/\/cardamomo.com\/es\/wp-json\/wp\/v2\/posts\/57470\/revisions"}],"predecessor-version":[{"id":158124,"href":"https:\/\/cardamomo.com\/es\/wp-json\/wp\/v2\/posts\/57470\/revisions\/158124"}],"wp:featuredmedia":[{"embeddable":true,"href":"https:\/\/cardamomo.com\/es\/wp-json\/wp\/v2\/media\/76433"}],"wp:attachment":[{"href":"https:\/\/cardamomo.com\/es\/wp-json\/wp\/v2\/media?parent=57470"}],"wp:term":[{"taxonomy":"category","embeddable":true,"href":"https:\/\/cardamomo.com\/es\/wp-json\/wp\/v2\/categories?post=57470"},{"taxonomy":"post_tag","embeddable":true,"href":"https:\/\/cardamomo.com\/es\/wp-json\/wp\/v2\/tags?post=57470"}],"curies":[{"name":"wp","href":"https:\/\/api.w.org\/{rel}","templated":true}]}}