{"id":158776,"date":"2026-03-30T11:27:41","date_gmt":"2026-03-30T09:27:41","guid":{"rendered":"https:\/\/cardamomo.com\/es\/?p=158776"},"modified":"2026-03-31T15:13:25","modified_gmt":"2026-03-31T13:13:25","slug":"planes-originales-en-semana-santa-en-madrid","status":"publish","type":"post","link":"https:\/\/cardamomo.com\/es\/planes-semana-santa-madrid\/","title":{"rendered":"Planes originales en Semana Santa en Madrid"},"content":{"rendered":"<p><span style=\"font-weight: 400;\">La primavera transforma la capital y, con ella, surge la eterna pregunta sobre qu\u00e9 hacer en Madrid en Semana Santa. A diferencia de lo que muchos piensan de las grandes urbes, <\/span><b>la ciudad no se vac\u00eda ni se detiene, sino que ofrece una cara completamente distinta.<\/b><\/p>\n<p><span style=\"font-weight: 400;\">Dependiendo de cu\u00e1ndo es Semana Santa en el calendario, las calles se llenan de un ambiente vibrante que mezcla la devoci\u00f3n m\u00e1s solemne con las ganas de disfrutar de los primeros d\u00edas de buen tiempo.<\/span><\/p>\n<p><span style=\"font-weight: 400;\">Si est\u00e1s organizando tu agenda y buscas planes para Semana Santa que vayan m\u00e1s all\u00e1 de lo habitual, est\u00e1s en el lugar indicado. Aqu\u00ed te ayudaremos a dise\u00f1ar el mejor plan Semana Santa en Madrid sin caer en los t\u00f3picos aburridos de siempre.<\/span><\/p>\n<h2><b>Qu\u00e9 hacer en Madrid en estas fechas<\/b><\/h2>\n<p><span style=\"font-weight: 400;\">Organizar unos d\u00edas perfectos en la ciudad requiere equilibrar la tradici\u00f3n con el ocio. Madrid en estas fechas es un contraste maravilloso, y para exprimir la ciudad al m\u00e1ximo, tu itinerario deber\u00eda tocar estos tres puntos b\u00e1sicos:<\/span><\/p>\n<ul>\n<li style=\"font-weight: 400;\" aria-level=\"1\"><b>Procesiones semana santa:<\/b><span style=\"font-weight: 400;\"> Las calles del centro hist\u00f3rico acogen pasos sobrecogedores. <\/span><b>El contraste entre el silencio respetuoso de la procesi\u00f3n y el ambiente animado de las tabernas cercanas es algo que debes experimentar<\/b><span style=\"font-weight: 400;\"> al menos una vez en la vida, seas o no creyente.<\/span><\/li>\n<li style=\"font-weight: 400;\" aria-level=\"1\"><b>Experiencia gastron\u00f3mica:<\/b><span style=\"font-weight: 400;\"> No hay festividad sin su bocado tradicional. Es la excusa perfecta para hacer una ruta por las pasteler\u00edas centenarias probando torrijas y bu\u00f1uelos, o sentarte a disfrutar de un buen potaje de vigilia y los cl\u00e1sicos bocados de bacalao rebozado.<\/span><\/li>\n<li style=\"font-weight: 400;\" aria-level=\"1\"><b>Actividades culturales:<\/b><span style=\"font-weight: 400;\"> La ciudad no pisa el freno en ning\u00fan momento. La oferta de espect\u00e1culos en Madrid en Semana Santa es inabarcable, abarcando desde ciclos de m\u00fasica sacra en iglesias hist\u00f3ricas hasta las mejores obras de teatro y m\u00fasica en directo en la Gran V\u00eda y alrededores.<\/span><\/li>\n<\/ul>\n<h2><b>Los 3 Planes culturales para Semana Santa en Madrid<\/b><\/h2>\n<p><span style=\"font-weight: 400;\">Si ya te has dejado llevar por las calles del centro y te apetece nutrir un poco el alma con propuestas diferentes, aqu\u00ed tienes los tres planes semana santa m\u00e1s enriquecedores para tu escapada:<\/span><\/p>\n<h3><b>Museos y exposiciones especiales<\/b><\/h3>\n<p><span style=\"font-weight: 400;\">El conocido Tri\u00e1ngulo del Arte (compuesto por el Museo del Prado, el Reina Sof\u00eda y el Thyssen) suele adaptar sus horarios para acoger al turismo de estos d\u00edas. Es el momento ideal para perderte por sus galer\u00edas con calma.\u00a0<\/span><\/p>\n<p><span style=\"font-weight: 400;\">Adem\u00e1s, <\/span><b>espacios contempor\u00e1neos como Matadero o el C\u00edrculo de Bellas Artes siempre sorprenden con exposiciones temporales que rompen los esquemas tradicionales.<\/b><\/p>\n<h3><b>Rutas por el centro hist\u00f3rico<\/b><\/h3>\n<p><span style=\"font-weight: 400;\">La mejor manera de descubrir los secretos que esconden los edificios de la capital. Ap\u00fantate a una visita guiada o dise\u00f1a tu propio paseo por el Madrid de los Austrias y el Barrio de las Letras.\u00a0<\/span><\/p>\n<p><b>Caminar por las mismas calles<\/b><span style=\"font-weight: 400;\"> que pisaron los grandes escritores del Siglo de Oro mientras el olor a incienso flota en el ambiente <\/span><b>es una experiencia inmersiva que te transporta varios siglos atr\u00e1s.<\/b><\/p>\n<h3><b>Espect\u00e1culo de Saetas Flamencas<\/b><\/h3>\n<p><span style=\"font-weight: 400;\">Para cerrar el d\u00eda con una emoci\u00f3n inolvidable, te proponemos sumergirte en una aut\u00e9ntica experiencia flamenca. Durante esta \u00e9poca tan se\u00f1alada, <\/span><b>el cante jondo rinde su particular homenaje a la festividad a trav\u00e9s de las saetas, un cante a capela desgarrador y profundo que requiere una t\u00e9cnica vocal extraordinaria.<\/b><\/p>\n<p><span style=\"font-weight: 400;\">En Cardamomo preparamos nuestro escenario para estos d\u00edas con una programaci\u00f3n especial, donde la tradici\u00f3n se respira en cada detalle y el comp\u00e1s late con m\u00e1s fuerza que nunca. Si quieres vivir de verdad el duende de la Semana Santa y dejarte llevar por una noche que eriza la piel, te animamos a echar un vistazo a nuestra cartelera y asegurar tu lugar para disfrutar del <\/span><a href=\"https:\/\/cardamomo.com\/es\/show\/semana-santa-en-cardamomo\/\"><span style=\"font-weight: 400;\">flamenco en Semana Santa<\/span><\/a><span style=\"font-weight: 400;\"> antes de que se agoten las entradas.<\/span><\/p>","protected":false},"excerpt":{"rendered":"La primavera transforma la capital y, con ella, surge la eterna pregunta sobre qu\u00e9 hacer en Madrid en Semana Santa. A diferencia de lo que muchos piensan de las grandes urbes, la ciudad no se vac\u00eda ni se detiene, sino que ofrece una cara completamente distinta. Dependiendo de cu\u00e1ndo es Semana Santa en el calendario,&#8230;","protected":false},"author":7,"featured_media":158780,"comment_status":"closed","ping_status":"closed","sticky":false,"template":"","format":"standard","meta":{"_acf_changed":false,"inline_featured_image":false,"footnotes":""},"categories":[7],"tags":[],"class_list":["post-158776","post","type-post","status-publish","format-standard","has-post-thumbnail","hentry","category-avance-de-espectaculos"],"acf":[],"yoast_head":"<!-- This site is optimized with the Yoast SEO plugin v27.4 - https:\/\/yoast.com\/product\/yoast-seo-wordpress\/ -->\n<title>Planes en Semana Santa en Madrid: ideas originales<\/title>\n<meta name=\"description\" content=\"Descubre qu\u00e9 hacer en Madrid en Semana Santa con planes originales, cultura, procesiones y espect\u00e1culos \u00fanicos como el flamenco en directo.\" \/>\n<meta name=\"robots\" content=\"index, follow, max-snippet:-1, max-image-preview:large, max-video-preview:-1\" \/>\n<link rel=\"canonical\" href=\"\/\" \/>\n<meta property=\"og:locale\" content=\"es_ES\" \/>\n<meta property=\"og:type\" content=\"article\" \/>\n<meta property=\"og:title\" content=\"Planes en Semana Santa en Madrid: ideas originales\" \/>\n<meta property=\"og:description\" content=\"Descubre qu\u00e9 hacer en Madrid en Semana Santa con planes originales, cultura, procesiones y espect\u00e1culos \u00fanicos como el flamenco en directo.\" \/>\n<meta property=\"og:url\" content=\"https:\/\/cardamomo.com\/es\/planes-semana-santa-madrid\/\" \/>\n<meta property=\"og:site_name\" content=\"Cardamomo Flamenco Madrid\" \/>\n<meta property=\"article:published_time\" content=\"2026-03-30T09:27:41+00:00\" \/>\n<meta property=\"article:modified_time\" content=\"2026-03-31T13:13:25+00:00\" \/>\n<meta property=\"og:image\" content=\"https:\/\/cardamomo.ams3.digitaloceanspaces.com\/wp-content\/uploads\/2026\/03\/30112443\/pexels-sebastian-valencia-pineda-111153627-20895381-scaled.webp\" \/>\n\t<meta property=\"og:image:width\" content=\"2560\" \/>\n\t<meta property=\"og:image:height\" content=\"2335\" \/>\n\t<meta property=\"og:image:type\" content=\"image\/webp\" \/>\n<meta name=\"author\" content=\"Miguel Blanco\" \/>\n<meta name=\"twitter:card\" content=\"summary_large_image\" \/>\n<meta name=\"twitter:label1\" content=\"Escrito por\" \/>\n\t<meta name=\"twitter:data1\" content=\"Miguel Blanco\" \/>\n\t<meta name=\"twitter:label2\" content=\"Tiempo de lectura\" \/>\n\t<meta name=\"twitter:data2\" content=\"4 minutos\" \/>\n<script type=\"application\/ld+json\" class=\"yoast-schema-graph\">{\"@context\":\"https:\\\/\\\/schema.org\",\"@graph\":[{\"@type\":\"Article\",\"@id\":\"https:\\\/\\\/cardamomo.com\\\/es\\\/planes-semana-santa-madrid\\\/#article\",\"isPartOf\":{\"@id\":\"https:\\\/\\\/cardamomo.com\\\/es\\\/planes-semana-santa-madrid\\\/\"},\"author\":{\"name\":\"Miguel Blanco\",\"@id\":\"https:\\\/\\\/cardamomo.com\\\/es\\\/#\\\/schema\\\/person\\\/e0d7e554980e9e4c3891b69734cf9df9\"},\"headline\":\"Planes originales en Semana Santa en Madrid\",\"datePublished\":\"2026-03-30T09:27:41+00:00\",\"dateModified\":\"2026-03-31T13:13:25+00:00\",\"mainEntityOfPage\":{\"@id\":\"https:\\\/\\\/cardamomo.com\\\/es\\\/planes-semana-santa-madrid\\\/\"},\"wordCount\":6551,\"image\":{\"@id\":\"https:\\\/\\\/cardamomo.com\\\/es\\\/planes-semana-santa-madrid\\\/#primaryimage\"},\"thumbnailUrl\":\"https:\\\/\\\/cardamomo.ams3.digitaloceanspaces.com\\\/wp-content\\\/uploads\\\/2026\\\/03\\\/30112443\\\/pexels-sebastian-valencia-pineda-111153627-20895381-scaled.webp\",\"articleSection\":[\"Experiencia Flamenca\"],\"inLanguage\":\"es\"},{\"@type\":\"WebPage\",\"@id\":\"https:\\\/\\\/cardamomo.com\\\/es\\\/planes-semana-santa-madrid\\\/\",\"url\":\"https:\\\/\\\/cardamomo.com\\\/es\\\/planes-semana-santa-madrid\\\/\",\"name\":\"Planes en Semana Santa en Madrid: ideas originales\",\"isPartOf\":{\"@id\":\"https:\\\/\\\/cardamomo.com\\\/es\\\/#website\"},\"primaryImageOfPage\":{\"@id\":\"https:\\\/\\\/cardamomo.com\\\/es\\\/planes-semana-santa-madrid\\\/#primaryimage\"},\"image\":{\"@id\":\"https:\\\/\\\/cardamomo.com\\\/es\\\/planes-semana-santa-madrid\\\/#primaryimage\"},\"thumbnailUrl\":\"https:\\\/\\\/cardamomo.ams3.digitaloceanspaces.com\\\/wp-content\\\/uploads\\\/2026\\\/03\\\/30112443\\\/pexels-sebastian-valencia-pineda-111153627-20895381-scaled.webp\",\"datePublished\":\"2026-03-30T09:27:41+00:00\",\"dateModified\":\"2026-03-31T13:13:25+00:00\",\"author\":{\"@id\":\"https:\\\/\\\/cardamomo.com\\\/es\\\/#\\\/schema\\\/person\\\/e0d7e554980e9e4c3891b69734cf9df9\"},\"description\":\"Descubre qu\u00e9 hacer en Madrid en Semana Santa con planes originales, cultura, procesiones y espect\u00e1culos \u00fanicos como el flamenco en directo.\",\"breadcrumb\":{\"@id\":\"https:\\\/\\\/cardamomo.com\\\/es\\\/planes-semana-santa-madrid\\\/#breadcrumb\"},\"inLanguage\":\"es\",\"potentialAction\":[{\"@type\":\"ReadAction\",\"target\":[[\"https:\\\/\\\/cardamomo.com\\\/es\\\/planes-semana-santa-madrid\\\/\"]]}]},{\"@type\":\"ImageObject\",\"inLanguage\":\"es\",\"@id\":\"https:\\\/\\\/cardamomo.com\\\/es\\\/planes-semana-santa-madrid\\\/#primaryimage\",\"url\":\"https:\\\/\\\/cardamomo.ams3.digitaloceanspaces.com\\\/wp-content\\\/uploads\\\/2026\\\/03\\\/30112443\\\/pexels-sebastian-valencia-pineda-111153627-20895381-scaled.webp\",\"contentUrl\":\"https:\\\/\\\/cardamomo.ams3.digitaloceanspaces.com\\\/wp-content\\\/uploads\\\/2026\\\/03\\\/30112443\\\/pexels-sebastian-valencia-pineda-111153627-20895381-scaled.webp\",\"width\":2560,\"height\":2335,\"caption\":\"Fotograf\u00eda de una procesi\u00f3n de Semana Santa en una calle hist\u00f3rica de Madrid con edificios cl\u00e1sicos. En primer plano, dos nazarenos con capirotes blancos y capas rojas. El de la izquierda porta un gran crucifijo de madera. El de la derecha lleva un cetro met\u00e1lico coronado con un relicario de cristal rosa. Una multitud de espectadores observa desde las aceras.\"},{\"@type\":\"BreadcrumbList\",\"@id\":\"https:\\\/\\\/cardamomo.com\\\/es\\\/planes-semana-santa-madrid\\\/#breadcrumb\",\"itemListElement\":[{\"@type\":\"ListItem\",\"position\":1,\"name\":\"Cardamomo\",\"item\":\"https:\\\/\\\/cardamomo.com\\\/es\\\/\"},{\"@type\":\"ListItem\",\"position\":2,\"name\":\"Planes Semana Santa Madrid\"}]},{\"@type\":\"WebSite\",\"@id\":\"https:\\\/\\\/cardamomo.com\\\/es\\\/#website\",\"url\":\"https:\\\/\\\/cardamomo.com\\\/es\\\/\",\"name\":\"Cardamomo Flamenco Madrid\",\"description\":\"\",\"potentialAction\":[{\"@type\":\"SearchAction\",\"target\":{\"@type\":\"EntryPoint\",\"urlTemplate\":\"https:\\\/\\\/cardamomo.com\\\/es\\\/?s={search_term_string}\"},\"query-input\":{\"@type\":\"PropertyValueSpecification\",\"valueRequired\":true,\"valueName\":\"search_term_string\"}}],\"inLanguage\":\"es\"},{\"@type\":\"Person\",\"@id\":\"https:\\\/\\\/cardamomo.com\\\/es\\\/#\\\/schema\\\/person\\\/e0d7e554980e9e4c3891b69734cf9df9\",\"name\":\"Miguel Blanco\",\"image\":{\"@type\":\"ImageObject\",\"inLanguage\":\"es\",\"@id\":\"https:\\\/\\\/secure.gravatar.com\\\/avatar\\\/3a4fd323466f9b49f157b5319a986d31f99b5aaa4c36c56dc42e1153ae2c11da?s=96&d=mm&r=g\",\"url\":\"https:\\\/\\\/secure.gravatar.com\\\/avatar\\\/3a4fd323466f9b49f157b5319a986d31f99b5aaa4c36c56dc42e1153ae2c11da?s=96&d=mm&r=g\",\"contentUrl\":\"https:\\\/\\\/secure.gravatar.com\\\/avatar\\\/3a4fd323466f9b49f157b5319a986d31f99b5aaa4c36c56dc42e1153ae2c11da?s=96&d=mm&r=g\",\"caption\":\"Miguel Blanco\"},\"url\":\"https:\\\/\\\/cardamomo.com\\\/es\\\/author\\\/miguel\\\/\"}]}<\/script>\n<!-- \/ Yoast SEO plugin. -->","yoast_head_json":{"title":"Planes en Semana Santa en Madrid: ideas originales","description":"Descubre qu\u00e9 hacer en Madrid en Semana Santa con planes originales, cultura, procesiones y espect\u00e1culos \u00fanicos como el flamenco en directo.","robots":{"index":"index","follow":"follow","max-snippet":"max-snippet:-1","max-image-preview":"max-image-preview:large","max-video-preview":"max-video-preview:-1"},"canonical":"\/","og_locale":"es_ES","og_type":"article","og_title":"Planes en Semana Santa en Madrid: ideas originales","og_description":"Descubre qu\u00e9 hacer en Madrid en Semana Santa con planes originales, cultura, procesiones y espect\u00e1culos \u00fanicos como el flamenco en directo.","og_url":"https:\/\/cardamomo.com\/es\/planes-semana-santa-madrid\/","og_site_name":"Cardamomo Flamenco Madrid","article_published_time":"2026-03-30T09:27:41+00:00","article_modified_time":"2026-03-31T13:13:25+00:00","og_image":[{"width":2560,"height":2335,"url":"https:\/\/cardamomo.ams3.digitaloceanspaces.com\/wp-content\/uploads\/2026\/03\/30112443\/pexels-sebastian-valencia-pineda-111153627-20895381-scaled.webp","type":"image\/webp"}],"author":"Miguel Blanco","twitter_card":"summary_large_image","twitter_misc":{"Escrito por":"Miguel Blanco","Tiempo de lectura":"4 minutos"},"schema":{"@context":"https:\/\/schema.org","@graph":[{"@type":"Article","@id":"https:\/\/cardamomo.com\/es\/planes-semana-santa-madrid\/#article","isPartOf":{"@id":"https:\/\/cardamomo.com\/es\/planes-semana-santa-madrid\/"},"author":{"name":"Miguel Blanco","@id":"https:\/\/cardamomo.com\/es\/#\/schema\/person\/e0d7e554980e9e4c3891b69734cf9df9"},"headline":"Planes originales en Semana Santa en Madrid","datePublished":"2026-03-30T09:27:41+00:00","dateModified":"2026-03-31T13:13:25+00:00","mainEntityOfPage":{"@id":"https:\/\/cardamomo.com\/es\/planes-semana-santa-madrid\/"},"wordCount":6551,"image":{"@id":"https:\/\/cardamomo.com\/es\/planes-semana-santa-madrid\/#primaryimage"},"thumbnailUrl":"https:\/\/cardamomo.ams3.digitaloceanspaces.com\/wp-content\/uploads\/2026\/03\/30112443\/pexels-sebastian-valencia-pineda-111153627-20895381-scaled.webp","articleSection":["Experiencia Flamenca"],"inLanguage":"es"},{"@type":"WebPage","@id":"https:\/\/cardamomo.com\/es\/planes-semana-santa-madrid\/","url":"https:\/\/cardamomo.com\/es\/planes-semana-santa-madrid\/","name":"Planes en Semana Santa en Madrid: ideas originales","isPartOf":{"@id":"https:\/\/cardamomo.com\/es\/#website"},"primaryImageOfPage":{"@id":"https:\/\/cardamomo.com\/es\/planes-semana-santa-madrid\/#primaryimage"},"image":{"@id":"https:\/\/cardamomo.com\/es\/planes-semana-santa-madrid\/#primaryimage"},"thumbnailUrl":"https:\/\/cardamomo.ams3.digitaloceanspaces.com\/wp-content\/uploads\/2026\/03\/30112443\/pexels-sebastian-valencia-pineda-111153627-20895381-scaled.webp","datePublished":"2026-03-30T09:27:41+00:00","dateModified":"2026-03-31T13:13:25+00:00","author":{"@id":"https:\/\/cardamomo.com\/es\/#\/schema\/person\/e0d7e554980e9e4c3891b69734cf9df9"},"description":"Descubre qu\u00e9 hacer en Madrid en Semana Santa con planes originales, cultura, procesiones y espect\u00e1culos \u00fanicos como el flamenco en directo.","breadcrumb":{"@id":"https:\/\/cardamomo.com\/es\/planes-semana-santa-madrid\/#breadcrumb"},"inLanguage":"es","potentialAction":[{"@type":"ReadAction","target":[["https:\/\/cardamomo.com\/es\/planes-semana-santa-madrid\/"]]}]},{"@type":"ImageObject","inLanguage":"es","@id":"https:\/\/cardamomo.com\/es\/planes-semana-santa-madrid\/#primaryimage","url":"https:\/\/cardamomo.ams3.digitaloceanspaces.com\/wp-content\/uploads\/2026\/03\/30112443\/pexels-sebastian-valencia-pineda-111153627-20895381-scaled.webp","contentUrl":"https:\/\/cardamomo.ams3.digitaloceanspaces.com\/wp-content\/uploads\/2026\/03\/30112443\/pexels-sebastian-valencia-pineda-111153627-20895381-scaled.webp","width":2560,"height":2335,"caption":"Fotograf\u00eda de una procesi\u00f3n de Semana Santa en una calle hist\u00f3rica de Madrid con edificios cl\u00e1sicos. En primer plano, dos nazarenos con capirotes blancos y capas rojas. El de la izquierda porta un gran crucifijo de madera. El de la derecha lleva un cetro met\u00e1lico coronado con un relicario de cristal rosa. Una multitud de espectadores observa desde las aceras."},{"@type":"BreadcrumbList","@id":"https:\/\/cardamomo.com\/es\/planes-semana-santa-madrid\/#breadcrumb","itemListElement":[{"@type":"ListItem","position":1,"name":"Cardamomo","item":"https:\/\/cardamomo.com\/es\/"},{"@type":"ListItem","position":2,"name":"Planes Semana Santa Madrid"}]},{"@type":"WebSite","@id":"https:\/\/cardamomo.com\/es\/#website","url":"https:\/\/cardamomo.com\/es\/","name":"Cardamomo Flamenco Madrid","description":"","potentialAction":[{"@type":"SearchAction","target":{"@type":"EntryPoint","urlTemplate":"https:\/\/cardamomo.com\/es\/?s={search_term_string}"},"query-input":{"@type":"PropertyValueSpecification","valueRequired":true,"valueName":"search_term_string"}}],"inLanguage":"es"},{"@type":"Person","@id":"https:\/\/cardamomo.com\/es\/#\/schema\/person\/e0d7e554980e9e4c3891b69734cf9df9","name":"Miguel Blanco","image":{"@type":"ImageObject","inLanguage":"es","@id":"https:\/\/secure.gravatar.com\/avatar\/3a4fd323466f9b49f157b5319a986d31f99b5aaa4c36c56dc42e1153ae2c11da?s=96&d=mm&r=g","url":"https:\/\/secure.gravatar.com\/avatar\/3a4fd323466f9b49f157b5319a986d31f99b5aaa4c36c56dc42e1153ae2c11da?s=96&d=mm&r=g","contentUrl":"https:\/\/secure.gravatar.com\/avatar\/3a4fd323466f9b49f157b5319a986d31f99b5aaa4c36c56dc42e1153ae2c11da?s=96&d=mm&r=g","caption":"Miguel Blanco"},"url":"https:\/\/cardamomo.com\/es\/author\/miguel\/"}]}},"_links":{"self":[{"href":"https:\/\/cardamomo.com\/es\/wp-json\/wp\/v2\/posts\/158776","targetHints":{"allow":["GET"]}}],"collection":[{"href":"https:\/\/cardamomo.com\/es\/wp-json\/wp\/v2\/posts"}],"about":[{"href":"https:\/\/cardamomo.com\/es\/wp-json\/wp\/v2\/types\/post"}],"author":[{"embeddable":true,"href":"https:\/\/cardamomo.com\/es\/wp-json\/wp\/v2\/users\/7"}],"replies":[{"embeddable":true,"href":"https:\/\/cardamomo.com\/es\/wp-json\/wp\/v2\/comments?post=158776"}],"version-history":[{"count":6,"href":"https:\/\/cardamomo.com\/es\/wp-json\/wp\/v2\/posts\/158776\/revisions"}],"predecessor-version":[{"id":158817,"href":"https:\/\/cardamomo.com\/es\/wp-json\/wp\/v2\/posts\/158776\/revisions\/158817"}],"wp:featuredmedia":[{"embeddable":true,"href":"https:\/\/cardamomo.com\/es\/wp-json\/wp\/v2\/media\/158780"}],"wp:attachment":[{"href":"https:\/\/cardamomo.com\/es\/wp-json\/wp\/v2\/media?parent=158776"}],"wp:term":[{"taxonomy":"category","embeddable":true,"href":"https:\/\/cardamomo.com\/es\/wp-json\/wp\/v2\/categories?post=158776"},{"taxonomy":"post_tag","embeddable":true,"href":"https:\/\/cardamomo.com\/es\/wp-json\/wp\/v2\/tags?post=158776"}],"curies":[{"name":"wp","href":"https:\/\/api.w.org\/{rel}","templated":true}]}}