{"id":158615,"date":"2026-03-23T12:19:28","date_gmt":"2026-03-23T11:19:28","guid":{"rendered":"https:\/\/cardamomo.com\/es\/?p=158615"},"modified":"2026-03-23T12:19:28","modified_gmt":"2026-03-23T11:19:28","slug":"cantaores-flamencos-clave-de-los-anos-70","status":"publish","type":"post","link":"https:\/\/cardamomo.com\/en\/flamenco-cantaores-70s\/","title":{"rendered":"Key flamenco singers of the 70s"},"content":{"rendered":"<p><\/p>\n<p data-path-to-node=\"3\">Put yourself in the situation. Bell-bottom pants, a country about to change its history and a youth that was crying out to break the rules. In the midst of that cultural boiling, jondo art did not just stand by and watch. It exploded.<\/p>\n<p data-path-to-node=\"4\"><b data-path-to-node=\"4\" data-index-in-node=\"0\">The 70s decade was the Big Bang of our flamenco music. It was the time when cantaores stopped being seen as mere entertainers at private parties to become true stars<\/b> of rock, filling squares and theaters to the brim.<\/p>\n<p data-path-to-node=\"5\">But, let&#8217;s be honest, what would a singing genius be without the six strings that reply to them? An a cappella voice thrills, but when it joins the <a class=\"ng-star-inserted\" href=\"https:\/\/www.google.com\/search?q=https:\/\/cardamomo.com\/en\/mejores-guitarristas-flamencos\/&amp;authuser=2\" target=\"_blank\" rel=\"noopener\">best flamenco guitarists<\/a> of the time, the history of music is rewritten. In this magical decade, the voice and the strings created an invincible alliance.<\/p>\n<h2 data-path-to-node=\"6\"><b data-path-to-node=\"6\" data-index-in-node=\"0\">The context of flamenco in the 70s<\/b><\/h2>\n<p data-path-to-node=\"7\">To understand the magnitude of what happened, we must look at the context of the time.<\/p>\n<p data-path-to-node=\"8\"><b data-path-to-node=\"8\" data-index-in-node=\"0\">Spain was opening its doors to the world. Record players brought sounds of jazz, rock and Latin music. Instead of getting scared and hiding, the 70s flamenco cantaores decided to absorb everything.<\/b><\/p>\n<p data-path-to-node=\"9\"><b data-path-to-node=\"9\" data-index-in-node=\"0\">The great Andalusian festivals lived their golden age.<\/b> The early mornings became eternal. The singing took to the streets, became massive and, for the first time, the lyrics began to speak of freedom, of forbidden poets and of the real problems of the street.<\/p>\n<h2 data-path-to-node=\"10\"><b data-path-to-node=\"10\" data-index-in-node=\"0\">Flamenco cantaores of the 70s who marked an era<\/b><\/h2>\n<p data-path-to-node=\"11\">There were many names, but only a chosen few had the strength to change the course of history. They were pioneers, rebels and, above all, absolute geniuses.<\/p>\n<h3 data-path-to-node=\"12\"><b data-path-to-node=\"12\" data-index-in-node=\"0\">Camar\u00f3n de la Isla<\/b><\/h3>\n<p data-path-to-node=\"13\"><b data-path-to-node=\"13\" data-index-in-node=\"0\">If the 70s have a face, it is his.<\/b> Jos\u00e9 Monje Cruz <b data-path-to-node=\"13\" data-index-in-node=\"51\">not only sang; he tore the soul.<\/b> With his long hair and his unmistakable voice, <b data-path-to-node=\"13\" data-index-in-node=\"131\">he brought the singing closer to a whole new generation.<\/b> His album &#8220;La leyenda del tiempo&#8221;, published just at the end of the decade (1979), scandalized the purists, but today it is considered the Bible of modern Spanish music.<\/p>\n<h3 data-path-to-node=\"14\"><b data-path-to-node=\"14\" data-index-in-node=\"0\">Enrique Morente<\/b><\/h3>\n<p data-path-to-node=\"15\"><b data-path-to-node=\"15\" data-index-in-node=\"0\">The intellectual, the tireless seeker.<\/b> While others repeated the usual formulas, Morente dared to sing to poets like Miguel Hern\u00e1ndez or Federico Garc\u00eda Lorca. <b data-path-to-node=\"15\" data-index-in-node=\"160\">His ability to innovate without losing respect for the roots made him the great architect of contemporary singing.<\/b><\/p>\n<div id=\"attachment_158632\" style=\"width: 1034px\" class=\"wp-caption aligncenter\"><img loading=\"lazy\" decoding=\"async\" aria-describedby=\"caption-attachment-158632\" class=\"wp-image-158632 size-large\" src=\"https:\/\/cardamomo.ams3.digitaloceanspaces.com\/wp-content\/uploads\/2026\/03\/13152159\/cantaor-1024x682.jpeg\" alt=\"Retrato de Enrique Morente cantando en directo, capturando la intensidad y el sentimiento del arte jondo.\" width=\"1024\" height=\"682\" \/><p id=\"caption-attachment-158632\" class=\"wp-caption-text\">Morente: the echo that united purity and the avant-garde.<\/p><\/div>\n<h3 data-path-to-node=\"4\"><b data-path-to-node=\"4\" data-index-in-node=\"0\">Antonio Mairena<\/b><\/h3>\n<p data-path-to-node=\"5\">In the midst of so much revolution, a <b data-path-to-node=\"5\" data-index-in-node=\"38\">guardian of purity<\/b> was needed. Mairena was the great figure of authority. <b data-path-to-node=\"5\" data-index-in-node=\"112\">He dedicated his life to rescuing old styles that were about to be lost<\/b> and demonstrated that the strictest tradition could also draw deafening ovations.<\/p>\n<h3 data-path-to-node=\"6\"><b data-path-to-node=\"6\" data-index-in-node=\"0\">La Paquera de Jerez<\/b><\/h3>\n<p data-path-to-node=\"7\"><b data-path-to-node=\"7\" data-index-in-node=\"0\">Pure dynamite.<\/b> When Francisca M\u00e9ndez Garrido opened her mouth, microphones were not needed. She was <b data-path-to-node=\"7\" data-index-in-node=\"100\">the undisputed queen of buler\u00edas and the wildest voice in Jerez.<\/b> Her stage presence was a hurricane that devastated any stage she stepped on.<\/p>\n<h3 data-path-to-node=\"8\"><b data-path-to-node=\"8\" data-index-in-node=\"0\">El Lebrijano<\/b><\/h3>\n<p data-path-to-node=\"9\">Juan Pe\u00f1a &#8220;El Lebrijano&#8221; <b data-path-to-node=\"9\" data-index-in-node=\"25\">demonstrated that singing had no borders.<\/b> In the 70s he began to experiment, bringing his gypsy roots closer to Arabic and Andalusian sounds, creating musical bridges that no one had dared to cross until then.<\/p>\n<h3 data-path-to-node=\"10\"><b data-path-to-node=\"10\" data-index-in-node=\"0\">Fosforito<\/b><\/h3>\n<p data-path-to-node=\"11\"><b data-path-to-node=\"11\" data-index-in-node=\"0\">The master key to all styles.<\/b> After sweeping the most demanding competitions, in the 70s he <b data-path-to-node=\"11\" data-index-in-node=\"92\">established himself as an encyclopedic cantaor<\/b>, capable of executing any rhythm with a perfection and a profundity (jondura) that left his colleagues breathless.<\/p>\n<h3 data-path-to-node=\"12\"><b data-path-to-node=\"12\" data-index-in-node=\"0\">Terremoto de Jerez<\/b><\/h3>\n<p data-path-to-node=\"13\">He did not look for perfect tuning, he looked for the trance. Fernando Fern\u00e1ndez Monje was the &#8220;duende&#8221; in its purest state. <b data-path-to-node=\"13\" data-index-in-node=\"125\">His way of singing was so visceral and so improvised that every performance of his in this decade became an unrepeatable rite.<\/b><\/p>\n<h2 data-path-to-node=\"4\"><b data-path-to-node=\"4\" data-index-in-node=\"0\">How flamenco changed in this decade<\/b><\/h2>\n<p data-path-to-node=\"5\">The change was radical. <b data-path-to-node=\"5\" data-index-in-node=\"24\">Records began to sound different. New instruments were introduced, such as the electric bass and the first Peruvian cajones, which would change the rhythmic base forever.<\/b><\/p>\n<p data-path-to-node=\"6\">Furthermore, record covers were filled with art and color. The flamenco cantaores of 1970 showed that their music was not a simple memory of the past, but a fiercely alive and modern art.<\/p>\n<h2 data-path-to-node=\"7\"><b data-path-to-node=\"7\" data-index-in-node=\"0\">The legacy of the flamenco cantaores of the 70s<\/b><\/h2>\n<p data-path-to-node=\"8\">Today, everything we hear drinks from that source. <b data-path-to-node=\"8\" data-index-in-node=\"51\">Every time a young artist goes on stage, they carry in their throat a piece of Camar\u00f3n&#8217;s bravery, Mairena&#8217;s wisdom and Morente&#8217;s rebellion.<\/b><\/p>\n<p data-path-to-node=\"9\">The good news is that this fire has not gone out. That same raw and unfiltered strength is what we defend every night at the <a class=\"ng-star-inserted\" href=\"https:\/\/cardamomo.com\/en\/tablao-flamenco\/\" target=\"_blank\" rel=\"noopener\">tablao flamenco<\/a>.<\/p>\n<p><\/p>","protected":false},"excerpt":{"rendered":"Put yourself in the situation. Bell-bottom pants, a country about to change its history and a youth that was crying out to break the rules. In the midst of that cultural boiling, jondo art did not just stand by and watch. It exploded. The 70s decade was the Big Bang of our flamenco music. It&#8230;","protected":false},"author":7,"featured_media":158629,"comment_status":"closed","ping_status":"closed","sticky":false,"template":"","format":"standard","meta":{"_acf_changed":false,"inline_featured_image":false,"footnotes":""},"categories":[6],"tags":[],"class_list":["post-158615","post","type-post","status-publish","format-standard","has-post-thumbnail","hentry","category-artistas-cardamomo"],"acf":[],"yoast_head":"<!-- This site is optimized with the Yoast SEO plugin v27.4 - https:\/\/yoast.com\/product\/yoast-seo-wordpress\/ -->\n<title>Key flamenco cantaores of the 70s<\/title>\n<meta name=\"description\" content=\"Discover the flamenco cantaores of the 70s who transformed the genre and marked one of the most decisive decades of flamenco.\" \/>\n<meta name=\"robots\" content=\"index, follow, max-snippet:-1, max-image-preview:large, max-video-preview:-1\" \/>\n<link rel=\"canonical\" href=\"\/\" \/>\n<meta property=\"og:locale\" content=\"en_US\" \/>\n<meta property=\"og:type\" content=\"article\" \/>\n<meta property=\"og:title\" content=\"Key flamenco cantaores of the 70s\" \/>\n<meta property=\"og:description\" content=\"Discover the flamenco cantaores of the 70s who transformed the genre and marked one of the most decisive decades of flamenco.\" \/>\n<meta property=\"og:url\" content=\"https:\/\/cardamomo.com\/en\/cantaores-flamencos-anos-70\/\" \/>\n<meta property=\"og:site_name\" content=\"Cardamomo Flamenco Madrid\" \/>\n<meta property=\"article:published_time\" content=\"2026-03-23T11:19:28+00:00\" \/>\n<meta property=\"og:image\" content=\"https:\/\/cardamomo.ams3.digitaloceanspaces.com\/wp-content\/uploads\/2026\/03\/13151030\/cantaor-weno.jpeg\" \/>\n\t<meta property=\"og:image:width\" content=\"1024\" \/>\n\t<meta property=\"og:image:height\" content=\"576\" \/>\n\t<meta property=\"og:image:type\" content=\"image\/jpeg\" \/>\n<meta name=\"author\" content=\"Miguel Blanco\" \/>\n<meta name=\"twitter:card\" content=\"summary_large_image\" \/>\n<meta name=\"twitter:label1\" content=\"Written by\" \/>\n\t<meta name=\"twitter:data1\" content=\"Miguel Blanco\" \/>\n\t<meta name=\"twitter:label2\" content=\"Est. reading time\" \/>\n\t<meta name=\"twitter:data2\" content=\"4 minutes\" \/>\n<script type=\"application\/ld+json\" class=\"yoast-schema-graph\">{\"@context\":\"https:\\\/\\\/schema.org\",\"@graph\":[{\"@type\":\"Article\",\"@id\":\"https:\\\/\\\/cardamomo.com\\\/es\\\/cantaores-flamencos-anos-70\\\/#article\",\"isPartOf\":{\"@id\":\"https:\\\/\\\/cardamomo.com\\\/es\\\/cantaores-flamencos-anos-70\\\/\"},\"author\":{\"name\":\"Miguel Blanco\",\"@id\":\"https:\\\/\\\/cardamomo.com\\\/es\\\/#\\\/schema\\\/person\\\/e0d7e554980e9e4c3891b69734cf9df9\"},\"headline\":\"Key flamenco singers of the 70s\",\"datePublished\":\"2026-03-23T11:19:28+00:00\",\"mainEntityOfPage\":{\"@id\":\"https:\\\/\\\/cardamomo.com\\\/es\\\/cantaores-flamencos-anos-70\\\/\"},\"wordCount\":9187,\"image\":{\"@id\":\"https:\\\/\\\/cardamomo.com\\\/es\\\/cantaores-flamencos-anos-70\\\/#primaryimage\"},\"thumbnailUrl\":\"https:\\\/\\\/cardamomo.ams3.digitaloceanspaces.com\\\/wp-content\\\/uploads\\\/2026\\\/03\\\/13151030\\\/cantaor-weno.jpeg\",\"articleSection\":[\"Artistas Cardamomo\"],\"inLanguage\":\"en-US\"},{\"@type\":\"WebPage\",\"@id\":\"https:\\\/\\\/cardamomo.com\\\/en\\\/cantaores-flamencos-anos-70\\\/\",\"url\":\"https:\\\/\\\/cardamomo.com\\\/en\\\/cantaores-flamencos-anos-70\\\/\",\"name\":\"Key flamenco cantaores of the 70s\",\"isPartOf\":{\"@id\":\"https:\\\/\\\/cardamomo.com\\\/en\\\/#website\"},\"primaryImageOfPage\":{\"@id\":\"https:\\\/\\\/cardamomo.com\\\/en\\\/cantaores-flamencos-anos-70\\\/#primaryimage\"},\"image\":{\"@id\":\"https:\\\/\\\/cardamomo.com\\\/es\\\/cantaores-flamencos-anos-70\\\/#primaryimage\"},\"thumbnailUrl\":\"https:\\\/\\\/cardamomo.ams3.digitaloceanspaces.com\\\/wp-content\\\/uploads\\\/2026\\\/03\\\/13151030\\\/cantaor-weno.jpeg\",\"datePublished\":\"2026-03-23T11:19:28+00:00\",\"author\":{\"@id\":\"https:\\\/\\\/cardamomo.com\\\/es\\\/#\\\/schema\\\/person\\\/e0d7e554980e9e4c3891b69734cf9df9\"},\"description\":\"Discover the flamenco cantaores of the 70s who transformed the genre and marked one of the most decisive decades of flamenco.\",\"breadcrumb\":{\"@id\":\"https:\\\/\\\/cardamomo.com\\\/en\\\/cantaores-flamencos-anos-70\\\/#breadcrumb\"},\"inLanguage\":\"en-US\",\"potentialAction\":[{\"@type\":\"ReadAction\",\"target\":[[\"https:\\\/\\\/cardamomo.com\\\/en\\\/cantaores-flamencos-anos-70\\\/\"]]}]},{\"@type\":\"ImageObject\",\"inLanguage\":\"en-US\",\"@id\":\"https:\\\/\\\/cardamomo.com\\\/en\\\/cantaores-flamencos-anos-70\\\/#primaryimage\",\"url\":\"https:\\\/\\\/cardamomo.ams3.digitaloceanspaces.com\\\/wp-content\\\/uploads\\\/2026\\\/03\\\/13151030\\\/cantaor-weno.jpeg\",\"contentUrl\":\"https:\\\/\\\/cardamomo.ams3.digitaloceanspaces.com\\\/wp-content\\\/uploads\\\/2026\\\/03\\\/13151030\\\/cantaor-weno.jpeg\",\"width\":1024,\"height\":576,\"caption\":\"Camar\u00f3n de la Isla cantando con entrega junto a Tomatito a la guitarra flamenca durante una actuaci\u00f3n en los a\u00f1os 70.\"},{\"@type\":\"BreadcrumbList\",\"@id\":\"https:\\\/\\\/cardamomo.com\\\/en\\\/cantaores-flamencos-anos-70\\\/#breadcrumb\",\"itemListElement\":[{\"@type\":\"ListItem\",\"position\":1,\"name\":\"Cardamomo\",\"item\":\"https:\\\/\\\/cardamomo.com\\\/en\\\/\"},{\"@type\":\"ListItem\",\"position\":2,\"name\":\"Key flamenco cantaores of the 70s\"}]},{\"@type\":\"WebSite\",\"@id\":\"https:\\\/\\\/cardamomo.com\\\/en\\\/#website\",\"url\":\"https:\\\/\\\/cardamomo.com\\\/en\\\/\",\"name\":\"Cardamomo Flamenco Madrid\",\"description\":\"\",\"potentialAction\":[{\"@type\":\"SearchAction\",\"target\":{\"@type\":\"EntryPoint\",\"urlTemplate\":\"https:\\\/\\\/cardamomo.com\\\/en\\\/?s={search_term_string}\"},\"query-input\":{\"@type\":\"PropertyValueSpecification\",\"valueRequired\":true,\"valueName\":\"search_term_string\"}}],\"inLanguage\":\"en-US\"},{\"@type\":\"Person\",\"@id\":\"https:\\\/\\\/cardamomo.com\\\/es\\\/#\\\/schema\\\/person\\\/e0d7e554980e9e4c3891b69734cf9df9\",\"name\":\"Miguel Blanco\",\"image\":{\"@type\":\"ImageObject\",\"inLanguage\":\"en-US\",\"@id\":\"https:\\\/\\\/secure.gravatar.com\\\/avatar\\\/3a4fd323466f9b49f157b5319a986d31f99b5aaa4c36c56dc42e1153ae2c11da?s=96&d=mm&r=g\",\"url\":\"https:\\\/\\\/secure.gravatar.com\\\/avatar\\\/3a4fd323466f9b49f157b5319a986d31f99b5aaa4c36c56dc42e1153ae2c11da?s=96&d=mm&r=g\",\"contentUrl\":\"https:\\\/\\\/secure.gravatar.com\\\/avatar\\\/3a4fd323466f9b49f157b5319a986d31f99b5aaa4c36c56dc42e1153ae2c11da?s=96&d=mm&r=g\",\"caption\":\"Miguel Blanco\"},\"url\":\"https:\\\/\\\/cardamomo.com\\\/en\\\/author\\\/miguel\\\/\"}]}<\/script>\n<!-- \/ Yoast SEO plugin. -->","yoast_head_json":{"title":"Key flamenco cantaores of the 70s","description":"Discover the flamenco cantaores of the 70s who transformed the genre and marked one of the most decisive decades of flamenco.","robots":{"index":"index","follow":"follow","max-snippet":"max-snippet:-1","max-image-preview":"max-image-preview:large","max-video-preview":"max-video-preview:-1"},"canonical":"\/","og_locale":"en_US","og_type":"article","og_title":"Key flamenco cantaores of the 70s","og_description":"Discover the flamenco cantaores of the 70s who transformed the genre and marked one of the most decisive decades of flamenco.","og_url":"https:\/\/cardamomo.com\/en\/cantaores-flamencos-anos-70\/","og_site_name":"Cardamomo Flamenco Madrid","article_published_time":"2026-03-23T11:19:28+00:00","og_image":[{"width":1024,"height":576,"url":"https:\/\/cardamomo.ams3.digitaloceanspaces.com\/wp-content\/uploads\/2026\/03\/13151030\/cantaor-weno.jpeg","type":"image\/jpeg"}],"author":"Miguel Blanco","twitter_card":"summary_large_image","twitter_misc":{"Written by":"Miguel Blanco","Est. reading time":"4 minutes"},"schema":{"@context":"https:\/\/schema.org","@graph":[{"@type":"Article","@id":"https:\/\/cardamomo.com\/es\/cantaores-flamencos-anos-70\/#article","isPartOf":{"@id":"https:\/\/cardamomo.com\/es\/cantaores-flamencos-anos-70\/"},"author":{"name":"Miguel Blanco","@id":"https:\/\/cardamomo.com\/es\/#\/schema\/person\/e0d7e554980e9e4c3891b69734cf9df9"},"headline":"Key flamenco singers of the 70s","datePublished":"2026-03-23T11:19:28+00:00","mainEntityOfPage":{"@id":"https:\/\/cardamomo.com\/es\/cantaores-flamencos-anos-70\/"},"wordCount":9187,"image":{"@id":"https:\/\/cardamomo.com\/es\/cantaores-flamencos-anos-70\/#primaryimage"},"thumbnailUrl":"https:\/\/cardamomo.ams3.digitaloceanspaces.com\/wp-content\/uploads\/2026\/03\/13151030\/cantaor-weno.jpeg","articleSection":["Artistas Cardamomo"],"inLanguage":"en-US"},{"@type":"WebPage","@id":"https:\/\/cardamomo.com\/en\/cantaores-flamencos-anos-70\/","url":"https:\/\/cardamomo.com\/en\/cantaores-flamencos-anos-70\/","name":"Key flamenco cantaores of the 70s","isPartOf":{"@id":"https:\/\/cardamomo.com\/en\/#website"},"primaryImageOfPage":{"@id":"https:\/\/cardamomo.com\/en\/cantaores-flamencos-anos-70\/#primaryimage"},"image":{"@id":"https:\/\/cardamomo.com\/es\/cantaores-flamencos-anos-70\/#primaryimage"},"thumbnailUrl":"https:\/\/cardamomo.ams3.digitaloceanspaces.com\/wp-content\/uploads\/2026\/03\/13151030\/cantaor-weno.jpeg","datePublished":"2026-03-23T11:19:28+00:00","author":{"@id":"https:\/\/cardamomo.com\/es\/#\/schema\/person\/e0d7e554980e9e4c3891b69734cf9df9"},"description":"Discover the flamenco cantaores of the 70s who transformed the genre and marked one of the most decisive decades of flamenco.","breadcrumb":{"@id":"https:\/\/cardamomo.com\/en\/cantaores-flamencos-anos-70\/#breadcrumb"},"inLanguage":"en-US","potentialAction":[{"@type":"ReadAction","target":[["https:\/\/cardamomo.com\/en\/cantaores-flamencos-anos-70\/"]]}]},{"@type":"ImageObject","inLanguage":"en-US","@id":"https:\/\/cardamomo.com\/en\/cantaores-flamencos-anos-70\/#primaryimage","url":"https:\/\/cardamomo.ams3.digitaloceanspaces.com\/wp-content\/uploads\/2026\/03\/13151030\/cantaor-weno.jpeg","contentUrl":"https:\/\/cardamomo.ams3.digitaloceanspaces.com\/wp-content\/uploads\/2026\/03\/13151030\/cantaor-weno.jpeg","width":1024,"height":576,"caption":"Camar\u00f3n de la Isla cantando con entrega junto a Tomatito a la guitarra flamenca durante una actuaci\u00f3n en los a\u00f1os 70."},{"@type":"BreadcrumbList","@id":"https:\/\/cardamomo.com\/en\/cantaores-flamencos-anos-70\/#breadcrumb","itemListElement":[{"@type":"ListItem","position":1,"name":"Cardamomo","item":"https:\/\/cardamomo.com\/en\/"},{"@type":"ListItem","position":2,"name":"Key flamenco cantaores of the 70s"}]},{"@type":"WebSite","@id":"https:\/\/cardamomo.com\/en\/#website","url":"https:\/\/cardamomo.com\/en\/","name":"Cardamomo Flamenco Madrid","description":"","potentialAction":[{"@type":"SearchAction","target":{"@type":"EntryPoint","urlTemplate":"https:\/\/cardamomo.com\/en\/?s={search_term_string}"},"query-input":{"@type":"PropertyValueSpecification","valueRequired":true,"valueName":"search_term_string"}}],"inLanguage":"en-US"},{"@type":"Person","@id":"https:\/\/cardamomo.com\/es\/#\/schema\/person\/e0d7e554980e9e4c3891b69734cf9df9","name":"Miguel Blanco","image":{"@type":"ImageObject","inLanguage":"en-US","@id":"https:\/\/secure.gravatar.com\/avatar\/3a4fd323466f9b49f157b5319a986d31f99b5aaa4c36c56dc42e1153ae2c11da?s=96&d=mm&r=g","url":"https:\/\/secure.gravatar.com\/avatar\/3a4fd323466f9b49f157b5319a986d31f99b5aaa4c36c56dc42e1153ae2c11da?s=96&d=mm&r=g","contentUrl":"https:\/\/secure.gravatar.com\/avatar\/3a4fd323466f9b49f157b5319a986d31f99b5aaa4c36c56dc42e1153ae2c11da?s=96&d=mm&r=g","caption":"Miguel Blanco"},"url":"https:\/\/cardamomo.com\/en\/author\/miguel\/"}]}},"_links":{"self":[{"href":"https:\/\/cardamomo.com\/en\/wp-json\/wp\/v2\/posts\/158615","targetHints":{"allow":["GET"]}}],"collection":[{"href":"https:\/\/cardamomo.com\/en\/wp-json\/wp\/v2\/posts"}],"about":[{"href":"https:\/\/cardamomo.com\/en\/wp-json\/wp\/v2\/types\/post"}],"author":[{"embeddable":true,"href":"https:\/\/cardamomo.com\/en\/wp-json\/wp\/v2\/users\/7"}],"replies":[{"embeddable":true,"href":"https:\/\/cardamomo.com\/en\/wp-json\/wp\/v2\/comments?post=158615"}],"version-history":[{"count":7,"href":"https:\/\/cardamomo.com\/en\/wp-json\/wp\/v2\/posts\/158615\/revisions"}],"predecessor-version":[{"id":158633,"href":"https:\/\/cardamomo.com\/en\/wp-json\/wp\/v2\/posts\/158615\/revisions\/158633"}],"wp:featuredmedia":[{"embeddable":true,"href":"https:\/\/cardamomo.com\/en\/wp-json\/wp\/v2\/media\/158629"}],"wp:attachment":[{"href":"https:\/\/cardamomo.com\/en\/wp-json\/wp\/v2\/media?parent=158615"}],"wp:term":[{"taxonomy":"category","embeddable":true,"href":"https:\/\/cardamomo.com\/en\/wp-json\/wp\/v2\/categories?post=158615"},{"taxonomy":"post_tag","embeddable":true,"href":"https:\/\/cardamomo.com\/en\/wp-json\/wp\/v2\/tags?post=158615"}],"curies":[{"name":"wp","href":"https:\/\/api.w.org\/{rel}","templated":true}]}}