{"id":158776,"date":"2026-03-30T11:27:41","date_gmt":"2026-03-30T09:27:41","guid":{"rendered":"https:\/\/cardamomo.com\/es\/?p=158776"},"modified":"2026-03-31T15:13:25","modified_gmt":"2026-03-31T13:13:25","slug":"planes-originales-en-semana-santa-en-madrid","status":"publish","type":"post","link":"https:\/\/cardamomo.com\/de\/heilige-woche-madrid-plaene\/","title":{"rendered":"Originelle Pl\u00e4ne f\u00fcr die Karwoche in Madrid"},"content":{"rendered":"<p><\/p>\n<p data-path-to-node=\"5\">Der Fr\u00fchling verwandelt die Hauptstadt und mit ihm stellt sich die ewige Frage, was man in der Karwoche in Madrid unternehmen kann. Im Gegensatz zu dem, was viele \u00fcber Gro\u00dfst\u00e4dte denken, <b data-path-to-node=\"5\" data-index-in-node=\"187\">leert sich die Stadt nicht und bleibt nicht stehen, sondern bietet ein v\u00f6llig anderes Gesicht.<\/b> Je nachdem, wann die Karwoche im Kalender steht, f\u00fcllen sich die Stra\u00dfen mit einer lebendigen Atmosph\u00e4re, die feierlichste Hingabe mit der Lust mischt, die ersten Tage des sch\u00f6nen Wetters zu genie\u00dfen.<\/p>\n<p data-path-to-node=\"6\">Wenn Sie Ihre Agenda organisieren und nach Pl\u00e4nen f\u00fcr die Karwoche suchen, die \u00fcber das \u00dcbliche hinausgehen, sind Sie hier richtig. Hier helfen wir Ihnen, den besten Plan f\u00fcr die Karwoche in Madrid zu entwerfen, ohne in die \u00fcblichen langweiligen Klischees zu verfallen.<\/p>\n<h2 data-path-to-node=\"7\"><b data-path-to-node=\"7\" data-index-in-node=\"0\">Was man an diesen Tagen in Madrid unternehmen kann<\/b><\/h2>\n<p data-path-to-node=\"8\">Die Organisation einiger perfekter Tage in der Stadt erfordert ein Gleichgewicht zwischen Tradition und Freizeit. Madrid ist an diesen Tagen ein wunderbarer Kontrast, und um die Stadt in vollen Z\u00fcgen zu genie\u00dfen, sollte Ihr Reiseplan diese drei grundlegenden Punkte ber\u00fchren:<\/p>\n<ul data-path-to-node=\"9\">\n<li>\n<p data-path-to-node=\"9,0,0\"><b data-path-to-node=\"9,0,0\" data-index-in-node=\"0\">Prozessionen in der Karwoche:<\/b> In den Stra\u00dfen des historischen Zentrums finden atemberaubende Prozessionen statt. <b data-path-to-node=\"9,0,0\" data-index-in-node=\"113\">Der Kontrast zwischen der respektvollen Stille der Prozession und der lebhaften Atmosph\u00e4re der nahe gelegenen Tavernen ist etwas, das man mindestens einmal im Leben erlebt haben muss<\/b>, ob man gl\u00e4ubig ist oder nicht.<\/p>\n<\/li>\n<li>\n<p data-path-to-node=\"9,1,0\"><b data-path-to-node=\"9,1,0\" data-index-in-node=\"0\">Gastronomisches Erlebnis:<\/b> Es gibt keinen Feiertag ohne seinen traditionellen Bissen. Es ist die perfekte Ausrede, um eine Route durch die jahrhundertealten Konditoreien zu machen und <b data-path-to-node=\"9,1,0\" data-index-in-node=\"183\">Torrijas<\/b> und <b data-path-to-node=\"9,1,0\" data-index-in-node=\"196\">Bu\u00f1uelos<\/b> zu probieren, oder sich hinzusetzen, um einen guten <b data-path-to-node=\"9,1,0\" data-index-in-node=\"257\">Potaje de Vigilia<\/b> und die klassischen panierten Kabeljauhappen zu genie\u00dfen.<\/p>\n<\/li>\n<li>\n<p data-path-to-node=\"9,2,0\"><b data-path-to-node=\"9,2,0\" data-index-in-node=\"0\">Kulturelle Aktivit\u00e4ten:<\/b> Die Stadt bremst zu keinem Zeitpunkt ab. Das Angebot an Shows in Madrid w\u00e4hrend der Karwoche ist unersch\u00f6pflich und reicht von Zyklen geistlicher Musik in historischen Kirchen bis hin zu den besten Theaterst\u00fccken und Live-Musik auf der <b data-path-to-node=\"9,2,0\" data-index-in-node=\"260\">Gran V\u00eda<\/b> und Umgebung.<\/p>\n<\/li>\n<\/ul>\n<h2 data-path-to-node=\"10\"><b data-path-to-node=\"10\" data-index-in-node=\"0\">Die 3 kulturellen Pl\u00e4ne f\u00fcr die Karwoche in Madrid<\/b><\/h2>\n<p data-path-to-node=\"11\">Wenn Sie sich bereits von den Stra\u00dfen des Zentrums haben treiben lassen und Ihre Seele mit anderen Vorschl\u00e4gen n\u00e4hren m\u00f6chten, finden Sie hier die drei bereicherndsten Pl\u00e4ne f\u00fcr die Karwoche f\u00fcr Ihren Ausflug:<\/p>\n<h3 data-path-to-node=\"12\"><b data-path-to-node=\"12\" data-index-in-node=\"0\">Museen und Sonderausstellungen<\/b><\/h3>\n<p data-path-to-node=\"13\">Das bekannte <b data-path-to-node=\"13\" data-index-in-node=\"13\">Kunstdreieck<\/b> (bestehend aus dem <b data-path-to-node=\"13\" data-index-in-node=\"45\">Prado-Museum<\/b>, dem <b data-path-to-node=\"13\" data-index-in-node=\"63\">Reina Sof\u00eda<\/b> und dem <b data-path-to-node=\"13\" data-index-in-node=\"83\">Thyssen<\/b>) passt in diesen Tagen in der Regel seine \u00d6ffnungszeiten an den Tourismus an. Es ist der ideale Zeitpunkt, um sich in aller Ruhe in den Galerien zu verlieren. Dar\u00fcber hinaus \u00fcberraschen zeitgen\u00f6ssische R\u00e4ume wie das <b data-path-to-node=\"13\" data-index-in-node=\"307\">Matadero<\/b> oder der <b data-path-to-node=\"13\" data-index-in-node=\"325\">C\u00edrculo de Bellas Artes<\/b> immer wieder mit tempor\u00e4ren Ausstellungen, die traditionelle Schemata durchbrechen.<\/p>\n<h3 data-path-to-node=\"14\"><b data-path-to-node=\"14\" data-index-in-node=\"0\">Routen durch das historische Zentrum<\/b><\/h3>\n<p data-path-to-node=\"15\">Der beste Weg, die Geheimnisse zu entdecken, die in den Geb\u00e4uden der Hauptstadt verborgen sind. Melden Sie sich f\u00fcr eine gef\u00fchrte Tour an oder entwerfen Sie Ihren eigenen Spaziergang durch das <b data-path-to-node=\"15\" data-index-in-node=\"193\">Madrid der \u00d6sterreicher<\/b> und das <b data-path-to-node=\"15\" data-index-in-node=\"225\">Barrio de las Letras<\/b>. Durch dieselben Stra\u00dfen zu gehen, in denen einst die gro\u00dfen Schriftsteller des Goldenen Zeitalters wandelten, w\u00e4hrend der Duft von Weihrauch in der Luft liegt, ist eine <b data-path-to-node=\"15\" data-index-in-node=\"416\">immersive Erfahrung, die Sie mehrere Jahrhunderte zur\u00fcckversetzt.<\/b><\/p>\n<h3 data-path-to-node=\"16\"><b data-path-to-node=\"16\" data-index-in-node=\"0\">Flamenco-Show<\/b><\/h3>\n<p data-path-to-node=\"17\">Um den Tag mit einer unvergesslichen Emotion abzurunden, schlagen wir Ihnen vor, in ein authentisches Flamenco-Erlebnis einzutauchen. In dieser besonderen Zeit w\u00fcrdigt die Flamenco-Kunst das Fest durch die Tiefe ihres Gesangs und die Kraft ihres Rhythmus.<\/p>\n<p data-path-to-node=\"18\">Im <b data-path-to-node=\"18\" data-index-in-node=\"3\">Cardamomo<\/b> verwandeln wir unsere B\u00fchne, um ein spezielles Programm anzubieten, bei dem der Respekt vor der Tradition und die St\u00e4rke unseres Taktes in einem einzigen Herzschlag verschmelzen. Wenn Sie den \u201eDuende\u201c des Flamenco in der Karwoche wirklich sp\u00fcren und <b data-path-to-node=\"18\" data-index-in-node=\"263\">eine magische Nacht erleben m\u00f6chten, die Ihnen G\u00e4nsehaut bereitet<\/b>, empfehlen wir Ihnen, unseren Spielplan zu pr\u00fcfen und Ihren <a class=\"ng-star-inserted\" href=\"https:\/\/cardamomo.com\/de\/show\/karwoche-bei-cardamomo\/\" target=\"_blank\" rel=\"noopener\">Flamenco in der Karwoche<\/a> zu reservieren, bevor die Tickets ausverkauft sind.<\/p>\n<p><\/p>","protected":false},"excerpt":{"rendered":"Der Fr\u00fchling verwandelt die Hauptstadt und mit ihm stellt sich die ewige Frage, was man in der Karwoche in Madrid unternehmen kann. Im Gegensatz zu dem, was viele \u00fcber Gro\u00dfst\u00e4dte denken, leert sich die Stadt nicht und bleibt nicht stehen, sondern bietet ein v\u00f6llig anderes Gesicht. Je nachdem, wann die Karwoche im Kalender steht, f\u00fcllen&#8230;","protected":false},"author":7,"featured_media":158780,"comment_status":"closed","ping_status":"closed","sticky":false,"template":"","format":"standard","meta":{"_acf_changed":false,"inline_featured_image":false,"footnotes":""},"categories":[7],"tags":[],"class_list":["post-158776","post","type-post","status-publish","format-standard","has-post-thumbnail","hentry","category-avance-de-espectaculos"],"acf":[],"yoast_head":"<!-- This site is optimized with the Yoast SEO plugin v27.4 - https:\/\/yoast.com\/product\/yoast-seo-wordpress\/ -->\n<title>Karwoche in Madrid: Originelle Pl\u00e4ne<\/title>\n<meta name=\"description\" content=\"Entdecken Sie, was man in Madrid w\u00e4hrend der Karwoche unternehmen kann: originelle Pl\u00e4ne, Kultur, Prozessionen und einzigartige Shows wie Live-Flamenco.\" \/>\n<meta name=\"robots\" content=\"index, follow, max-snippet:-1, max-image-preview:large, max-video-preview:-1\" \/>\n<link rel=\"canonical\" href=\"\/\" \/>\n<meta property=\"og:locale\" content=\"de_DE\" \/>\n<meta property=\"og:type\" content=\"article\" \/>\n<meta property=\"og:title\" content=\"Karwoche in Madrid: Originelle Pl\u00e4ne\" \/>\n<meta property=\"og:description\" content=\"Entdecken Sie, was man in Madrid w\u00e4hrend der Karwoche unternehmen kann: originelle Pl\u00e4ne, Kultur, Prozessionen und einzigartige Shows wie Live-Flamenco.\" \/>\n<meta property=\"og:url\" content=\"https:\/\/cardamomo.com\/de\/planes-semana-santa-madrid\/\" \/>\n<meta property=\"og:site_name\" content=\"Cardamomo Flamenco Madrid\" \/>\n<meta property=\"article:published_time\" content=\"2026-03-30T09:27:41+00:00\" \/>\n<meta property=\"article:modified_time\" content=\"2026-03-31T13:13:25+00:00\" \/>\n<meta property=\"og:image\" content=\"https:\/\/cardamomo.ams3.digitaloceanspaces.com\/wp-content\/uploads\/2026\/03\/30112443\/pexels-sebastian-valencia-pineda-111153627-20895381-scaled.webp\" \/>\n\t<meta property=\"og:image:width\" content=\"2560\" \/>\n\t<meta property=\"og:image:height\" content=\"2335\" \/>\n\t<meta property=\"og:image:type\" content=\"image\/webp\" \/>\n<meta name=\"author\" content=\"Miguel Blanco\" \/>\n<meta name=\"twitter:card\" content=\"summary_large_image\" \/>\n<meta name=\"twitter:label1\" content=\"Verfasst von\" \/>\n\t<meta name=\"twitter:data1\" content=\"Miguel Blanco\" \/>\n\t<meta name=\"twitter:label2\" content=\"Gesch\u00e4tzte Lesezeit\" \/>\n\t<meta name=\"twitter:data2\" content=\"4\u00a0Minuten\" \/>\n<script type=\"application\/ld+json\" class=\"yoast-schema-graph\">{\"@context\":\"https:\\\/\\\/schema.org\",\"@graph\":[{\"@type\":\"Article\",\"@id\":\"https:\\\/\\\/cardamomo.com\\\/es\\\/planes-semana-santa-madrid\\\/#article\",\"isPartOf\":{\"@id\":\"https:\\\/\\\/cardamomo.com\\\/es\\\/planes-semana-santa-madrid\\\/\"},\"author\":{\"name\":\"Miguel Blanco\",\"@id\":\"https:\\\/\\\/cardamomo.com\\\/es\\\/#\\\/schema\\\/person\\\/e0d7e554980e9e4c3891b69734cf9df9\"},\"headline\":\"Originelle Pl\u00e4ne f\u00fcr die Karwoche in Madrid\",\"datePublished\":\"2026-03-30T09:27:41+00:00\",\"dateModified\":\"2026-03-31T13:13:25+00:00\",\"mainEntityOfPage\":{\"@id\":\"https:\\\/\\\/cardamomo.com\\\/es\\\/planes-semana-santa-madrid\\\/\"},\"wordCount\":6551,\"image\":{\"@id\":\"https:\\\/\\\/cardamomo.com\\\/es\\\/planes-semana-santa-madrid\\\/#primaryimage\"},\"thumbnailUrl\":\"https:\\\/\\\/cardamomo.ams3.digitaloceanspaces.com\\\/wp-content\\\/uploads\\\/2026\\\/03\\\/30112443\\\/pexels-sebastian-valencia-pineda-111153627-20895381-scaled.webp\",\"articleSection\":[\"Avance de espect\u00e1culos\"],\"inLanguage\":\"de\"},{\"@type\":\"WebPage\",\"@id\":\"https:\\\/\\\/cardamomo.com\\\/de\\\/planes-semana-santa-madrid\\\/\",\"url\":\"https:\\\/\\\/cardamomo.com\\\/de\\\/planes-semana-santa-madrid\\\/\",\"name\":\"Karwoche in Madrid: Originelle Pl\u00e4ne\",\"isPartOf\":{\"@id\":\"https:\\\/\\\/cardamomo.com\\\/de\\\/#website\"},\"primaryImageOfPage\":{\"@id\":\"https:\\\/\\\/cardamomo.com\\\/de\\\/planes-semana-santa-madrid\\\/#primaryimage\"},\"image\":{\"@id\":\"https:\\\/\\\/cardamomo.com\\\/es\\\/planes-semana-santa-madrid\\\/#primaryimage\"},\"thumbnailUrl\":\"https:\\\/\\\/cardamomo.ams3.digitaloceanspaces.com\\\/wp-content\\\/uploads\\\/2026\\\/03\\\/30112443\\\/pexels-sebastian-valencia-pineda-111153627-20895381-scaled.webp\",\"datePublished\":\"2026-03-30T09:27:41+00:00\",\"dateModified\":\"2026-03-31T13:13:25+00:00\",\"author\":{\"@id\":\"https:\\\/\\\/cardamomo.com\\\/es\\\/#\\\/schema\\\/person\\\/e0d7e554980e9e4c3891b69734cf9df9\"},\"description\":\"Entdecken Sie, was man in Madrid w\u00e4hrend der Karwoche unternehmen kann: originelle Pl\u00e4ne, Kultur, Prozessionen und einzigartige Shows wie Live-Flamenco.\",\"breadcrumb\":{\"@id\":\"https:\\\/\\\/cardamomo.com\\\/de\\\/planes-semana-santa-madrid\\\/#breadcrumb\"},\"inLanguage\":\"de\",\"potentialAction\":[{\"@type\":\"ReadAction\",\"target\":[[\"https:\\\/\\\/cardamomo.com\\\/de\\\/planes-semana-santa-madrid\\\/\"]]}]},{\"@type\":\"ImageObject\",\"inLanguage\":\"de\",\"@id\":\"https:\\\/\\\/cardamomo.com\\\/de\\\/planes-semana-santa-madrid\\\/#primaryimage\",\"url\":\"https:\\\/\\\/cardamomo.ams3.digitaloceanspaces.com\\\/wp-content\\\/uploads\\\/2026\\\/03\\\/30112443\\\/pexels-sebastian-valencia-pineda-111153627-20895381-scaled.webp\",\"contentUrl\":\"https:\\\/\\\/cardamomo.ams3.digitaloceanspaces.com\\\/wp-content\\\/uploads\\\/2026\\\/03\\\/30112443\\\/pexels-sebastian-valencia-pineda-111153627-20895381-scaled.webp\",\"width\":2560,\"height\":2335,\"caption\":\"Fotograf\u00eda de una procesi\u00f3n de Semana Santa en una calle hist\u00f3rica de Madrid con edificios cl\u00e1sicos. En primer plano, dos nazarenos con capirotes blancos y capas rojas. El de la izquierda porta un gran crucifijo de madera. El de la derecha lleva un cetro met\u00e1lico coronado con un relicario de cristal rosa. Una multitud de espectadores observa desde las aceras.\"},{\"@type\":\"BreadcrumbList\",\"@id\":\"https:\\\/\\\/cardamomo.com\\\/de\\\/planes-semana-santa-madrid\\\/#breadcrumb\",\"itemListElement\":[{\"@type\":\"ListItem\",\"position\":1,\"name\":\"Cardamomo\",\"item\":\"https:\\\/\\\/cardamomo.com\\\/de\\\/\"},{\"@type\":\"ListItem\",\"position\":2,\"name\":\"Pl\u00e4ne Karwoche Madrid\"}]},{\"@type\":\"WebSite\",\"@id\":\"https:\\\/\\\/cardamomo.com\\\/de\\\/#website\",\"url\":\"https:\\\/\\\/cardamomo.com\\\/de\\\/\",\"name\":\"Cardamomo Flamenco Madrid\",\"description\":\"\",\"potentialAction\":[{\"@type\":\"SearchAction\",\"target\":{\"@type\":\"EntryPoint\",\"urlTemplate\":\"https:\\\/\\\/cardamomo.com\\\/de\\\/?s={search_term_string}\"},\"query-input\":{\"@type\":\"PropertyValueSpecification\",\"valueRequired\":true,\"valueName\":\"search_term_string\"}}],\"inLanguage\":\"de\"},{\"@type\":\"Person\",\"@id\":\"https:\\\/\\\/cardamomo.com\\\/es\\\/#\\\/schema\\\/person\\\/e0d7e554980e9e4c3891b69734cf9df9\",\"name\":\"Miguel Blanco\",\"image\":{\"@type\":\"ImageObject\",\"inLanguage\":\"de\",\"@id\":\"https:\\\/\\\/secure.gravatar.com\\\/avatar\\\/3a4fd323466f9b49f157b5319a986d31f99b5aaa4c36c56dc42e1153ae2c11da?s=96&d=mm&r=g\",\"url\":\"https:\\\/\\\/secure.gravatar.com\\\/avatar\\\/3a4fd323466f9b49f157b5319a986d31f99b5aaa4c36c56dc42e1153ae2c11da?s=96&d=mm&r=g\",\"contentUrl\":\"https:\\\/\\\/secure.gravatar.com\\\/avatar\\\/3a4fd323466f9b49f157b5319a986d31f99b5aaa4c36c56dc42e1153ae2c11da?s=96&d=mm&r=g\",\"caption\":\"Miguel Blanco\"},\"url\":\"https:\\\/\\\/cardamomo.com\\\/de\\\/author\\\/miguel\\\/\"}]}<\/script>\n<!-- \/ Yoast SEO plugin. -->","yoast_head_json":{"title":"Karwoche in Madrid: Originelle Pl\u00e4ne","description":"Entdecken Sie, was man in Madrid w\u00e4hrend der Karwoche unternehmen kann: originelle Pl\u00e4ne, Kultur, Prozessionen und einzigartige Shows wie Live-Flamenco.","robots":{"index":"index","follow":"follow","max-snippet":"max-snippet:-1","max-image-preview":"max-image-preview:large","max-video-preview":"max-video-preview:-1"},"canonical":"\/","og_locale":"de_DE","og_type":"article","og_title":"Karwoche in Madrid: Originelle Pl\u00e4ne","og_description":"Entdecken Sie, was man in Madrid w\u00e4hrend der Karwoche unternehmen kann: originelle Pl\u00e4ne, Kultur, Prozessionen und einzigartige Shows wie Live-Flamenco.","og_url":"https:\/\/cardamomo.com\/de\/planes-semana-santa-madrid\/","og_site_name":"Cardamomo Flamenco Madrid","article_published_time":"2026-03-30T09:27:41+00:00","article_modified_time":"2026-03-31T13:13:25+00:00","og_image":[{"width":2560,"height":2335,"url":"https:\/\/cardamomo.ams3.digitaloceanspaces.com\/wp-content\/uploads\/2026\/03\/30112443\/pexels-sebastian-valencia-pineda-111153627-20895381-scaled.webp","type":"image\/webp"}],"author":"Miguel Blanco","twitter_card":"summary_large_image","twitter_misc":{"Verfasst von":"Miguel Blanco","Gesch\u00e4tzte Lesezeit":"4\u00a0Minuten"},"schema":{"@context":"https:\/\/schema.org","@graph":[{"@type":"Article","@id":"https:\/\/cardamomo.com\/es\/planes-semana-santa-madrid\/#article","isPartOf":{"@id":"https:\/\/cardamomo.com\/es\/planes-semana-santa-madrid\/"},"author":{"name":"Miguel Blanco","@id":"https:\/\/cardamomo.com\/es\/#\/schema\/person\/e0d7e554980e9e4c3891b69734cf9df9"},"headline":"Originelle Pl\u00e4ne f\u00fcr die Karwoche in Madrid","datePublished":"2026-03-30T09:27:41+00:00","dateModified":"2026-03-31T13:13:25+00:00","mainEntityOfPage":{"@id":"https:\/\/cardamomo.com\/es\/planes-semana-santa-madrid\/"},"wordCount":6551,"image":{"@id":"https:\/\/cardamomo.com\/es\/planes-semana-santa-madrid\/#primaryimage"},"thumbnailUrl":"https:\/\/cardamomo.ams3.digitaloceanspaces.com\/wp-content\/uploads\/2026\/03\/30112443\/pexels-sebastian-valencia-pineda-111153627-20895381-scaled.webp","articleSection":["Avance de espect\u00e1culos"],"inLanguage":"de"},{"@type":"WebPage","@id":"https:\/\/cardamomo.com\/de\/planes-semana-santa-madrid\/","url":"https:\/\/cardamomo.com\/de\/planes-semana-santa-madrid\/","name":"Karwoche in Madrid: Originelle Pl\u00e4ne","isPartOf":{"@id":"https:\/\/cardamomo.com\/de\/#website"},"primaryImageOfPage":{"@id":"https:\/\/cardamomo.com\/de\/planes-semana-santa-madrid\/#primaryimage"},"image":{"@id":"https:\/\/cardamomo.com\/es\/planes-semana-santa-madrid\/#primaryimage"},"thumbnailUrl":"https:\/\/cardamomo.ams3.digitaloceanspaces.com\/wp-content\/uploads\/2026\/03\/30112443\/pexels-sebastian-valencia-pineda-111153627-20895381-scaled.webp","datePublished":"2026-03-30T09:27:41+00:00","dateModified":"2026-03-31T13:13:25+00:00","author":{"@id":"https:\/\/cardamomo.com\/es\/#\/schema\/person\/e0d7e554980e9e4c3891b69734cf9df9"},"description":"Entdecken Sie, was man in Madrid w\u00e4hrend der Karwoche unternehmen kann: originelle Pl\u00e4ne, Kultur, Prozessionen und einzigartige Shows wie Live-Flamenco.","breadcrumb":{"@id":"https:\/\/cardamomo.com\/de\/planes-semana-santa-madrid\/#breadcrumb"},"inLanguage":"de","potentialAction":[{"@type":"ReadAction","target":[["https:\/\/cardamomo.com\/de\/planes-semana-santa-madrid\/"]]}]},{"@type":"ImageObject","inLanguage":"de","@id":"https:\/\/cardamomo.com\/de\/planes-semana-santa-madrid\/#primaryimage","url":"https:\/\/cardamomo.ams3.digitaloceanspaces.com\/wp-content\/uploads\/2026\/03\/30112443\/pexels-sebastian-valencia-pineda-111153627-20895381-scaled.webp","contentUrl":"https:\/\/cardamomo.ams3.digitaloceanspaces.com\/wp-content\/uploads\/2026\/03\/30112443\/pexels-sebastian-valencia-pineda-111153627-20895381-scaled.webp","width":2560,"height":2335,"caption":"Fotograf\u00eda de una procesi\u00f3n de Semana Santa en una calle hist\u00f3rica de Madrid con edificios cl\u00e1sicos. En primer plano, dos nazarenos con capirotes blancos y capas rojas. El de la izquierda porta un gran crucifijo de madera. El de la derecha lleva un cetro met\u00e1lico coronado con un relicario de cristal rosa. Una multitud de espectadores observa desde las aceras."},{"@type":"BreadcrumbList","@id":"https:\/\/cardamomo.com\/de\/planes-semana-santa-madrid\/#breadcrumb","itemListElement":[{"@type":"ListItem","position":1,"name":"Cardamomo","item":"https:\/\/cardamomo.com\/de\/"},{"@type":"ListItem","position":2,"name":"Pl\u00e4ne Karwoche Madrid"}]},{"@type":"WebSite","@id":"https:\/\/cardamomo.com\/de\/#website","url":"https:\/\/cardamomo.com\/de\/","name":"Cardamomo Flamenco Madrid","description":"","potentialAction":[{"@type":"SearchAction","target":{"@type":"EntryPoint","urlTemplate":"https:\/\/cardamomo.com\/de\/?s={search_term_string}"},"query-input":{"@type":"PropertyValueSpecification","valueRequired":true,"valueName":"search_term_string"}}],"inLanguage":"de"},{"@type":"Person","@id":"https:\/\/cardamomo.com\/es\/#\/schema\/person\/e0d7e554980e9e4c3891b69734cf9df9","name":"Miguel Blanco","image":{"@type":"ImageObject","inLanguage":"de","@id":"https:\/\/secure.gravatar.com\/avatar\/3a4fd323466f9b49f157b5319a986d31f99b5aaa4c36c56dc42e1153ae2c11da?s=96&d=mm&r=g","url":"https:\/\/secure.gravatar.com\/avatar\/3a4fd323466f9b49f157b5319a986d31f99b5aaa4c36c56dc42e1153ae2c11da?s=96&d=mm&r=g","contentUrl":"https:\/\/secure.gravatar.com\/avatar\/3a4fd323466f9b49f157b5319a986d31f99b5aaa4c36c56dc42e1153ae2c11da?s=96&d=mm&r=g","caption":"Miguel Blanco"},"url":"https:\/\/cardamomo.com\/de\/author\/miguel\/"}]}},"_links":{"self":[{"href":"https:\/\/cardamomo.com\/de\/wp-json\/wp\/v2\/posts\/158776","targetHints":{"allow":["GET"]}}],"collection":[{"href":"https:\/\/cardamomo.com\/de\/wp-json\/wp\/v2\/posts"}],"about":[{"href":"https:\/\/cardamomo.com\/de\/wp-json\/wp\/v2\/types\/post"}],"author":[{"embeddable":true,"href":"https:\/\/cardamomo.com\/de\/wp-json\/wp\/v2\/users\/7"}],"replies":[{"embeddable":true,"href":"https:\/\/cardamomo.com\/de\/wp-json\/wp\/v2\/comments?post=158776"}],"version-history":[{"count":6,"href":"https:\/\/cardamomo.com\/de\/wp-json\/wp\/v2\/posts\/158776\/revisions"}],"predecessor-version":[{"id":158817,"href":"https:\/\/cardamomo.com\/de\/wp-json\/wp\/v2\/posts\/158776\/revisions\/158817"}],"wp:featuredmedia":[{"embeddable":true,"href":"https:\/\/cardamomo.com\/de\/wp-json\/wp\/v2\/media\/158780"}],"wp:attachment":[{"href":"https:\/\/cardamomo.com\/de\/wp-json\/wp\/v2\/media?parent=158776"}],"wp:term":[{"taxonomy":"category","embeddable":true,"href":"https:\/\/cardamomo.com\/de\/wp-json\/wp\/v2\/categories?post=158776"},{"taxonomy":"post_tag","embeddable":true,"href":"https:\/\/cardamomo.com\/de\/wp-json\/wp\/v2\/tags?post=158776"}],"curies":[{"name":"wp","href":"https:\/\/api.w.org\/{rel}","templated":true}]}}