{"id":158600,"date":"2026-03-10T12:51:30","date_gmt":"2026-03-10T11:51:30","guid":{"rendered":"https:\/\/cardamomo.com\/es\/?p=158600"},"modified":"2026-03-11T10:39:01","modified_gmt":"2026-03-11T09:39:01","slug":"los-10-mejores-guitarristas-flamencos-de-la-historia","status":"publish","type":"post","link":"https:\/\/cardamomo.com\/de\/beste-flamenco-gitarristen\/","title":{"rendered":"Die 10 besten Flamenco-Gitarristen der Geschichte"},"content":{"rendered":"<p><\/p>\n<p data-path-to-node=\"46\">Die Flamenco-Gitarre ist kein einfaches Begleitinstrument. Sie ist der Puls, der Herzschlag und der Atem, der alles tr\u00e4gt, was auf einer B\u00fchne geschieht. Ohne das Spiel w\u00fcrden der Gesang und der Tanz ihre F\u00fchrung und ihre Seele verlieren.<\/p>\n<p data-path-to-node=\"47\">Wenn Sie jemals gesp\u00fcrt haben, wie Ihnen eine einzige Note \u00fcber den R\u00fccken l\u00e4uft, dann deshalb, weil Sie einer Kunst gegen\u00fcberstehen, die absolute Hingabe erfordert. Um die Magie zu verstehen, die heute in den Tablaos erlebt wird, <b data-path-to-node=\"47\" data-index-in-node=\"231\">ist es grundlegend, die Genies zu kennen, die sechs Saiten in eine universelle Sprache verwandelt haben.<\/b> Dies sind die Namen, die die Geschichte des Rhythmus f\u00fcr immer ver\u00e4ndert haben.<\/p>\n<h2 data-path-to-node=\"48\"><b data-path-to-node=\"48\" data-index-in-node=\"0\">Die 10 besten Flamenco-Gitarristen<\/b><\/h2>\n<p data-path-to-node=\"49\">Im Folgenden betrachten wir das Erbe der spanischen Flamenco-Gitarristen, die das Spiel auf ein fast unm\u00f6gliches Ma\u00df an Virtuosit\u00e4t gehoben und alle nachfolgenden Generationen gepr\u00e4gt haben.<\/p>\n<h3 data-path-to-node=\"50\"><b data-path-to-node=\"50\" data-index-in-node=\"0\">Paco de Luc\u00eda<\/b><\/h3>\n<p data-path-to-node=\"51\">Es gibt keine m\u00f6gliche Debatte: Er ist <b data-path-to-node=\"51\" data-index-in-node=\"39\">die gr\u00f6\u00dfte Figur aller Zeiten<\/b>. Paco war nicht nur ein unerreichbarer Virtuose, sondern <b data-path-to-node=\"51\" data-index-in-node=\"126\">der Revolution\u00e4r, der den Flamenco f\u00fcr neue Harmonien \u00f6ffnete und ihn in die besten Theater der Welt brachte<\/b>. Ohne seine Technik, seine Geschwindigkeit und seine musikalische Vision w\u00fcrde der moderne Flamenco schlichtweg nicht existieren.<\/p>\n<h3 data-path-to-node=\"52\"><b data-path-to-node=\"52\" data-index-in-node=\"0\">Tomatito<\/b><\/h3>\n<p data-path-to-node=\"53\">Er wuchs an der Seite des mythischen Camar\u00f3n de la Isla auf und diese Phase schmiedete seine Legende. Jos\u00e9 Fern\u00e1ndez Torres ist der H\u00fcter eines unverwechselbaren \u202fZigeuner-<i data-path-to-node=\"53\" data-index-in-node=\"172\">Soniquete<\/i>. <b data-path-to-node=\"53\" data-index-in-node=\"183\">Seine Art zu spielen ist schnell, perkussiv und flie\u00dft \u00fcber vor einem Geschmack, der sich direkt mit der wildesten Wurzel<\/b> des Genres verbindet.<\/p>\n<h3 data-path-to-node=\"54\"><b data-path-to-node=\"54\" data-index-in-node=\"0\">Manolo Sanl\u00facar<\/b><\/h3>\n<p data-path-to-node=\"55\">Er war der gro\u00dfe Intellektuelle der sechs Saiten. Sein Werk ist von einer \u00fcberw\u00e4ltigenden technischen und theoretischen Komplexit\u00e4t und suchte immer <b data-path-to-node=\"55\" data-index-in-node=\"149\">die W\u00fcrdigung der Flamenco-Gitarre als Instrument der Sinfonie- und Konzertmusik<\/b>. Seine Kompositionen sind authentische Klanggedichte.<\/p>\n<h3 data-path-to-node=\"56\"><b data-path-to-node=\"56\" data-index-in-node=\"0\">Vicente Amigo<\/b><\/h3>\n<p data-path-to-node=\"57\">Er ist der nat\u00fcrliche Erbe der Eleganz im Spiel. Seine Musik zeichnet sich durch eine Lyrik und eine Sch\u00f6nheit aus, die vom ersten Akkord an fesseln. Vicente <b data-path-to-node=\"57\" data-index-in-node=\"158\">hat der ganzen Welt gezeigt, dass Flamenco auch melodisch, subtil und zutiefst raffiniert sein kann<\/b>, ohne ein Gramm seiner urspr\u00fcnglichen Kraft zu verlieren.<\/p>\n<div id=\"attachment_158620\" style=\"width: 1034px\" class=\"wp-caption aligncenter\"><img loading=\"lazy\" decoding=\"async\" aria-describedby=\"caption-attachment-158620\" class=\"wp-image-158620 size-large\" src=\"https:\/\/cardamomo.ams3.digitaloceanspaces.com\/wp-content\/uploads\/2026\/03\/11102921\/vicente_amigo_2-1024x682.webp\" alt=\"Fotograf\u00eda del guitarrista flamenco Vicente Amigo tocando la guitarra en directo sobre el escenario. Aparece con los ojos cerrados y gesto de profunda concentraci\u00f3n, vistiendo una camisa negra sobre un fondo oscuro.\" width=\"1024\" height=\"682\" \/><p id=\"caption-attachment-158620\" class=\"wp-caption-text\">Vicente Amigo: Die Lyrik und Eleganz der Flamenco-Gitarre<\/p><\/div>\n<h3 data-path-to-node=\"28\"><b data-path-to-node=\"28\" data-index-in-node=\"0\">Sabicas<\/b><\/h3>\n<p data-path-to-node=\"29\"><b data-path-to-node=\"29\" data-index-in-node=\"0\">Der gro\u00dfe Meister der sauberen Technik.<\/b> Agust\u00edn Castell\u00f3n &#8222;Sabicas&#8220; war das Genie, das von seinem langen Exil in Amerika aus dem Planeten lehrte, wie eine perfekte Flamenco-Gitarre klingen muss. <b data-path-to-node=\"29\" data-index-in-node=\"195\">Seine F\u00e4higkeit, mit kristallklarer Klarheit in atemberaubenden Geschwindigkeiten zu spielen,<\/b> ist weiterhin Gegenstand von Studien f\u00fcr Experten.<\/p>\n<h3 data-path-to-node=\"30\"><b data-path-to-node=\"30\" data-index-in-node=\"0\">Pepe Habichuela<\/b><\/h3>\n<p data-path-to-node=\"31\">Er geh\u00f6rt zu einer der heiligsten Dynastien Granadas. Pepe <b data-path-to-node=\"31\" data-index-in-node=\"59\">ist die absolute Essenz der Gesangsbegleitung; niemand wie er wei\u00df den roten Teppich auszurollen, damit der S\u00e4nger gl\u00e4nzt<\/b>, und spielt immer mit einem Geschmack, einer Pause und einer Weisheit, die nur die Flamenco-Abstammung verleiht.<\/p>\n<h3 data-path-to-node=\"32\"><b data-path-to-node=\"32\" data-index-in-node=\"0\">Ni\u00f1o Ricardo<\/b><\/h3>\n<p data-path-to-node=\"33\">Er war <b data-path-to-node=\"33\" data-index-in-node=\"7\">die lebenswichtige Br\u00fccke zwischen dem alten Spiel und der modernen \u00c4ra.<\/b> Alle ber\u00fchmten Flamenco-Gitarristen, die danach kamen, einschlie\u00dflich Paco de Luc\u00eda selbst, tranken aus der Quelle seines \u201ericardianischen Spiels\u201c. Sein gr\u00f6\u00dftes Verm\u00e4chtnis ist <b data-path-to-node=\"33\" data-index-in-node=\"257\">eine Art, die Falseta voller Pers\u00f6nlichkeit, Flamencura und Gewicht zu verstehen.<\/b><\/p>\n<div id=\"attachment_158602\" style=\"width: 292px\" class=\"wp-caption aligncenter\"><img loading=\"lazy\" decoding=\"async\" aria-describedby=\"caption-attachment-158602\" class=\"wp-image-158602 size-medium\" src=\"https:\/\/cardamomo.ams3.digitaloceanspaces.com\/wp-content\/uploads\/2026\/03\/10113226\/nino-ricardo-282x300.jpeg\" alt=\"Retrato de estudio vintage en blanco y negro de un joven Ni\u00f1o Ricardo. Viste traje oscuro y corbata, sosteniendo su guitarra flamenca en posici\u00f3n de toque. Es la imagen ic\u00f3nica del maestro que revolucion\u00f3 el toque de acompa\u00f1amiento y solista.\" width=\"282\" height=\"300\" \/><p id=\"caption-attachment-158602\" class=\"wp-caption-text\">Ni\u00f1o Ricardo (Manuel Serrap\u00ed S\u00e1nchez)<\/p><\/div>\n<h3 data-path-to-node=\"37\"><b data-path-to-node=\"37\" data-index-in-node=\"0\">Mora\u00edto Chico<\/b><\/h3>\n<p data-path-to-node=\"38\">Von Jerez de la Frontera zu sprechen, bedeutet, von seiner Gitarre zu sprechen. Mora\u00edto besa\u00df <b data-path-to-node=\"38\" data-index-in-node=\"94\">eine angeborene Gabe f\u00fcr den Comp\u00e1s<\/b>, ein &#8222;Flair&#8220;, das man an keiner Akademie lernen kann. <b data-path-to-node=\"38\" data-index-in-node=\"184\">Sein Spiel war reines Fest, Freude und Zigeunergeist<\/b>, was ihn zum Traumbegleiter f\u00fcr jede Gesangsfigur machte.<\/p>\n<h3 data-path-to-node=\"39\"><b data-path-to-node=\"39\" data-index-in-node=\"0\">Gerardo N\u00fa\u00f1ez<\/b><\/h3>\n<p data-path-to-node=\"40\"><b data-path-to-node=\"40\" data-index-in-node=\"0\">Er repr\u00e4sentiert die \u00fcberw\u00e4ltigende Technik des 21. Jahrhunderts.<\/b> Er ist einer der komplettesten Sch\u00f6pfer der Gegenwart, f\u00e4hig, die Grenzen des Jazz oder der klassischen Musik zu \u00fcberschreiten, <b data-path-to-node=\"40\" data-index-in-node=\"194\">wobei er immer eine technische und rhythmische Kontrolle beh\u00e4lt, die an absolute Perfektion grenzt.<\/b><\/p>\n<h3 data-path-to-node=\"41\"><b data-path-to-node=\"41\" data-index-in-node=\"0\">Rafael Riqueni<\/b><\/h3>\n<p data-path-to-node=\"42\">Riqueni <b data-path-to-node=\"42\" data-index-in-node=\"8\">spielt nicht Gitarre, er bringt sie zum Weinen.<\/b> Seine Musik ist rein emotional, voller Sensibilit\u00e4t und Nuancen, die die melancholischsten Landschaften Sevillas hervorrufen. Er ist <b data-path-to-node=\"42\" data-index-in-node=\"189\">der lebende Beweis daf\u00fcr, dass Herz und Gef\u00fchl immer \u00fcber der reinen Technik stehen.<\/b><\/p>\n<h2 data-path-to-node=\"43\"><b data-path-to-node=\"43\" data-index-in-node=\"0\">Was einen gro\u00dfen Flamenco-Gitarristen einzigartig macht<\/b><\/h2>\n<p data-path-to-node=\"44\">Eine historische Referenz zu sein, ist nicht nur eine Frage davon, die Finger sehr schnell zu bewegen. Was diese zehn Meister vom Rest der <a class=\"ng-star-inserted\" href=\"https:\/\/www.google.com\/search?q=https:\/\/cardamomo.com\/de\/kuenstler\/&amp;authuser=2\" target=\"_blank\" rel=\"noopener\">Flamenco-K\u00fcnstler<\/a> unterscheidet, ist ihre F\u00e4higkeit, den &#8222;Duende&#8220; durch das Holz zu \u00fcbertragen.<\/p>\n<p data-path-to-node=\"45\">Ein gro\u00dfer Gitarrist muss den Comp\u00e1s (den inneren Rhythmus) absolut beherrschen, aber vor allem <b data-path-to-node=\"45\" data-index-in-node=\"96\">muss er die extreme Sensibilit\u00e4t besitzen, um zu wissen, wann er die Saite anschlagen und wann er die Stille sprechen lassen muss.<\/b> Im Flamenco ist auch die Stille Musik.<\/p>\n<h2 data-path-to-node=\"28\"><b data-path-to-node=\"28\" data-index-in-node=\"0\">Wer ist der beste Flamenco-Gitarrist aller Zeiten?<\/b><\/h2>\n<p data-path-to-node=\"29\">Dies ist die ewige Debatte in den Pe\u00f1as und Tablaos. Obwohl Kunst subjektiv ist, gibt es einen praktisch einstimmigen Konsens: <b data-path-to-node=\"29\" data-index-in-node=\"127\">Paco de Luc\u00eda<\/b> ist der beste Gitarrist der Geschichte. Seine Figur sticht nicht nur durch seine unerreichbare technische Virtuosit\u00e4t hervor, sondern auch dadurch, dass er der gro\u00dfe Architekt des modernen Flamenco war, der das Genre f\u00fcr Jazz, Bossa Nova und klassische Musik \u00f6ffnete, ohne jemals die Zigeunernessenz zu verlieren.<\/p>\n<p data-path-to-node=\"30\">Viele Fans weisen jedoch darauf hin, dass es einen Paco ohne die Klarheit von <b data-path-to-node=\"30\" data-index-in-node=\"78\">Sabicas<\/b> oder die Kraft von <b data-path-to-node=\"30\" data-index-in-node=\"105\">Ni\u00f1o Ricardo<\/b> nicht g\u00e4be. Andere verteidigen die Reinheit von <b data-path-to-node=\"30\" data-index-in-node=\"166\">Pepe Habichuela<\/b> in der Begleitung oder die lyrische Innovation von <b data-path-to-node=\"30\" data-index-in-node=\"233\">Vicente Amigo<\/b>. Letztendlich, wenn Paco de Luc\u00eda der &#8222;K\u00f6nig&#8220; f\u00fcr seine F\u00e4higkeit ist, alles zu revolutionieren, ist der Flamenco ein K\u00f6nigreich mit vielen unverzichtbaren Meistern, jeder Besitzer einer Nuance, die diese Kunst unendlich macht.<\/p>\n<h2 data-path-to-node=\"31\"><b data-path-to-node=\"31\" data-index-in-node=\"0\">Die Flamenco-Gitarre in einer Live-Show<\/b><\/h2>\n<p data-path-to-node=\"32\">\u00dcber die Genialit\u00e4t von Manolo Sanl\u00facar oder Tomatito zu lesen, ist faszinierend, aber die Flamenco-Gitarre wurde nicht erfunden, um gelesen zu werden. <b data-path-to-node=\"32\" data-index-in-node=\"152\">Sie bekommt erst ihre wahre Bedeutung, wenn man sie aus zwei Metern Entfernung h\u00f6rt. In einem echten Tablao erzeugen der trockene Klang des Holzes und die Spannung der Saiten eine physische Vibration, die selbst auf den besten Schallplatten nicht reproduziert werden kann.<\/b><\/p>\n<p data-path-to-node=\"33\">Wenn Sie die von diesen Meistern des Spiels geerbte Kraft sp\u00fcren m\u00f6chten, laden wir Sie ein, unsere <a class=\"ng-star-inserted\" href=\"https:\/\/cardamomo.com\/de\/flamenco-show-in-madrid\/\" target=\"_blank\" rel=\"noopener\">Flamenco-Show in Madrid<\/a> zu erleben, bei der der Klang der Gitarre der Motor einer unvergesslichen Nacht ist. Bei Cardamomo w\u00e4hlen wir K\u00fcnstler aus, die ihre Seele hingeben, um dieses Erbe in jeder Note am Leben zu erhalten.<\/p>\n<p><\/p>","protected":false},"excerpt":{"rendered":"Die Flamenco-Gitarre ist kein einfaches Begleitinstrument. Sie ist der Puls, der Herzschlag und der Atem, der alles tr\u00e4gt, was auf einer B\u00fchne geschieht. Ohne das Spiel w\u00fcrden der Gesang und der Tanz ihre F\u00fchrung und ihre Seele verlieren. Wenn Sie jemals gesp\u00fcrt haben, wie Ihnen eine einzige Note \u00fcber den R\u00fccken l\u00e4uft, dann deshalb, weil&#8230;","protected":false},"author":7,"featured_media":158604,"comment_status":"closed","ping_status":"closed","sticky":false,"template":"","format":"standard","meta":{"_acf_changed":false,"inline_featured_image":false,"footnotes":""},"categories":[6],"tags":[],"class_list":["post-158600","post","type-post","status-publish","format-standard","has-post-thumbnail","hentry","category-artistas-cardamomo"],"acf":[],"yoast_head":"<!-- This site is optimized with the Yoast SEO plugin v27.4 - https:\/\/yoast.com\/product\/yoast-seo-wordpress\/ -->\n<title>Die 10 besten Flamenco-Gitarristen der Geschichte<\/title>\n<meta name=\"description\" content=\"Erfahren Sie, wer die besten Flamenco-Gitarristen der Geschichte sind und was sie zu ewigen Vorbildern der Flamenco-Kunst gemacht hat.\" \/>\n<meta name=\"robots\" content=\"index, follow, max-snippet:-1, max-image-preview:large, max-video-preview:-1\" \/>\n<link rel=\"canonical\" href=\"\/\" \/>\n<meta property=\"og:locale\" content=\"de_DE\" \/>\n<meta property=\"og:type\" content=\"article\" \/>\n<meta property=\"og:title\" content=\"Die 10 besten Flamenco-Gitarristen der Geschichte\" \/>\n<meta property=\"og:description\" content=\"Erfahren Sie, wer die besten Flamenco-Gitarristen der Geschichte sind und was sie zu ewigen Vorbildern der Flamenco-Kunst gemacht hat.\" \/>\n<meta property=\"og:url\" content=\"https:\/\/cardamomo.com\/de\/mejores-guitarristas-flamencos\/\" \/>\n<meta property=\"og:site_name\" content=\"Cardamomo Flamenco Madrid\" \/>\n<meta property=\"article:published_time\" content=\"2026-03-10T11:51:30+00:00\" \/>\n<meta property=\"article:modified_time\" content=\"2026-03-11T09:39:01+00:00\" \/>\n<meta property=\"og:image\" content=\"https:\/\/cardamomo.ams3.digitaloceanspaces.com\/wp-content\/uploads\/2026\/03\/10121421\/photo-2026-03-10-12-05-50.jpg\" \/>\n\t<meta property=\"og:image:width\" content=\"1280\" \/>\n\t<meta property=\"og:image:height\" content=\"853\" \/>\n\t<meta property=\"og:image:type\" content=\"image\/jpeg\" \/>\n<meta name=\"author\" content=\"Miguel Blanco\" \/>\n<meta name=\"twitter:card\" content=\"summary_large_image\" \/>\n<meta name=\"twitter:label1\" content=\"Verfasst von\" \/>\n\t<meta name=\"twitter:data1\" content=\"Miguel Blanco\" \/>\n\t<meta name=\"twitter:label2\" content=\"Gesch\u00e4tzte Lesezeit\" \/>\n\t<meta name=\"twitter:data2\" content=\"1\u00a0Minute\" \/>\n<script type=\"application\/ld+json\" class=\"yoast-schema-graph\">{\"@context\":\"https:\\\/\\\/schema.org\",\"@graph\":[{\"@type\":\"Article\",\"@id\":\"https:\\\/\\\/cardamomo.com\\\/es\\\/mejores-guitarristas-flamencos\\\/#article\",\"isPartOf\":{\"@id\":\"https:\\\/\\\/cardamomo.com\\\/es\\\/mejores-guitarristas-flamencos\\\/\"},\"author\":{\"name\":\"Miguel Blanco\",\"@id\":\"https:\\\/\\\/cardamomo.com\\\/es\\\/#\\\/schema\\\/person\\\/e0d7e554980e9e4c3891b69734cf9df9\"},\"headline\":\"Die 10 besten Flamenco-Gitarristen der Geschichte\",\"datePublished\":\"2026-03-10T11:51:30+00:00\",\"dateModified\":\"2026-03-11T09:39:01+00:00\",\"mainEntityOfPage\":{\"@id\":\"https:\\\/\\\/cardamomo.com\\\/es\\\/mejores-guitarristas-flamencos\\\/\"},\"wordCount\":11939,\"image\":{\"@id\":\"https:\\\/\\\/cardamomo.com\\\/es\\\/mejores-guitarristas-flamencos\\\/#primaryimage\"},\"thumbnailUrl\":\"https:\\\/\\\/cardamomo.ams3.digitaloceanspaces.com\\\/wp-content\\\/uploads\\\/2026\\\/03\\\/10121421\\\/photo-2026-03-10-12-05-50.jpg\",\"articleSection\":[\"Artistas Cardamomo\"],\"inLanguage\":\"de\"},{\"@type\":\"WebPage\",\"@id\":\"https:\\\/\\\/cardamomo.com\\\/de\\\/mejores-guitarristas-flamencos\\\/\",\"url\":\"https:\\\/\\\/cardamomo.com\\\/de\\\/mejores-guitarristas-flamencos\\\/\",\"name\":\"Die 10 besten Flamenco-Gitarristen der Geschichte\",\"isPartOf\":{\"@id\":\"https:\\\/\\\/cardamomo.com\\\/de\\\/#website\"},\"primaryImageOfPage\":{\"@id\":\"https:\\\/\\\/cardamomo.com\\\/de\\\/mejores-guitarristas-flamencos\\\/#primaryimage\"},\"image\":{\"@id\":\"https:\\\/\\\/cardamomo.com\\\/es\\\/mejores-guitarristas-flamencos\\\/#primaryimage\"},\"thumbnailUrl\":\"https:\\\/\\\/cardamomo.ams3.digitaloceanspaces.com\\\/wp-content\\\/uploads\\\/2026\\\/03\\\/10121421\\\/photo-2026-03-10-12-05-50.jpg\",\"datePublished\":\"2026-03-10T11:51:30+00:00\",\"dateModified\":\"2026-03-11T09:39:01+00:00\",\"author\":{\"@id\":\"https:\\\/\\\/cardamomo.com\\\/es\\\/#\\\/schema\\\/person\\\/e0d7e554980e9e4c3891b69734cf9df9\"},\"description\":\"Erfahren Sie, wer die besten Flamenco-Gitarristen der Geschichte sind und was sie zu ewigen Vorbildern der Flamenco-Kunst gemacht hat.\",\"breadcrumb\":{\"@id\":\"https:\\\/\\\/cardamomo.com\\\/de\\\/mejores-guitarristas-flamencos\\\/#breadcrumb\"},\"inLanguage\":\"de\",\"potentialAction\":[{\"@type\":\"ReadAction\",\"target\":[[\"https:\\\/\\\/cardamomo.com\\\/de\\\/mejores-guitarristas-flamencos\\\/\"]]}]},{\"@type\":\"ImageObject\",\"inLanguage\":\"de\",\"@id\":\"https:\\\/\\\/cardamomo.com\\\/de\\\/mejores-guitarristas-flamencos\\\/#primaryimage\",\"url\":\"https:\\\/\\\/cardamomo.ams3.digitaloceanspaces.com\\\/wp-content\\\/uploads\\\/2026\\\/03\\\/10121421\\\/photo-2026-03-10-12-05-50.jpg\",\"contentUrl\":\"https:\\\/\\\/cardamomo.ams3.digitaloceanspaces.com\\\/wp-content\\\/uploads\\\/2026\\\/03\\\/10121421\\\/photo-2026-03-10-12-05-50.jpg\",\"width\":1280,\"height\":853,\"caption\":\"Fotograf\u00eda de Paco de Luc\u00eda tocando la guitarra flamenca. Se muestra concentrado, con los ojos cerrados y el rostro inclinado hacia las cuerdas, transmitiendo la intensidad y el sentimiento de su toque.\"},{\"@type\":\"BreadcrumbList\",\"@id\":\"https:\\\/\\\/cardamomo.com\\\/de\\\/mejores-guitarristas-flamencos\\\/#breadcrumb\",\"itemListElement\":[{\"@type\":\"ListItem\",\"position\":1,\"name\":\"Cardamomo\",\"item\":\"https:\\\/\\\/cardamomo.com\\\/de\\\/\"},{\"@type\":\"ListItem\",\"position\":2,\"name\":\"Beste Flamenco-Gitarristen\"}]},{\"@type\":\"WebSite\",\"@id\":\"https:\\\/\\\/cardamomo.com\\\/de\\\/#website\",\"url\":\"https:\\\/\\\/cardamomo.com\\\/de\\\/\",\"name\":\"Cardamomo Flamenco Madrid\",\"description\":\"\",\"potentialAction\":[{\"@type\":\"SearchAction\",\"target\":{\"@type\":\"EntryPoint\",\"urlTemplate\":\"https:\\\/\\\/cardamomo.com\\\/de\\\/?s={search_term_string}\"},\"query-input\":{\"@type\":\"PropertyValueSpecification\",\"valueRequired\":true,\"valueName\":\"search_term_string\"}}],\"inLanguage\":\"de\"},{\"@type\":\"Person\",\"@id\":\"https:\\\/\\\/cardamomo.com\\\/es\\\/#\\\/schema\\\/person\\\/e0d7e554980e9e4c3891b69734cf9df9\",\"name\":\"Miguel Blanco\",\"image\":{\"@type\":\"ImageObject\",\"inLanguage\":\"de\",\"@id\":\"https:\\\/\\\/secure.gravatar.com\\\/avatar\\\/3a4fd323466f9b49f157b5319a986d31f99b5aaa4c36c56dc42e1153ae2c11da?s=96&d=mm&r=g\",\"url\":\"https:\\\/\\\/secure.gravatar.com\\\/avatar\\\/3a4fd323466f9b49f157b5319a986d31f99b5aaa4c36c56dc42e1153ae2c11da?s=96&d=mm&r=g\",\"contentUrl\":\"https:\\\/\\\/secure.gravatar.com\\\/avatar\\\/3a4fd323466f9b49f157b5319a986d31f99b5aaa4c36c56dc42e1153ae2c11da?s=96&d=mm&r=g\",\"caption\":\"Miguel Blanco\"},\"url\":\"https:\\\/\\\/cardamomo.com\\\/de\\\/author\\\/miguel\\\/\"}]}<\/script>\n<!-- \/ Yoast SEO plugin. -->","yoast_head_json":{"title":"Die 10 besten Flamenco-Gitarristen der Geschichte","description":"Erfahren Sie, wer die besten Flamenco-Gitarristen der Geschichte sind und was sie zu ewigen Vorbildern der Flamenco-Kunst gemacht hat.","robots":{"index":"index","follow":"follow","max-snippet":"max-snippet:-1","max-image-preview":"max-image-preview:large","max-video-preview":"max-video-preview:-1"},"canonical":"\/","og_locale":"de_DE","og_type":"article","og_title":"Die 10 besten Flamenco-Gitarristen der Geschichte","og_description":"Erfahren Sie, wer die besten Flamenco-Gitarristen der Geschichte sind und was sie zu ewigen Vorbildern der Flamenco-Kunst gemacht hat.","og_url":"https:\/\/cardamomo.com\/de\/mejores-guitarristas-flamencos\/","og_site_name":"Cardamomo Flamenco Madrid","article_published_time":"2026-03-10T11:51:30+00:00","article_modified_time":"2026-03-11T09:39:01+00:00","og_image":[{"width":1280,"height":853,"url":"https:\/\/cardamomo.ams3.digitaloceanspaces.com\/wp-content\/uploads\/2026\/03\/10121421\/photo-2026-03-10-12-05-50.jpg","type":"image\/jpeg"}],"author":"Miguel Blanco","twitter_card":"summary_large_image","twitter_misc":{"Verfasst von":"Miguel Blanco","Gesch\u00e4tzte Lesezeit":"1\u00a0Minute"},"schema":{"@context":"https:\/\/schema.org","@graph":[{"@type":"Article","@id":"https:\/\/cardamomo.com\/es\/mejores-guitarristas-flamencos\/#article","isPartOf":{"@id":"https:\/\/cardamomo.com\/es\/mejores-guitarristas-flamencos\/"},"author":{"name":"Miguel Blanco","@id":"https:\/\/cardamomo.com\/es\/#\/schema\/person\/e0d7e554980e9e4c3891b69734cf9df9"},"headline":"Die 10 besten Flamenco-Gitarristen der Geschichte","datePublished":"2026-03-10T11:51:30+00:00","dateModified":"2026-03-11T09:39:01+00:00","mainEntityOfPage":{"@id":"https:\/\/cardamomo.com\/es\/mejores-guitarristas-flamencos\/"},"wordCount":11939,"image":{"@id":"https:\/\/cardamomo.com\/es\/mejores-guitarristas-flamencos\/#primaryimage"},"thumbnailUrl":"https:\/\/cardamomo.ams3.digitaloceanspaces.com\/wp-content\/uploads\/2026\/03\/10121421\/photo-2026-03-10-12-05-50.jpg","articleSection":["Artistas Cardamomo"],"inLanguage":"de"},{"@type":"WebPage","@id":"https:\/\/cardamomo.com\/de\/mejores-guitarristas-flamencos\/","url":"https:\/\/cardamomo.com\/de\/mejores-guitarristas-flamencos\/","name":"Die 10 besten Flamenco-Gitarristen der Geschichte","isPartOf":{"@id":"https:\/\/cardamomo.com\/de\/#website"},"primaryImageOfPage":{"@id":"https:\/\/cardamomo.com\/de\/mejores-guitarristas-flamencos\/#primaryimage"},"image":{"@id":"https:\/\/cardamomo.com\/es\/mejores-guitarristas-flamencos\/#primaryimage"},"thumbnailUrl":"https:\/\/cardamomo.ams3.digitaloceanspaces.com\/wp-content\/uploads\/2026\/03\/10121421\/photo-2026-03-10-12-05-50.jpg","datePublished":"2026-03-10T11:51:30+00:00","dateModified":"2026-03-11T09:39:01+00:00","author":{"@id":"https:\/\/cardamomo.com\/es\/#\/schema\/person\/e0d7e554980e9e4c3891b69734cf9df9"},"description":"Erfahren Sie, wer die besten Flamenco-Gitarristen der Geschichte sind und was sie zu ewigen Vorbildern der Flamenco-Kunst gemacht hat.","breadcrumb":{"@id":"https:\/\/cardamomo.com\/de\/mejores-guitarristas-flamencos\/#breadcrumb"},"inLanguage":"de","potentialAction":[{"@type":"ReadAction","target":[["https:\/\/cardamomo.com\/de\/mejores-guitarristas-flamencos\/"]]}]},{"@type":"ImageObject","inLanguage":"de","@id":"https:\/\/cardamomo.com\/de\/mejores-guitarristas-flamencos\/#primaryimage","url":"https:\/\/cardamomo.ams3.digitaloceanspaces.com\/wp-content\/uploads\/2026\/03\/10121421\/photo-2026-03-10-12-05-50.jpg","contentUrl":"https:\/\/cardamomo.ams3.digitaloceanspaces.com\/wp-content\/uploads\/2026\/03\/10121421\/photo-2026-03-10-12-05-50.jpg","width":1280,"height":853,"caption":"Fotograf\u00eda de Paco de Luc\u00eda tocando la guitarra flamenca. Se muestra concentrado, con los ojos cerrados y el rostro inclinado hacia las cuerdas, transmitiendo la intensidad y el sentimiento de su toque."},{"@type":"BreadcrumbList","@id":"https:\/\/cardamomo.com\/de\/mejores-guitarristas-flamencos\/#breadcrumb","itemListElement":[{"@type":"ListItem","position":1,"name":"Cardamomo","item":"https:\/\/cardamomo.com\/de\/"},{"@type":"ListItem","position":2,"name":"Beste Flamenco-Gitarristen"}]},{"@type":"WebSite","@id":"https:\/\/cardamomo.com\/de\/#website","url":"https:\/\/cardamomo.com\/de\/","name":"Cardamomo Flamenco Madrid","description":"","potentialAction":[{"@type":"SearchAction","target":{"@type":"EntryPoint","urlTemplate":"https:\/\/cardamomo.com\/de\/?s={search_term_string}"},"query-input":{"@type":"PropertyValueSpecification","valueRequired":true,"valueName":"search_term_string"}}],"inLanguage":"de"},{"@type":"Person","@id":"https:\/\/cardamomo.com\/es\/#\/schema\/person\/e0d7e554980e9e4c3891b69734cf9df9","name":"Miguel Blanco","image":{"@type":"ImageObject","inLanguage":"de","@id":"https:\/\/secure.gravatar.com\/avatar\/3a4fd323466f9b49f157b5319a986d31f99b5aaa4c36c56dc42e1153ae2c11da?s=96&d=mm&r=g","url":"https:\/\/secure.gravatar.com\/avatar\/3a4fd323466f9b49f157b5319a986d31f99b5aaa4c36c56dc42e1153ae2c11da?s=96&d=mm&r=g","contentUrl":"https:\/\/secure.gravatar.com\/avatar\/3a4fd323466f9b49f157b5319a986d31f99b5aaa4c36c56dc42e1153ae2c11da?s=96&d=mm&r=g","caption":"Miguel Blanco"},"url":"https:\/\/cardamomo.com\/de\/author\/miguel\/"}]}},"_links":{"self":[{"href":"https:\/\/cardamomo.com\/de\/wp-json\/wp\/v2\/posts\/158600","targetHints":{"allow":["GET"]}}],"collection":[{"href":"https:\/\/cardamomo.com\/de\/wp-json\/wp\/v2\/posts"}],"about":[{"href":"https:\/\/cardamomo.com\/de\/wp-json\/wp\/v2\/types\/post"}],"author":[{"embeddable":true,"href":"https:\/\/cardamomo.com\/de\/wp-json\/wp\/v2\/users\/7"}],"replies":[{"embeddable":true,"href":"https:\/\/cardamomo.com\/de\/wp-json\/wp\/v2\/comments?post=158600"}],"version-history":[{"count":7,"href":"https:\/\/cardamomo.com\/de\/wp-json\/wp\/v2\/posts\/158600\/revisions"}],"predecessor-version":[{"id":158621,"href":"https:\/\/cardamomo.com\/de\/wp-json\/wp\/v2\/posts\/158600\/revisions\/158621"}],"wp:featuredmedia":[{"embeddable":true,"href":"https:\/\/cardamomo.com\/de\/wp-json\/wp\/v2\/media\/158604"}],"wp:attachment":[{"href":"https:\/\/cardamomo.com\/de\/wp-json\/wp\/v2\/media?parent=158600"}],"wp:term":[{"taxonomy":"category","embeddable":true,"href":"https:\/\/cardamomo.com\/de\/wp-json\/wp\/v2\/categories?post=158600"},{"taxonomy":"post_tag","embeddable":true,"href":"https:\/\/cardamomo.com\/de\/wp-json\/wp\/v2\/tags?post=158600"}],"curies":[{"name":"wp","href":"https:\/\/api.w.org\/{rel}","templated":true}]}}